{"id":14856,"date":"2016-03-26T13:26:06","date_gmt":"2016-03-26T12:26:06","guid":{"rendered":"http:\/\/www.life-magazine.be\/fr\/?p=14856"},"modified":"2018-03-07T15:40:04","modified_gmt":"2018-03-07T14:40:04","slug":"le-koru-hotel-vient-douvrir-en-brabant-wallon","status":"publish","type":"post","link":"https:\/\/www.fiftyandmemagazine.be\/fr\/evasion\/pres-de-chez-nous\/le-koru-hotel-vient-douvrir-en-brabant-wallon","title":{"rendered":"Le Koru H\u00f4tel vient d\u2019ouvrir en Brabant Wallon"},"content":{"rendered":"<span class=\"span-reading-time rt-reading-time\" style=\"display: block;\"><span class=\"rt-label rt-prefix\">Reading Time: <\/span> <span class=\"rt-time\"> 4<\/span> <span class=\"rt-label rt-postfix\">minutes<\/span><\/span><p style=\"text-align: justify;\"><strong><span style=\"color: #ff6600;\">D<\/span>estination singuli\u00e8re \u00e0 deux pas de chez nous, c\u2019est \u00e0 l\u2019H\u00f4tel Koru que l\u2019on s\u2019\u00e9vadera assur\u00e9ment ce printemps. Une bonne adresse aux aspects aussi singuliers qu\u2019enchanteurs pour surprendre l\u2019\u00e9lu(e) de son c\u0153ur.<\/strong><\/p>\n<p style=\"text-align: right;\"><em>Par Jo\u00eblle Rochette<\/em><\/p>\n<p style=\"text-align: center;\"><img loading=\"lazy\" decoding=\"async\" class=\"alignnone  wp-image-14955\" src=\"http:\/\/www.life-magazine.be\/fr\/wp-content\/uploads\/2016\/03\/koru-resto.jpg\" alt=\"koru resto life-magazine\" width=\"398\" height=\"295\" srcset=\"https:\/\/www.fiftyandmemagazine.be\/fr\/wp-content\/uploads\/2016\/03\/koru-resto.jpg 703w, https:\/\/www.fiftyandmemagazine.be\/fr\/wp-content\/uploads\/2016\/03\/koru-resto-315x233.jpg 315w\" sizes=\"auto, (max-width: 398px) 100vw, 398px\" \/><\/p>\n<p style=\"text-align: justify;\">Petit h\u00f4tel, joli spa, immense jardin et belle cuisine du chef Pascal Marcin, voici les attraits majeurs du nouvel H\u00f4tel Koru qui vient d\u2019ouvrir ses portes dans le Brabant Wallon, \u00e0 la lisi\u00e8re de la Province de Namur.\u00a0Bas\u00e9 sur l\u2019id\u00e9e originale d\u2019un couple d\u2019h\u00f4teliers voyageurs, r\u00f4d\u00e9, comme le chef lui-m\u00eame, aux techniques h\u00f4teli\u00e8res et spa du Dolce La Hulpe, le Koru H\u00f4tel est une originale et singuli\u00e8re destination de proximit\u00e9&#8230; Son superbe jardin \u00e9voque les voyages au loin des propri\u00e9taires, entre rivi\u00e8re s\u00e8che d\u2019Australie et jardin asiatique. D\u00e9j\u00e0 h\u00e2te de s\u2019y attabler pour d\u00e9couvrir le menu printanier de Pascal Marcin ? De se poser le temps d\u2019un massage salvateur au spa ? Ou de s\u2019y reposer dans l\u2019une des 7 chambres th\u00e9matiques aussi spacieuses que confortables&#8230; La d\u00e9coration et l\u2019am\u00e9nagement int\u00e9rieurs sont sobres mais accueillants, \u00e9pur\u00e9s mais confortables. L\u2019accueil y est assur\u00e9 par la conceptrice des lieux, Bernadette Van Hempel et la cuisine comme le spa y sont g\u00e9r\u00e9s de main de ma\u00eetre par de vrais professionnels de l\u2019h\u00f4tellerie wellness. Comme une impression de s\u2019\u00e9vader bien plus loin qu\u2019\u00e0 quelques kilom\u00e8tres de la Capitale de notre petit pays&#8230;<\/p>\n<h1 style=\"text-align: justify;\"><span style=\"color: #ff6600;\">A la table de Pascal Marcin<\/span><\/h1>\n<p style=\"text-align: center;\"><img loading=\"lazy\" decoding=\"async\" class=\"alignnone  wp-image-14906\" src=\"http:\/\/www.life-magazine.be\/fr\/wp-content\/uploads\/2016\/03\/6ef17900a7b5dca3077beb5795e60a17.jpg\" alt=\"life-magazine\" width=\"361\" height=\"319\" srcset=\"https:\/\/www.fiftyandmemagazine.be\/fr\/wp-content\/uploads\/2016\/03\/6ef17900a7b5dca3077beb5795e60a17.jpg 564w, https:\/\/www.fiftyandmemagazine.be\/fr\/wp-content\/uploads\/2016\/03\/6ef17900a7b5dca3077beb5795e60a17-315x278.jpg 315w\" sizes=\"auto, (max-width: 361px) 100vw, 361px\" \/><\/p>\n<p style=\"text-align: justify;\">Premi\u00e8re attraction du lieu \u00e0 nos yeux d\u2019\u00e9picuriens avertis, la d\u00e9licieuse cuisine de ce chef Ma\u00eetre Cuisinier de Belgique et membre de la Cha\u00eene des R\u00f4tisseurs qu\u2019est Pascal Marcin. Comme au Restaurant Argan et \u00e0 la Brasserie 135 du Dolce La Hulpe, ce talentueux chef pass\u00e9 par chez Dominique Michou (Alban Chambord-H\u00f4tel M\u00e9tropole), Yves Mattagne (Sea Grill), Alain Ducasse (H\u00f4tel de Paris-Monaco), le Cercle de Wallonie (Namur) ou le Cercle de Lorraine (Bruxelles), nous donne \u00e0 d\u00e9guster une cuisine \u00e0 la fois de saison, comme on peut s\u2019y attendre, mais aussi de proximit\u00e9 et de justes saveurs \u00e9quitables. Des produits de qualit\u00e9 sont ainsi \u00e0 la \u00ab Une \u00bb de sa cuisine comme des poissons de la p\u00eache durable ou les fruits et l\u00e9gumes provenant de la ferme voisine. Une ferme dont l\u2019adresse est vite donn\u00e9e aux clients qui peuvent \u00e0 leur tour aller se fournir en fruits du verger, l\u00e9gumes du potager et autres ingr\u00e9dients de saison.<\/p>\n<p style=\"text-align: justify;\"><img loading=\"lazy\" decoding=\"async\" class=\"  wp-image-14909 aligncenter\" src=\"http:\/\/www.life-magazine.be\/fr\/wp-content\/uploads\/2016\/03\/669c59f5295d4fa18509337f62180c4c.jpg\" alt=\"life-magazine\" width=\"395\" height=\"263\" srcset=\"https:\/\/www.fiftyandmemagazine.be\/fr\/wp-content\/uploads\/2016\/03\/669c59f5295d4fa18509337f62180c4c.jpg 564w, https:\/\/www.fiftyandmemagazine.be\/fr\/wp-content\/uploads\/2016\/03\/669c59f5295d4fa18509337f62180c4c-315x210.jpg 315w, https:\/\/www.fiftyandmemagazine.be\/fr\/wp-content\/uploads\/2016\/03\/669c59f5295d4fa18509337f62180c4c-450x300.jpg 450w\" sizes=\"auto, (max-width: 395px) 100vw, 395px\" \/><\/p>\n<p style=\"text-align: justify;\">D\u2019ici peu, un jardin d\u2019herbes et d\u2019aromates verra le jour \u00e0 deux pas de la cuisine de Pascal. Et bient\u00f4t le projet d\u2019avoir quelques poulets ou encore de cr\u00e9er un potager avec courgettes, choux, potiron, poireaux, bette, choux de Bruxelles, taraude d\u00e9j\u00e0 le chef&#8230; En attendant, cap est mis sur la qualit\u00e9 des produits int\u00e9grant sa cuisine. Ils d\u00e9clinent en deux plats v\u00e9g\u00e9tariens \u00e0 la carte appel\u00e9s \u00ab\u00a0Le Potager\u00a0\u00bb, sur les aromates ou les fleurs comestibles et sur diff\u00e9rents produits de proximit\u00e9 parfaitement \u00e9quilibr\u00e9s. Quant au d\u00e9licieux menu propos\u00e9 du soir (de notre venue), il \u00e9tait compos\u00e9, en mise en bouche: d\u2019un kroepoek noir avec crevettes grises et fris\u00e9e et d\u2019une petite soupe de fl\u00e9tan fum\u00e9, moule et chorizo. En entr\u00e9e : d\u00e9clinaison de betterave rouge, king crabe, choux de Bruxelles et mousse meuni\u00e8re, \u0153uf et lentilles. En plat, choux fleur romanesco, panais r\u00f4ti, potimarron grill\u00e9, chou rave, mini p\u00e2tisson, fondue de poireau, pur\u00e9e de panais et le c\u00e9l\u00e8bre Coq des Pr\u00e9s wallon. En\u00a0dessert : panacota \u00e0 la f\u00eave tonka, salade de fruits exotiques, meringue au caf\u00e9 et croustillant caram\u00e9lis\u00e9 au d\u00e9licieux et singulier chocolat blond, le Dulcey de Valrhona. Les vins sont en parfaite ad\u00e9quation et le rapport qualit\u00e9-prix-plaisir pour un plat du jour ou un menu (3 \u00e0 5 services ou wellness) est, lui aussi, au rendez-vous.<\/p>\n<h1 style=\"text-align: justify;\"><span style=\"color: #ff6600;\">L\u2019actu de Pascal Marcin<\/span><\/h1>\n<p style=\"text-align: center;\"><img loading=\"lazy\" decoding=\"async\" class=\"alignnone  wp-image-14907\" src=\"http:\/\/www.life-magazine.be\/fr\/wp-content\/uploads\/2016\/03\/e7b62af8c0efa89d975907ff4f08a935.jpg\" alt=\"life-magazine\" width=\"338\" height=\"254\" srcset=\"https:\/\/www.fiftyandmemagazine.be\/fr\/wp-content\/uploads\/2016\/03\/e7b62af8c0efa89d975907ff4f08a935.jpg 564w, https:\/\/www.fiftyandmemagazine.be\/fr\/wp-content\/uploads\/2016\/03\/e7b62af8c0efa89d975907ff4f08a935-315x236.jpg 315w\" sizes=\"auto, (max-width: 338px) 100vw, 338px\" \/><\/p>\n<p style=\"text-align: justify;\">Parall\u00e8lement \u00e0 son travail de chef au Koru H\u00f4tel, Pascal donne aussi des cours de cuisine. Il est aussi l\u2019organisateur-concepteur, avec son \u00e9pouse, du Concours pour enfants de 10 \u00e0 12 ans : \u00ab Les Petits Chefs en Herbe \u00bb. La prochaine \u00e9dition aura lieu le 16 avril au Domaine d\u2019Ach\u00eane (Ciney) et aura pour th\u00e8me les l\u00e9gumes et la p\u00eache durable ! Frank Fol, le Chef des L\u00e9gumes\u00a9 en sera le Pr\u00e9sident.<\/p>\n<h1 style=\"text-align: justify;\"><span style=\"color: #ff6600;\">Un spa, un jardin, des balades et des pique-niques<\/span><\/h1>\n<p><img loading=\"lazy\" decoding=\"async\" class=\"  wp-image-14908 aligncenter\" src=\"http:\/\/www.life-magazine.be\/fr\/wp-content\/uploads\/2016\/03\/a99387dec7ed1eaa5654ec477f005f95.jpg\" alt=\"life-magazine\" width=\"365\" height=\"243\" srcset=\"https:\/\/www.fiftyandmemagazine.be\/fr\/wp-content\/uploads\/2016\/03\/a99387dec7ed1eaa5654ec477f005f95.jpg 564w, https:\/\/www.fiftyandmemagazine.be\/fr\/wp-content\/uploads\/2016\/03\/a99387dec7ed1eaa5654ec477f005f95-315x210.jpg 315w, https:\/\/www.fiftyandmemagazine.be\/fr\/wp-content\/uploads\/2016\/03\/a99387dec7ed1eaa5654ec477f005f95-450x300.jpg 450w\" sizes=\"auto, (max-width: 365px) 100vw, 365px\" \/><\/p>\n<p style=\"text-align: justify;\">A c\u00f4t\u00e9 de la table cr\u00e9ative des lieux, des paniers de pique-nique sont disponibles pour partir en balade \u00e0 pied ou \u00e0 v\u00e9lo sur le chemin du Ravel voisin ; un menu au restaurant ou des tapas wellness au spa ; un d\u00e9jeuner sur la grande terrasse ou encore un BBQ d\u00e8s l\u2019\u00e9t\u00e9 sont aussi au programme pour tous les gourmets de passage ou pour tous ceux qui r\u00eavent de venir se poser ici quelques temps.<\/p>\n<p style=\"text-align: center;\"><strong>Koru H\u00f4tel <\/strong><br \/>\n<strong>Rue du Piroy, 67 \u2013 1367 Autre Eglise<\/strong><br \/>\n<strong>T +32 (0)81 36 03 00<\/strong><br \/>\n<strong><a href=\"http:\/\/www.koru-hotel.be\/\" target=\"_blank\">www.koru-hotel.be<\/a><\/strong><br \/>\n<strong><a href=\"http:\/\/www.pascalmarcin.be\/fr\/\" target=\"_blank\">www.pascalmarcin.be<\/a><\/strong><\/p>\n<hr \/>\n<p style=\"text-align: center;\"><strong><a href=\"http:\/\/www.joellerochette.com\/\" target=\"_blank\">www.joellerochette.com<\/a><\/strong><\/p>\n","protected":false},"excerpt":{"rendered":"<p><span class=\"span-reading-time rt-reading-time\" style=\"display: block;\"><span class=\"rt-label rt-prefix\">Reading Time: <\/span> <span class=\"rt-time\"> 4<\/span> <span class=\"rt-label rt-postfix\">minutes<\/span><\/span>Comme une impression d&rsquo;\u00e9vasion \u00e0 deux pas de chez nous ! Ce printemps, c\u2019est au Koru H\u00f4tel que nous r\u00e9jouirons nos sens en tous sens. <\/p>\n","protected":false},"author":2,"featured_media":14951,"comment_status":"open","ping_status":"closed","sticky":false,"template":"","format":"standard","meta":{"_lmt_disableupdate":"","_lmt_disable":"","footnotes":""},"categories":[1125],"tags":[790,793,766],"class_list":["post-14856","post","type-post","status-publish","format-standard","has-post-thumbnail","hentry","category-pres-de-chez-nous","tag-gastronomie-vin","tag-joelle-rochette","tag-nouveautes"],"yoast_head":"<!-- This site is optimized with the Yoast SEO plugin v26.3 - https:\/\/yoast.com\/wordpress\/plugins\/seo\/ -->\n<title>Le Koru H\u00f4tel vient d\u2019ouvrir en Brabant Wallon - Fifty &amp; Me MAGAZINE<\/title>\n<meta name=\"robots\" content=\"index, follow, max-snippet:-1, max-image-preview:large, max-video-preview:-1\" \/>\n<link rel=\"canonical\" href=\"https:\/\/www.fiftyandmemagazine.be\/fr\/evasion\/pres-de-chez-nous\/le-koru-hotel-vient-douvrir-en-brabant-wallon\" \/>\n<meta property=\"og:locale\" content=\"fr_FR\" \/>\n<meta property=\"og:type\" content=\"article\" \/>\n<meta property=\"og:title\" content=\"Le Koru H\u00f4tel vient d\u2019ouvrir en Brabant Wallon - Fifty &amp; Me MAGAZINE\" \/>\n<meta property=\"og:description\" content=\"Reading Time:  4 minutesComme une impression d&#039;\u00e9vasion \u00e0 deux pas de chez nous ! Ce printemps, c\u2019est au Koru H\u00f4tel que nous r\u00e9jouirons nos sens en tous sens.\" \/>\n<meta property=\"og:url\" content=\"https:\/\/www.fiftyandmemagazine.be\/fr\/evasion\/pres-de-chez-nous\/le-koru-hotel-vient-douvrir-en-brabant-wallon\" \/>\n<meta property=\"og:site_name\" content=\"Fifty &amp; Me MAGAZINE\" \/>\n<meta property=\"article:published_time\" content=\"2016-03-26T12:26:06+00:00\" \/>\n<meta property=\"article:modified_time\" content=\"2018-03-07T14:40:04+00:00\" \/>\n<meta property=\"og:image\" content=\"https:\/\/www.fiftyandmemagazine.be\/fr\/wp-content\/uploads\/2016\/03\/koru-e1458139146646.jpg\" \/>\n\t<meta property=\"og:image:width\" content=\"600\" \/>\n\t<meta property=\"og:image:height\" content=\"520\" \/>\n\t<meta property=\"og:image:type\" content=\"image\/jpeg\" \/>\n<meta name=\"author\" content=\"Ga\u00eblle Mauroit\" \/>\n<meta name=\"twitter:card\" content=\"summary_large_image\" \/>\n<meta name=\"twitter:label1\" content=\"\u00c9crit par\" \/>\n\t<meta name=\"twitter:data1\" content=\"Ga\u00eblle Mauroit\" \/>\n\t<meta name=\"twitter:label2\" content=\"Dur\u00e9e de lecture estim\u00e9e\" \/>\n\t<meta name=\"twitter:data2\" content=\"4 minutes\" \/>\n<script type=\"application\/ld+json\" class=\"yoast-schema-graph\">{\"@context\":\"https:\/\/schema.org\",\"@graph\":[{\"@type\":\"WebPage\",\"@id\":\"https:\/\/www.fiftyandmemagazine.be\/fr\/evasion\/pres-de-chez-nous\/le-koru-hotel-vient-douvrir-en-brabant-wallon\",\"url\":\"https:\/\/www.fiftyandmemagazine.be\/fr\/evasion\/pres-de-chez-nous\/le-koru-hotel-vient-douvrir-en-brabant-wallon\",\"name\":\"Le Koru H\u00f4tel vient d\u2019ouvrir en Brabant Wallon - Fifty &amp; Me MAGAZINE\",\"isPartOf\":{\"@id\":\"https:\/\/www.fiftyandmemagazine.be\/fr\/#website\"},\"primaryImageOfPage\":{\"@id\":\"https:\/\/www.fiftyandmemagazine.be\/fr\/evasion\/pres-de-chez-nous\/le-koru-hotel-vient-douvrir-en-brabant-wallon#primaryimage\"},\"image\":{\"@id\":\"https:\/\/www.fiftyandmemagazine.be\/fr\/evasion\/pres-de-chez-nous\/le-koru-hotel-vient-douvrir-en-brabant-wallon#primaryimage\"},\"thumbnailUrl\":\"https:\/\/www.fiftyandmemagazine.be\/fr\/wp-content\/uploads\/2016\/03\/koru-e1458139146646.jpg\",\"datePublished\":\"2016-03-26T12:26:06+00:00\",\"dateModified\":\"2018-03-07T14:40:04+00:00\",\"author\":{\"@id\":\"https:\/\/www.fiftyandmemagazine.be\/fr\/#\/schema\/person\/d73538edb012161ebf7d953b667bb15b\"},\"breadcrumb\":{\"@id\":\"https:\/\/www.fiftyandmemagazine.be\/fr\/evasion\/pres-de-chez-nous\/le-koru-hotel-vient-douvrir-en-brabant-wallon#breadcrumb\"},\"inLanguage\":\"fr-FR\",\"potentialAction\":[{\"@type\":\"ReadAction\",\"target\":[\"https:\/\/www.fiftyandmemagazine.be\/fr\/evasion\/pres-de-chez-nous\/le-koru-hotel-vient-douvrir-en-brabant-wallon\"]}]},{\"@type\":\"ImageObject\",\"inLanguage\":\"fr-FR\",\"@id\":\"https:\/\/www.fiftyandmemagazine.be\/fr\/evasion\/pres-de-chez-nous\/le-koru-hotel-vient-douvrir-en-brabant-wallon#primaryimage\",\"url\":\"https:\/\/www.fiftyandmemagazine.be\/fr\/wp-content\/uploads\/2016\/03\/koru-e1458139146646.jpg\",\"contentUrl\":\"https:\/\/www.fiftyandmemagazine.be\/fr\/wp-content\/uploads\/2016\/03\/koru-e1458139146646.jpg\",\"width\":600,\"height\":520},{\"@type\":\"BreadcrumbList\",\"@id\":\"https:\/\/www.fiftyandmemagazine.be\/fr\/evasion\/pres-de-chez-nous\/le-koru-hotel-vient-douvrir-en-brabant-wallon#breadcrumb\",\"itemListElement\":[{\"@type\":\"ListItem\",\"position\":1,\"name\":\"\u00c9vasion\",\"item\":\"https:\/\/www.fiftyandmemagazine.be\/fr\/evasion\"},{\"@type\":\"ListItem\",\"position\":2,\"name\":\"Pr\u00e8s\u00a0de chez\u00a0nous\",\"item\":\"https:\/\/www.fiftyandmemagazine.be\/fr\/evasion\/pres-de-chez-nous\"},{\"@type\":\"ListItem\",\"position\":3,\"name\":\"Le Koru H\u00f4tel vient d\u2019ouvrir en Brabant Wallon\"}]},{\"@type\":\"WebSite\",\"@id\":\"https:\/\/www.fiftyandmemagazine.be\/fr\/#website\",\"url\":\"https:\/\/www.fiftyandmemagazine.be\/fr\/\",\"name\":\"Fifty &amp; Me MAGAZINE\",\"description\":\"Et si la vie commen\u00e7ait \u00e0 50 ans ?\",\"potentialAction\":[{\"@type\":\"SearchAction\",\"target\":{\"@type\":\"EntryPoint\",\"urlTemplate\":\"https:\/\/www.fiftyandmemagazine.be\/fr\/?s={search_term_string}\"},\"query-input\":{\"@type\":\"PropertyValueSpecification\",\"valueRequired\":true,\"valueName\":\"search_term_string\"}}],\"inLanguage\":\"fr-FR\"},{\"@type\":\"Person\",\"@id\":\"https:\/\/www.fiftyandmemagazine.be\/fr\/#\/schema\/person\/d73538edb012161ebf7d953b667bb15b\",\"name\":\"Ga\u00eblle Mauroit\",\"url\":\"https:\/\/www.fiftyandmemagazine.be\/fr\/author\/gaelle\"}]}<\/script>\n<!-- \/ Yoast SEO plugin. -->","yoast_head_json":{"title":"Le Koru H\u00f4tel vient d\u2019ouvrir en Brabant Wallon - Fifty &amp; Me MAGAZINE","robots":{"index":"index","follow":"follow","max-snippet":"max-snippet:-1","max-image-preview":"max-image-preview:large","max-video-preview":"max-video-preview:-1"},"canonical":"https:\/\/www.fiftyandmemagazine.be\/fr\/evasion\/pres-de-chez-nous\/le-koru-hotel-vient-douvrir-en-brabant-wallon","og_locale":"fr_FR","og_type":"article","og_title":"Le Koru H\u00f4tel vient d\u2019ouvrir en Brabant Wallon - Fifty &amp; Me MAGAZINE","og_description":"Reading Time:  4 minutesComme une impression d'\u00e9vasion \u00e0 deux pas de chez nous ! Ce printemps, c\u2019est au Koru H\u00f4tel que nous r\u00e9jouirons nos sens en tous sens.","og_url":"https:\/\/www.fiftyandmemagazine.be\/fr\/evasion\/pres-de-chez-nous\/le-koru-hotel-vient-douvrir-en-brabant-wallon","og_site_name":"Fifty &amp; Me MAGAZINE","article_published_time":"2016-03-26T12:26:06+00:00","article_modified_time":"2018-03-07T14:40:04+00:00","og_image":[{"width":600,"height":520,"url":"https:\/\/www.fiftyandmemagazine.be\/fr\/wp-content\/uploads\/2016\/03\/koru-e1458139146646.jpg","type":"image\/jpeg"}],"author":"Ga\u00eblle Mauroit","twitter_card":"summary_large_image","twitter_misc":{"\u00c9crit par":"Ga\u00eblle Mauroit","Dur\u00e9e de lecture estim\u00e9e":"4 minutes"},"schema":{"@context":"https:\/\/schema.org","@graph":[{"@type":"WebPage","@id":"https:\/\/www.fiftyandmemagazine.be\/fr\/evasion\/pres-de-chez-nous\/le-koru-hotel-vient-douvrir-en-brabant-wallon","url":"https:\/\/www.fiftyandmemagazine.be\/fr\/evasion\/pres-de-chez-nous\/le-koru-hotel-vient-douvrir-en-brabant-wallon","name":"Le Koru H\u00f4tel vient d\u2019ouvrir en Brabant Wallon - Fifty &amp; Me MAGAZINE","isPartOf":{"@id":"https:\/\/www.fiftyandmemagazine.be\/fr\/#website"},"primaryImageOfPage":{"@id":"https:\/\/www.fiftyandmemagazine.be\/fr\/evasion\/pres-de-chez-nous\/le-koru-hotel-vient-douvrir-en-brabant-wallon#primaryimage"},"image":{"@id":"https:\/\/www.fiftyandmemagazine.be\/fr\/evasion\/pres-de-chez-nous\/le-koru-hotel-vient-douvrir-en-brabant-wallon#primaryimage"},"thumbnailUrl":"https:\/\/www.fiftyandmemagazine.be\/fr\/wp-content\/uploads\/2016\/03\/koru-e1458139146646.jpg","datePublished":"2016-03-26T12:26:06+00:00","dateModified":"2018-03-07T14:40:04+00:00","author":{"@id":"https:\/\/www.fiftyandmemagazine.be\/fr\/#\/schema\/person\/d73538edb012161ebf7d953b667bb15b"},"breadcrumb":{"@id":"https:\/\/www.fiftyandmemagazine.be\/fr\/evasion\/pres-de-chez-nous\/le-koru-hotel-vient-douvrir-en-brabant-wallon#breadcrumb"},"inLanguage":"fr-FR","potentialAction":[{"@type":"ReadAction","target":["https:\/\/www.fiftyandmemagazine.be\/fr\/evasion\/pres-de-chez-nous\/le-koru-hotel-vient-douvrir-en-brabant-wallon"]}]},{"@type":"ImageObject","inLanguage":"fr-FR","@id":"https:\/\/www.fiftyandmemagazine.be\/fr\/evasion\/pres-de-chez-nous\/le-koru-hotel-vient-douvrir-en-brabant-wallon#primaryimage","url":"https:\/\/www.fiftyandmemagazine.be\/fr\/wp-content\/uploads\/2016\/03\/koru-e1458139146646.jpg","contentUrl":"https:\/\/www.fiftyandmemagazine.be\/fr\/wp-content\/uploads\/2016\/03\/koru-e1458139146646.jpg","width":600,"height":520},{"@type":"BreadcrumbList","@id":"https:\/\/www.fiftyandmemagazine.be\/fr\/evasion\/pres-de-chez-nous\/le-koru-hotel-vient-douvrir-en-brabant-wallon#breadcrumb","itemListElement":[{"@type":"ListItem","position":1,"name":"\u00c9vasion","item":"https:\/\/www.fiftyandmemagazine.be\/fr\/evasion"},{"@type":"ListItem","position":2,"name":"Pr\u00e8s\u00a0de chez\u00a0nous","item":"https:\/\/www.fiftyandmemagazine.be\/fr\/evasion\/pres-de-chez-nous"},{"@type":"ListItem","position":3,"name":"Le Koru H\u00f4tel vient d\u2019ouvrir en Brabant Wallon"}]},{"@type":"WebSite","@id":"https:\/\/www.fiftyandmemagazine.be\/fr\/#website","url":"https:\/\/www.fiftyandmemagazine.be\/fr\/","name":"Fifty &amp; Me MAGAZINE","description":"Et si la vie commen\u00e7ait \u00e0 50 ans ?","potentialAction":[{"@type":"SearchAction","target":{"@type":"EntryPoint","urlTemplate":"https:\/\/www.fiftyandmemagazine.be\/fr\/?s={search_term_string}"},"query-input":{"@type":"PropertyValueSpecification","valueRequired":true,"valueName":"search_term_string"}}],"inLanguage":"fr-FR"},{"@type":"Person","@id":"https:\/\/www.fiftyandmemagazine.be\/fr\/#\/schema\/person\/d73538edb012161ebf7d953b667bb15b","name":"Ga\u00eblle Mauroit","url":"https:\/\/www.fiftyandmemagazine.be\/fr\/author\/gaelle"}]}},"modified_by":"Laurie Deboelpaep","_links":{"self":[{"href":"https:\/\/www.fiftyandmemagazine.be\/fr\/wp-json\/wp\/v2\/posts\/14856","targetHints":{"allow":["GET"]}}],"collection":[{"href":"https:\/\/www.fiftyandmemagazine.be\/fr\/wp-json\/wp\/v2\/posts"}],"about":[{"href":"https:\/\/www.fiftyandmemagazine.be\/fr\/wp-json\/wp\/v2\/types\/post"}],"author":[{"embeddable":true,"href":"https:\/\/www.fiftyandmemagazine.be\/fr\/wp-json\/wp\/v2\/users\/2"}],"replies":[{"embeddable":true,"href":"https:\/\/www.fiftyandmemagazine.be\/fr\/wp-json\/wp\/v2\/comments?post=14856"}],"version-history":[{"count":0,"href":"https:\/\/www.fiftyandmemagazine.be\/fr\/wp-json\/wp\/v2\/posts\/14856\/revisions"}],"wp:featuredmedia":[{"embeddable":true,"href":"https:\/\/www.fiftyandmemagazine.be\/fr\/wp-json\/wp\/v2\/media\/14951"}],"wp:attachment":[{"href":"https:\/\/www.fiftyandmemagazine.be\/fr\/wp-json\/wp\/v2\/media?parent=14856"}],"wp:term":[{"taxonomy":"category","embeddable":true,"href":"https:\/\/www.fiftyandmemagazine.be\/fr\/wp-json\/wp\/v2\/categories?post=14856"},{"taxonomy":"post_tag","embeddable":true,"href":"https:\/\/www.fiftyandmemagazine.be\/fr\/wp-json\/wp\/v2\/tags?post=14856"}],"curies":[{"name":"wp","href":"https:\/\/api.w.org\/{rel}","templated":true}]}}