{"id":15188,"date":"2016-05-05T07:15:15","date_gmt":"2016-05-05T05:15:15","guid":{"rendered":"http:\/\/www.life-magazine.be\/fr\/?p=15188"},"modified":"2018-03-07T16:59:31","modified_gmt":"2018-03-07T15:59:31","slug":"cosmethiques","status":"publish","type":"post","link":"https:\/\/www.fiftyandmemagazine.be\/fr\/beaute\/maquillage\/cosmethiques","title":{"rendered":"Cosm\u00e9t(h)iques"},"content":{"rendered":"<span class=\"span-reading-time rt-reading-time\" style=\"display: block;\"><span class=\"rt-label rt-prefix\">Reading Time: <\/span> <span class=\"rt-time\"> 5<\/span> <span class=\"rt-label rt-postfix\">minutes<\/span><\/span><p style=\"text-align: justify;\"><strong><span style=\"color: #ff6600;\">D<\/span>es ingr\u00e9dients naturels achet\u00e9s \u00e0 des producteurs justement r\u00e9tribu\u00e9s, un packaging all\u00e9g\u00e9 et recyclable, voire r\u00e9utilisable, le souci de pr\u00e9server la biodiversit\u00e9 et de r\u00e9duire sans cesse son empreinte carbone&#8230; Le d\u00e9veloppement durable est devenu un questionnement central pour certaines marques de cosm\u00e9tiques \u2013 grandes ou petites \u2013 en marge du circuit bio.<\/strong><\/p>\n<p style=\"text-align: right;\">Coordonn\u00e9 par Isabelle Blandiaux<\/p>\n<p>&nbsp;<\/p>\n<p style=\"text-align: justify;\">\u00ab\u00a0Autrefois, nous \u00e9tions oblig\u00e9s de lester les rouges \u00e0 l\u00e8vres avec du m\u00e9tal parce qu\u2019un tube chic devait \u00eatre lourd dans l\u2019esprit des consommatrices. Les mentalit\u00e9s ont \u00e9volu\u00e9. Notre rouge \u00e0 l\u00e8vres Joli Rouge a \u00e9t\u00e9 relanc\u00e9 avec 3,5 g en moins. S\u2019il avait \u00e9t\u00e9 comme cela d\u00e8s le d\u00e9part en 2008, on aurait \u00e9conomis\u00e9 4,5 tonnes de plastique et autant de CO<sup>2<\/sup>\u00a0\u00bb, explique, lucide, Christian Courtin-Clarins, pr\u00e9sident du Conseil de Surveillance du groupe Clarins. La prise de conscience du grand public\u00a0est perceptible et constitue un moteur vers le changement global n\u00e9cessaire pour infl\u00e9chir la courbe de la pollution. \u00ab\u00a0Tout le monde cherche \u00e0 donner un sens \u00e0 ses achats aujourd\u2019hui. Les parents sont particuli\u00e8rement concern\u00e9s. Ils ont envie de voir leurs enfants nager dans la mer sans qu\u2019il y ait de m\u00e9duses, de pouvoir manger du poisson qui ne soit pas d\u2019\u00e9levage et qui ne soit pas bourr\u00e9 de mercure, de pouvoir se baigner dans les rivi\u00e8res&#8230; Quand on est un industriel, on fabrique, donc on pollue. Mais chaque ann\u00e9e, on baisse notre indice de pollution, c\u2019est notre volont\u00e9.\u00a0\u00bb<\/p>\n<p style=\"text-align: justify;\">Toute jeune marque belge lanc\u00e9e il y a 5 printemps par une non moins jeune entrepreneuse, Marine Andr\u00e9, 27 ans, Bee Nature est pr\u00e9cis\u00e9ment n\u00e9e d\u2019une prise de conscience\u00a0: \u00ab\u00a0Mes parents sont pharmaciens et je m\u2019\u00e9tais aper\u00e7ue que dans l\u2019officine, les compositions des cosm\u00e9tiques n\u2019\u00e9taient pas toujours en accord avec les nouvelles attentes des consommateurs, dont certains de la nouvelle g\u00e9n\u00e9ration. Ils veulent des produits naturels sans parab\u00e8nes, sans ph\u00e9noxy\u00e9thanol, sans ingr\u00e9dients issus de la p\u00e9trochimie, ils veulent savoir qui sont les producteurs et o\u00f9 ils se trouvent.\u00a0Ils souhaitent aussi un retour au local, aux traditions et \u00e0 l\u2019authenticit\u00e9.\u00a0J\u2019ai cr\u00e9\u00e9 cette gamme en accord avec les valeurs que je d\u00e9fends personnellement.\u00bb<\/p>\n<h2 style=\"text-align: justify;\"><span style=\"color: #ff6600;\">\u00ab\u00a0Quand on travaille avec les plantes, on les aime\u00a0\u00bb<\/span><\/h2>\n<p style=\"text-align: justify;\"><img loading=\"lazy\" decoding=\"async\" class=\"size-full wp-image-15190 alignleft\" src=\"http:\/\/www.life-magazine.be\/fr\/wp-content\/uploads\/2016\/03\/Life-magazine14.jpg\" alt=\"Life-magazine\" width=\"600\" height=\"400\" srcset=\"https:\/\/www.fiftyandmemagazine.be\/fr\/wp-content\/uploads\/2016\/03\/Life-magazine14.jpg 600w, https:\/\/www.fiftyandmemagazine.be\/fr\/wp-content\/uploads\/2016\/03\/Life-magazine14-315x210.jpg 315w, https:\/\/www.fiftyandmemagazine.be\/fr\/wp-content\/uploads\/2016\/03\/Life-magazine14-450x300.jpg 450w\" sizes=\"auto, (max-width: 600px) 100vw, 600px\" \/><\/p>\n<p style=\"text-align: justify;\">\u00c2g\u00e9e de plus de 60 ans, la marque de cosm\u00e9tiques fran\u00e7aise Clarins devenue g\u00e9ant international a embo\u00eet\u00e9 le pas au d\u00e9veloppement durable d\u00e8s ses pr\u00e9mices. \u00ab\u00a0Le point de d\u00e9part, ce sont les plantes puisque les premiers produits Clarins, les trois huiles visages puis corps, sont 100% naturelles. Quand vous travaillez avec les plantes, vous commencez \u00e0 les aimer et donc \u00e0 vouloir les prot\u00e9ger. Le mot \u2018biodiversit\u00e9\u2019 n\u2019est apparu qu\u2019au milieu des ann\u00e9es 80\u00a0\u00bb, se souvient Christian Courtin-Clarins. \u00ab\u00a0Beaucoup d\u2019erreurs ont \u00e9t\u00e9 faites avant cela : on coupait des arbres puis on en replantait mais en ne mettant qu\u2019une seule esp\u00e8ce. En 1985, je suis all\u00e9 en Amazonie o\u00f9 j\u2019ai rencontr\u00e9 des experts en biodiversit\u00e9 qui avaient mont\u00e9 l\u2019association Pro-Natura. Leur but\u00a0? Demander aux entreprises d\u2019apprendre aux agriculteurs \u00e0 cultiver la terre dans la for\u00eat amazonienne sans la d\u00e9truire et en pr\u00e9servant la biodiversit\u00e9. Cela m\u2019est rest\u00e9 dans la t\u00eate, j\u2019ai pris conscience des enjeux : on pouvait faire une agriculture tr\u00e8s propre en respectant la nature et en r\u00e9mun\u00e9rant \u00e9quitablement les populations locales. Je me suis donc associ\u00e9 \u00e0 Pro-Natura. \u00bb Ont suivi beaucoup d\u2019autres initiatives, comme le partenariat avec Alp Action avec l\u2019achat de terrains dans les Alpes pour prot\u00e9ger cet \u00e9cosyst\u00e8me europ\u00e9en de l\u2019agriculture intensive et de l\u2019invasion des nouvelles stations de ski ou encore l\u2019implication dans le projet Solar Impulse, l\u2019avion \u00e0 \u00e9nergie solaire qui a vol\u00e9 pendant 5 jours et 5 nuits.<\/p>\n<p style=\"text-align: justify;\">Oeuvrer pour le d\u00e9veloppement durable, c\u2019est aussi s\u2019assurer l\u2019acc\u00e8s \u00e0 des ingr\u00e9dients naturels sans pesticide sur le long terme. \u00ab\u00a0Notre force, c\u2019est d\u2019avoir compris que la qualit\u00e9 d\u2019un produit de beaut\u00e9 vient de la qualit\u00e9 de ses mati\u00e8res premi\u00e8res. On s\u2019est int\u00e9ress\u00e9 tr\u00e8s t\u00f4t aux cultivateurs de tous les pays en essayant de leur garantir un revenu honn\u00eate pour qu\u2019ils puissent envoyer leurs enfants \u00e0 l\u2019\u00e9cole, acheter de la nourriture, des v\u00eatements, etc. Et cela nous a permis d\u2019avoir un approvisionnement de tr\u00e8s haute qualit\u00e9. La Centella asiatica, par exemple, est une plante tr\u00e8s riche \u00e0 l\u2019\u00e9tat sauvage mais tr\u00e8s pauvre en actifs si elle est cultiv\u00e9e. Elle fait vivre 200 familles \u00e0 qui on ach\u00e8te la cueillette chaque ann\u00e9e. C\u2019est \u00e7a, le d\u00e9veloppement durable\u00a0: un tiers \u00e9cologique (je prot\u00e8ge la nature), un tiers soci\u00e9tal (je cr\u00e9e du travail) et un tiers \u00e9conomique (je r\u00e9mun\u00e8re le travail \u00e0 un juste prix).\u00a0\u00bb Un pas plus loin, Clarins s\u2019est associ\u00e9 \u00e0 des actions (Feed, World Food Association) qui favorisent l\u2019\u00e9ducation et la nutrition des enfants dans le monde parce que \u00ab\u00a0quand on prend soin des plantes, on pr\u00e9pare le futur et donc on aide les enfants\u00a0\u00bb.<\/p>\n<p><!--nextpage--><\/p>\n<p style=\"text-align: justify;\"><span style=\"color: #ff6600;\">Miel fair-trade<\/span><\/p>\n<p>Fabriqu\u00e9s en Belgique dans un \u00c9tablissement de Travail Adapt\u00e9 (qui emploie des personnes handicap\u00e9es), les produits hydratants pour toute la famille de Bee Nature contiennent au moins 97% d\u2019ingr\u00e9dients naturels et sont hypoallerg\u00e9niques. \u00ab\u00a0Quand les composants sont disponibles en bio, on les prend bio\u00a0\u00bb, explique Marine Andr\u00e9. L\u2019ingr\u00e9dient-phare de cette gamme est le miel, \u00ab\u00a0premier m\u00e9dicament et produit cosm\u00e9tique du monde avec ses propri\u00e9t\u00e9s nourrissantes, hydratantes, cicatrisantes, apaisantes, antiseptiques et antibact\u00e9riennes\u00a0\u00bb. \u00ab\u00a0Celui qu\u2019on utilise dans les formules est bio et issu du commerce \u00e9quitable. Je travaille avec l\u2019entreprise Maya Fair-Trade, situ\u00e9e \u00e0 Li\u00e8ge et en lien avec des coop\u00e9ratives d\u2019apiculteurs europ\u00e9ens. Elle reverse une partie de ses b\u00e9n\u00e9fices \u00e0 l\u2019ONG Maya Honing qui oeuvre en faveur de l\u2019\u00e9ducation et du maintien de la biodiversit\u00e9.\u00a0Les autres ingr\u00e9dients viennent de Belgique, d\u2019Europe ou du nord de l\u2019Afrique o\u00f9 nous travaillons avec des coop\u00e9ratives pour avoir du beurre de karit\u00e9 fair-trade par exemple. Nos packagings tr\u00e8s l\u00e9gers sont recyclables, donc ils vont dans les sacs bleus PMC.\u00a0\u00bb<\/p>\n<p style=\"text-align: justify;\">Pas de label bio pour Bee Nature pour autant. \u00ab\u00a0J\u2019ai d\u00e9cid\u00e9 volontairement de ne pas investir dans une labellisation, cela co\u00fbte tr\u00e8s cher pour une jeune entreprise. Vu que j\u2019ach\u00e8te d\u00e9j\u00e0 des ingr\u00e9dients bio plus chers, si je dois en plus payer les labels chaque ann\u00e9e, c\u2019est comme si je payais deux fois le prix du bio. Et puis, il y a eu pas mal de probl\u00e8mes d\u2019allergies avec des cosm\u00e9tiques bio dans le pass\u00e9, donc je pr\u00e9f\u00e8re parler d\u2019une gamme naturelle et test\u00e9e cliniquement que d\u2019une marque bio uniquement.\u00a0\u00bb<\/p>\n<p style=\"text-align: justify;\">Pas de label bio chez Clarins non plus, mais pour d\u2019autres raisons. \u00ab\u00a0Nous pr\u00e9f\u00e9rons ne pas nous revendiquer bio pour le moment parce que l\u2019agriculture biologique n\u2019est pas assez d\u00e9velopp\u00e9e en Europe (3% de l\u2019agriculture totale), donc nous avons un probl\u00e8me d\u2019approvisionnement pour l\u2019huile d\u2019olive bio et la noisette bio par exemple. \u00bb Pour diminuer ses \u00e9missions de CO<sup>2 <\/sup>et sa consommation d\u2019eau, le groupe cosm\u00e9tique a all\u00e9g\u00e9 ses flacons en verre de 30%, a remplac\u00e9 les d\u00e9pliants dans les bo\u00eetes de produit par une impression sur l\u2019envers des cartons, a lanc\u00e9 les flacons de parfums reremplissables d\u00e8s 1991 pour les fragrances f\u00e9minines Mugler, planche sur une solution similaire pour les soins de beaut\u00e9&#8230; \u00ab\u00a0La contrainte force \u00e0 la cr\u00e9ativit\u00e9 et ce sont les cr\u00e9atifs qui avancent\u00a0\u00bb, conclut Christian Courtin-Clarins.<\/p>\n<h1 style=\"text-align: justify;\"><span style=\"color: #ff6600;\">La nature est dans le pot<\/span><\/h1>\n<p style=\"text-align: justify;\"><img loading=\"lazy\" decoding=\"async\" class=\" wp-image-15191 aligncenter\" src=\"http:\/\/www.life-magazine.be\/fr\/wp-content\/uploads\/2016\/03\/Life-magazine15.jpg\" alt=\"Life-magazine\" width=\"517\" height=\"316\" srcset=\"https:\/\/www.fiftyandmemagazine.be\/fr\/wp-content\/uploads\/2016\/03\/Life-magazine15.jpg 638w, https:\/\/www.fiftyandmemagazine.be\/fr\/wp-content\/uploads\/2016\/03\/Life-magazine15-315x193.jpg 315w\" sizes=\"auto, (max-width: 517px) 100vw, 517px\" \/><\/p>\n<ol>\n<li style=\"text-align: justify;\"><span style=\"line-height: 1.714285714; font-size: 1rem;\">Masque D\u00e9tox vitamin\u00e9 \u00e0 l\u2019eau d\u2019orange de<\/span><strong><span style=\"line-height: 1.714285714; font-size: 1rem;\"> Bio Beaut\u00e9 by Nuxe. <\/span><\/strong><span style=\"line-height: 1.714285714; font-size: 1rem;\">D\u00e9toxifiant et clarifiant. Certifi\u00e9 bio et sans parab\u00e8nes. 19,90\u20ac (en pharmacie)<\/span><\/li>\n<li style=\"text-align: justify;\"><span style=\"font-size: 1rem; line-height: 1.714285714;\">Honey Smile Lift Abeille Royale de<\/span><strong><span style=\"font-size: 1rem; line-height: 1.714285714;\"> Guerlain. <\/span><\/strong><span style=\"font-size: 1rem; line-height: 1.714285714;\">Soin liftant l\u00e8vres et contours. Au miel de l\u2019abeille noire d\u2019Ouessant, esp\u00e8ce prot\u00e9g\u00e9e et unique au monde. 75\u20ac<\/span><\/li>\n<li style=\"text-align: justify;\"><span style=\"font-size: 1rem; line-height: 1.714285714;\">Shampoing<\/span><strong><span style=\"font-size: 1rem; line-height: 1.714285714;\"> Bee Nature <\/span><\/strong><span style=\"font-size: 1rem; line-height: 1.714285714;\">au miel bio et fair-trade. Nourrissant et fortifiant. 19,99\u20ac (en pharmacie)<\/span><\/li>\n<li style=\"text-align: justify;\"><span style=\"line-height: 1.714285714; font-size: 1rem;\">Best Friend \u2013 La Cr\u00e8me indispensable qui hydrate et prot\u00e8ge de la t\u00eate aux pieds de<\/span><strong><span style=\"line-height: 1.714285714; font-size: 1rem;\"> JYB Cosmetics. <\/span><\/strong><span style=\"line-height: 1.714285714; font-size: 1rem;\">Avec de l\u2019agave et du karit\u00e9 bio. 71,6% d\u2019ingr\u00e9dients bio certifi\u00e9s et 100% naturels. 19,90\u20ac<\/span><\/li>\n<li style=\"text-align: justify;\"><span style=\"line-height: 1.714285714; font-size: 1rem;\">Huile Orchid\u00e9e Bleue &#8211; Peaux D\u00e9shydrat\u00e9es de<\/span><strong><span style=\"line-height: 1.714285714; font-size: 1rem;\"> Clarins. <\/span><\/strong><span style=\"line-height: 1.714285714; font-size: 1rem;\">100 % purs extraits de plantes. 47\u20ac<\/span><\/li>\n<\/ol>\n<hr \/>\n<p style=\"text-align: center;\"><strong>Article publi\u00e9 dans le Psychologies\u00a0<\/strong><\/p>\n","protected":false},"excerpt":{"rendered":"<p><span class=\"span-reading-time rt-reading-time\" style=\"display: block;\"><span class=\"rt-label rt-prefix\">Reading Time: <\/span> <span class=\"rt-time\"> 5<\/span> <span class=\"rt-label rt-postfix\">minutes<\/span><\/span>Des ingr\u00e9dients naturels achet\u00e9s \u00e0 des producteurs justement r\u00e9tribu\u00e9s, un packaging all\u00e9g\u00e9 et recyclable, voire r\u00e9utilisable, le souci de pr\u00e9server la biodiversit\u00e9 et de r\u00e9duire sans cesse son empreinte carbone&#8230; Le d\u00e9veloppement durable est devenu un questionnement central pour certaines marques de cosm\u00e9tiques \u2013 grandes ou petites \u2013 en marge du circuit bio.<\/p>\n","protected":false},"author":2,"featured_media":16866,"comment_status":"open","ping_status":"closed","sticky":false,"template":"","format":"standard","meta":{"_lmt_disableupdate":"","_lmt_disable":"","footnotes":""},"categories":[1115],"tags":[380],"class_list":["post-15188","post","type-post","status-publish","format-standard","has-post-thumbnail","hentry","category-maquillage","tag-beaute"],"yoast_head":"<!-- This site is optimized with the Yoast SEO plugin v26.3 - https:\/\/yoast.com\/wordpress\/plugins\/seo\/ -->\n<title>Cosm\u00e9t(h)iques - Fifty &amp; Me MAGAZINE<\/title>\n<meta name=\"robots\" content=\"index, follow, max-snippet:-1, max-image-preview:large, max-video-preview:-1\" \/>\n<link rel=\"canonical\" href=\"https:\/\/www.fiftyandmemagazine.be\/fr\/beaute\/maquillage\/cosmethiques\" \/>\n<link rel=\"next\" href=\"https:\/\/www.fiftyandmemagazine.be\/fr\/beaute\/maquillage\/cosmethiques\/2\" \/>\n<meta property=\"og:locale\" content=\"fr_FR\" \/>\n<meta property=\"og:type\" content=\"article\" \/>\n<meta property=\"og:title\" content=\"Cosm\u00e9t(h)iques - Fifty &amp; Me MAGAZINE\" \/>\n<meta property=\"og:description\" content=\"Reading Time:  5 minutesDes ingr\u00e9dients naturels achet\u00e9s \u00e0 des producteurs justement r\u00e9tribu\u00e9s, un packaging all\u00e9g\u00e9 et recyclable, voire r\u00e9utilisable, le souci de pr\u00e9server la biodiversit\u00e9 et de r\u00e9duire sans cesse son empreinte carbone... Le d\u00e9veloppement durable est devenu un questionnement central pour certaines marques de cosm\u00e9tiques \u2013 grandes ou petites \u2013 en marge du circuit bio.\" \/>\n<meta property=\"og:url\" content=\"https:\/\/www.fiftyandmemagazine.be\/fr\/beaute\/maquillage\/cosmethiques\" \/>\n<meta property=\"og:site_name\" content=\"Fifty &amp; Me MAGAZINE\" \/>\n<meta property=\"article:published_time\" content=\"2016-05-05T05:15:15+00:00\" \/>\n<meta property=\"article:modified_time\" content=\"2018-03-07T15:59:31+00:00\" \/>\n<meta property=\"og:image\" content=\"https:\/\/www.fiftyandmemagazine.be\/fr\/wp-content\/uploads\/2016\/05\/Life-magazine16.jpg\" \/>\n\t<meta property=\"og:image:width\" content=\"600\" \/>\n\t<meta property=\"og:image:height\" content=\"520\" \/>\n\t<meta property=\"og:image:type\" content=\"image\/jpeg\" \/>\n<meta name=\"author\" content=\"Ga\u00eblle Mauroit\" \/>\n<meta name=\"twitter:card\" content=\"summary_large_image\" \/>\n<meta name=\"twitter:label1\" content=\"\u00c9crit par\" \/>\n\t<meta name=\"twitter:data1\" content=\"Ga\u00eblle Mauroit\" \/>\n\t<meta name=\"twitter:label2\" content=\"Dur\u00e9e de lecture estim\u00e9e\" \/>\n\t<meta name=\"twitter:data2\" content=\"7 minutes\" \/>\n<script type=\"application\/ld+json\" class=\"yoast-schema-graph\">{\"@context\":\"https:\/\/schema.org\",\"@graph\":[{\"@type\":\"WebPage\",\"@id\":\"https:\/\/www.fiftyandmemagazine.be\/fr\/beaute\/maquillage\/cosmethiques\",\"url\":\"https:\/\/www.fiftyandmemagazine.be\/fr\/beaute\/maquillage\/cosmethiques\",\"name\":\"Cosm\u00e9t(h)iques - Fifty &amp; Me MAGAZINE\",\"isPartOf\":{\"@id\":\"https:\/\/www.fiftyandmemagazine.be\/fr\/#website\"},\"primaryImageOfPage\":{\"@id\":\"https:\/\/www.fiftyandmemagazine.be\/fr\/beaute\/maquillage\/cosmethiques#primaryimage\"},\"image\":{\"@id\":\"https:\/\/www.fiftyandmemagazine.be\/fr\/beaute\/maquillage\/cosmethiques#primaryimage\"},\"thumbnailUrl\":\"https:\/\/www.fiftyandmemagazine.be\/fr\/wp-content\/uploads\/2016\/05\/Life-magazine16.jpg\",\"datePublished\":\"2016-05-05T05:15:15+00:00\",\"dateModified\":\"2018-03-07T15:59:31+00:00\",\"author\":{\"@id\":\"https:\/\/www.fiftyandmemagazine.be\/fr\/#\/schema\/person\/d73538edb012161ebf7d953b667bb15b\"},\"breadcrumb\":{\"@id\":\"https:\/\/www.fiftyandmemagazine.be\/fr\/beaute\/maquillage\/cosmethiques#breadcrumb\"},\"inLanguage\":\"fr-FR\",\"potentialAction\":[{\"@type\":\"ReadAction\",\"target\":[\"https:\/\/www.fiftyandmemagazine.be\/fr\/beaute\/maquillage\/cosmethiques\"]}]},{\"@type\":\"ImageObject\",\"inLanguage\":\"fr-FR\",\"@id\":\"https:\/\/www.fiftyandmemagazine.be\/fr\/beaute\/maquillage\/cosmethiques#primaryimage\",\"url\":\"https:\/\/www.fiftyandmemagazine.be\/fr\/wp-content\/uploads\/2016\/05\/Life-magazine16.jpg\",\"contentUrl\":\"https:\/\/www.fiftyandmemagazine.be\/fr\/wp-content\/uploads\/2016\/05\/Life-magazine16.jpg\",\"width\":600,\"height\":520},{\"@type\":\"BreadcrumbList\",\"@id\":\"https:\/\/www.fiftyandmemagazine.be\/fr\/beaute\/maquillage\/cosmethiques#breadcrumb\",\"itemListElement\":[{\"@type\":\"ListItem\",\"position\":1,\"name\":\"Beaut\u00e9\",\"item\":\"https:\/\/www.fiftyandmemagazine.be\/fr\/beaute\"},{\"@type\":\"ListItem\",\"position\":2,\"name\":\"Maquillage\"}]},{\"@type\":\"WebSite\",\"@id\":\"https:\/\/www.fiftyandmemagazine.be\/fr\/#website\",\"url\":\"https:\/\/www.fiftyandmemagazine.be\/fr\/\",\"name\":\"Fifty &amp; Me MAGAZINE\",\"description\":\"Et si la vie commen\u00e7ait \u00e0 50 ans ?\",\"potentialAction\":[{\"@type\":\"SearchAction\",\"target\":{\"@type\":\"EntryPoint\",\"urlTemplate\":\"https:\/\/www.fiftyandmemagazine.be\/fr\/?s={search_term_string}\"},\"query-input\":{\"@type\":\"PropertyValueSpecification\",\"valueRequired\":true,\"valueName\":\"search_term_string\"}}],\"inLanguage\":\"fr-FR\"},{\"@type\":\"Person\",\"@id\":\"https:\/\/www.fiftyandmemagazine.be\/fr\/#\/schema\/person\/d73538edb012161ebf7d953b667bb15b\",\"name\":\"Ga\u00eblle Mauroit\",\"url\":\"https:\/\/www.fiftyandmemagazine.be\/fr\/author\/gaelle\"}]}<\/script>\n<!-- \/ Yoast SEO plugin. -->","yoast_head_json":{"title":"Cosm\u00e9t(h)iques - Fifty &amp; Me MAGAZINE","robots":{"index":"index","follow":"follow","max-snippet":"max-snippet:-1","max-image-preview":"max-image-preview:large","max-video-preview":"max-video-preview:-1"},"canonical":"https:\/\/www.fiftyandmemagazine.be\/fr\/beaute\/maquillage\/cosmethiques","next":"https:\/\/www.fiftyandmemagazine.be\/fr\/beaute\/maquillage\/cosmethiques\/2","og_locale":"fr_FR","og_type":"article","og_title":"Cosm\u00e9t(h)iques - Fifty &amp; Me MAGAZINE","og_description":"Reading Time:  5 minutesDes ingr\u00e9dients naturels achet\u00e9s \u00e0 des producteurs justement r\u00e9tribu\u00e9s, un packaging all\u00e9g\u00e9 et recyclable, voire r\u00e9utilisable, le souci de pr\u00e9server la biodiversit\u00e9 et de r\u00e9duire sans cesse son empreinte carbone... Le d\u00e9veloppement durable est devenu un questionnement central pour certaines marques de cosm\u00e9tiques \u2013 grandes ou petites \u2013 en marge du circuit bio.","og_url":"https:\/\/www.fiftyandmemagazine.be\/fr\/beaute\/maquillage\/cosmethiques","og_site_name":"Fifty &amp; Me MAGAZINE","article_published_time":"2016-05-05T05:15:15+00:00","article_modified_time":"2018-03-07T15:59:31+00:00","og_image":[{"width":600,"height":520,"url":"https:\/\/www.fiftyandmemagazine.be\/fr\/wp-content\/uploads\/2016\/05\/Life-magazine16.jpg","type":"image\/jpeg"}],"author":"Ga\u00eblle Mauroit","twitter_card":"summary_large_image","twitter_misc":{"\u00c9crit par":"Ga\u00eblle Mauroit","Dur\u00e9e de lecture estim\u00e9e":"7 minutes"},"schema":{"@context":"https:\/\/schema.org","@graph":[{"@type":"WebPage","@id":"https:\/\/www.fiftyandmemagazine.be\/fr\/beaute\/maquillage\/cosmethiques","url":"https:\/\/www.fiftyandmemagazine.be\/fr\/beaute\/maquillage\/cosmethiques","name":"Cosm\u00e9t(h)iques - Fifty &amp; Me MAGAZINE","isPartOf":{"@id":"https:\/\/www.fiftyandmemagazine.be\/fr\/#website"},"primaryImageOfPage":{"@id":"https:\/\/www.fiftyandmemagazine.be\/fr\/beaute\/maquillage\/cosmethiques#primaryimage"},"image":{"@id":"https:\/\/www.fiftyandmemagazine.be\/fr\/beaute\/maquillage\/cosmethiques#primaryimage"},"thumbnailUrl":"https:\/\/www.fiftyandmemagazine.be\/fr\/wp-content\/uploads\/2016\/05\/Life-magazine16.jpg","datePublished":"2016-05-05T05:15:15+00:00","dateModified":"2018-03-07T15:59:31+00:00","author":{"@id":"https:\/\/www.fiftyandmemagazine.be\/fr\/#\/schema\/person\/d73538edb012161ebf7d953b667bb15b"},"breadcrumb":{"@id":"https:\/\/www.fiftyandmemagazine.be\/fr\/beaute\/maquillage\/cosmethiques#breadcrumb"},"inLanguage":"fr-FR","potentialAction":[{"@type":"ReadAction","target":["https:\/\/www.fiftyandmemagazine.be\/fr\/beaute\/maquillage\/cosmethiques"]}]},{"@type":"ImageObject","inLanguage":"fr-FR","@id":"https:\/\/www.fiftyandmemagazine.be\/fr\/beaute\/maquillage\/cosmethiques#primaryimage","url":"https:\/\/www.fiftyandmemagazine.be\/fr\/wp-content\/uploads\/2016\/05\/Life-magazine16.jpg","contentUrl":"https:\/\/www.fiftyandmemagazine.be\/fr\/wp-content\/uploads\/2016\/05\/Life-magazine16.jpg","width":600,"height":520},{"@type":"BreadcrumbList","@id":"https:\/\/www.fiftyandmemagazine.be\/fr\/beaute\/maquillage\/cosmethiques#breadcrumb","itemListElement":[{"@type":"ListItem","position":1,"name":"Beaut\u00e9","item":"https:\/\/www.fiftyandmemagazine.be\/fr\/beaute"},{"@type":"ListItem","position":2,"name":"Maquillage"}]},{"@type":"WebSite","@id":"https:\/\/www.fiftyandmemagazine.be\/fr\/#website","url":"https:\/\/www.fiftyandmemagazine.be\/fr\/","name":"Fifty &amp; Me MAGAZINE","description":"Et si la vie commen\u00e7ait \u00e0 50 ans ?","potentialAction":[{"@type":"SearchAction","target":{"@type":"EntryPoint","urlTemplate":"https:\/\/www.fiftyandmemagazine.be\/fr\/?s={search_term_string}"},"query-input":{"@type":"PropertyValueSpecification","valueRequired":true,"valueName":"search_term_string"}}],"inLanguage":"fr-FR"},{"@type":"Person","@id":"https:\/\/www.fiftyandmemagazine.be\/fr\/#\/schema\/person\/d73538edb012161ebf7d953b667bb15b","name":"Ga\u00eblle Mauroit","url":"https:\/\/www.fiftyandmemagazine.be\/fr\/author\/gaelle"}]}},"modified_by":"Laurie Deboelpaep","_links":{"self":[{"href":"https:\/\/www.fiftyandmemagazine.be\/fr\/wp-json\/wp\/v2\/posts\/15188","targetHints":{"allow":["GET"]}}],"collection":[{"href":"https:\/\/www.fiftyandmemagazine.be\/fr\/wp-json\/wp\/v2\/posts"}],"about":[{"href":"https:\/\/www.fiftyandmemagazine.be\/fr\/wp-json\/wp\/v2\/types\/post"}],"author":[{"embeddable":true,"href":"https:\/\/www.fiftyandmemagazine.be\/fr\/wp-json\/wp\/v2\/users\/2"}],"replies":[{"embeddable":true,"href":"https:\/\/www.fiftyandmemagazine.be\/fr\/wp-json\/wp\/v2\/comments?post=15188"}],"version-history":[{"count":0,"href":"https:\/\/www.fiftyandmemagazine.be\/fr\/wp-json\/wp\/v2\/posts\/15188\/revisions"}],"wp:featuredmedia":[{"embeddable":true,"href":"https:\/\/www.fiftyandmemagazine.be\/fr\/wp-json\/wp\/v2\/media\/16866"}],"wp:attachment":[{"href":"https:\/\/www.fiftyandmemagazine.be\/fr\/wp-json\/wp\/v2\/media?parent=15188"}],"wp:term":[{"taxonomy":"category","embeddable":true,"href":"https:\/\/www.fiftyandmemagazine.be\/fr\/wp-json\/wp\/v2\/categories?post=15188"},{"taxonomy":"post_tag","embeddable":true,"href":"https:\/\/www.fiftyandmemagazine.be\/fr\/wp-json\/wp\/v2\/tags?post=15188"}],"curies":[{"name":"wp","href":"https:\/\/api.w.org\/{rel}","templated":true}]}}