{"id":16535,"date":"2016-05-21T07:15:10","date_gmt":"2016-05-21T05:15:10","guid":{"rendered":"http:\/\/www.life-magazine.be\/fr\/?p=16535"},"modified":"2018-03-07T16:50:51","modified_gmt":"2018-03-07T15:50:51","slug":"seniors-premieres-victimes-incendies","status":"publish","type":"post","link":"https:\/\/www.fiftyandmemagazine.be\/fr\/bien-etre\/home\/seniors-premieres-victimes-incendies","title":{"rendered":"Les seniors, premi\u00e8res victimes des incendies"},"content":{"rendered":"<span class=\"span-reading-time rt-reading-time\" style=\"display: block;\"><span class=\"rt-label rt-prefix\">Reading Time: <\/span> <span class=\"rt-time\"> 2<\/span> <span class=\"rt-label rt-postfix\">minutes<\/span><\/span><p style=\"text-align: justify;\"><strong><span style=\"color: #ff6600;\">S<\/span>elon les pompiers d\u2019Anvers, 50% des victimes d\u00e9c\u00e9d\u00e9es dans un incendie seront \u00e2g\u00e9es de plus de 65 ans d\u2019ici 2030. En cause\u00a0: leur mobilit\u00e9 r\u00e9duite et la propagation rapide du feu. Conseils de pr\u00e9vention.<\/strong><\/p>\n<p style=\"text-align: justify;\"><img loading=\"lazy\" decoding=\"async\" class=\"alignnone size-full wp-image-16537\" src=\"http:\/\/www.life-magazine.be\/fr\/wp-content\/uploads\/2016\/04\/seniors-header-fr.png\" alt=\"seniors-header-fr\" width=\"650\" height=\"250\" srcset=\"https:\/\/www.fiftyandmemagazine.be\/fr\/wp-content\/uploads\/2016\/04\/seniors-header-fr.png 650w, https:\/\/www.fiftyandmemagazine.be\/fr\/wp-content\/uploads\/2016\/04\/seniors-header-fr-315x121.png 315w\" sizes=\"auto, (max-width: 650px) 100vw, 650px\" \/><\/p>\n<p style=\"text-align: justify;\">Les incendies les plus meurtriers sont ceux qui surviennent la nuit et surprennent les victimes dans leur sommeil (c\u2019est le cas de 50% des tu\u00e9s). Ces personnes manquent de temps\u00a0pour s\u2019enfuir, parfois en raison de difficult\u00e9s pour se d\u00e9placer. Les pompiers de la ville d\u2019Anvers tirent la sonnette d\u2019alarme \u00e0 l\u2019\u00e9gard des seniors puisque selon leurs estimations, 50% des victimes d\u00e9c\u00e9d\u00e9es suite \u00e0 des br\u00fblures seront \u00e2g\u00e9es de plus de 65 ans d\u2019ici 2030.<\/p>\n<p style=\"text-align: justify;\">Les deux principales causes d\u2019incendie ont \u00e9galement \u00e9t\u00e9 identifi\u00e9es\u00a0: un appareil \u00e9lectrique d\u00e9faillant ou mal utilis\u00e9 et le fait de fumer \u00e0 l\u2019int\u00e9rieur.<\/p>\n<p style=\"text-align: justify;\">La Fondation des Br\u00fbl\u00e9s transmet les conseils de pr\u00e9vention suivants\u00a0:<\/p>\n<ul>\n<li style=\"text-align: justify;\">Faites contr\u00f4ler votre tableau \u00e9lectrique par un professionnel<\/li>\n<li style=\"text-align: justify;\">Ne connectez pas des bo\u00eetiers \u00e9lectriques les uns aux autres<\/li>\n<li style=\"text-align: justify;\">Ne posez rien sur le t\u00e9l\u00e9viseur<\/li>\n<li style=\"text-align: justify;\">Ne laissez pas la t\u00e9l\u00e9vision en stand-by, \u00e9teignez-la compl\u00e9tement<\/li>\n<li style=\"text-align: justify;\">Ne pliez pas la couverture chauffante pendant l\u2019usage<\/li>\n<li style=\"text-align: justify;\">Ne faites pas s\u00e9cher votre linge sur un appareil de chauffage ou pr\u00e8s d\u2019un po\u00eale<\/li>\n<li style=\"text-align: justify;\">Ne fumez jamais au lit ou dans un fauteuil<\/li>\n<li style=\"text-align: justify;\">Utilisez une minuterie pendant la cuisson afin que vos casseroles et po\u00eales ne surchauffent pas<\/li>\n<li style=\"text-align: justify;\">Ne posez pas de mat\u00e9riaux inflammables (maniques, linge de table, etc.) pr\u00e8s de votre cuisini\u00e8re<\/li>\n<li style=\"text-align: justify;\">Ne portez pas de v\u00eatements trop amples ou des manches larges lorsque vous cuisinez<\/li>\n<li style=\"text-align: justify;\">Eteignez toujours la cafeti\u00e8re lorsque le caf\u00e9 est pass\u00e9<\/li>\n<li style=\"text-align: justify;\">Ne mettez pas de tapis dans la cuisine<\/li>\n<li style=\"text-align: justify;\">Nettoyez les filtres de votre s\u00e8che-linge apr\u00e8s chaque usage<\/li>\n<li style=\"text-align: justify;\">Gardez un t\u00e9l\u00e9phone ou un GSM \u00e0 port\u00e9e de main ou installez un syst\u00e8me d\u2019appel au secours avec bouton poussoir<br \/>\n<hr \/>\n<\/li>\n<\/ul>\n<p style=\"text-align: center;\"><strong><a href=\"http:\/\/misc.emsecure.net\/optiext\/optiextension.dll?ID=Ji6Jn_u%2BdTUZA6JxzV_gJf8CY6AzhHekJM2gGDRrD4bhgVa3Ly7pX7os%2BS9MhUt4er212n_i%2BtpxYm3kgcqxb5NWz5U6Jh\">www.fondationdesbrules.be<\/a><\/strong><\/p>\n","protected":false},"excerpt":{"rendered":"<p><span class=\"span-reading-time rt-reading-time\" style=\"display: block;\"><span class=\"rt-label rt-prefix\">Reading Time: <\/span> <span class=\"rt-time\"> 2<\/span> <span class=\"rt-label rt-postfix\">minutes<\/span><\/span>Selon les pompiers d\u2019Anvers, 50% des victimes d\u00e9c\u00e9d\u00e9es dans un incendie seront \u00e2g\u00e9es de plus de 65 ans d\u2019ici 2030. En cause : leur mobilit\u00e9 r\u00e9duite et la propagation rapide du feu. Conseils de pr\u00e9vention.<\/p>\n","protected":false},"author":2,"featured_media":16541,"comment_status":"open","ping_status":"closed","sticky":false,"template":"","format":"standard","meta":{"_lmt_disableupdate":"","_lmt_disable":"","footnotes":""},"categories":[1136],"tags":[786],"class_list":["post-16535","post","type-post","status-publish","format-standard","has-post-thumbnail","hentry","category-home","tag-senior"],"yoast_head":"<!-- This site is optimized with the Yoast SEO plugin v26.3 - https:\/\/yoast.com\/wordpress\/plugins\/seo\/ -->\n<title>Les seniors, premi\u00e8res victimes des incendies - Fifty &amp; Me MAGAZINE<\/title>\n<meta name=\"robots\" content=\"index, follow, max-snippet:-1, max-image-preview:large, max-video-preview:-1\" \/>\n<link rel=\"canonical\" href=\"https:\/\/www.fiftyandmemagazine.be\/fr\/bien-etre\/home\/seniors-premieres-victimes-incendies\" \/>\n<meta property=\"og:locale\" content=\"fr_FR\" \/>\n<meta property=\"og:type\" content=\"article\" \/>\n<meta property=\"og:title\" content=\"Les seniors, premi\u00e8res victimes des incendies - Fifty &amp; Me MAGAZINE\" \/>\n<meta property=\"og:description\" content=\"Reading Time:  2 minutesSelon les pompiers d\u2019Anvers, 50% des victimes d\u00e9c\u00e9d\u00e9es dans un incendie seront \u00e2g\u00e9es de plus de 65 ans d\u2019ici 2030. En cause : leur mobilit\u00e9 r\u00e9duite et la propagation rapide du feu. Conseils de pr\u00e9vention.\" \/>\n<meta property=\"og:url\" content=\"https:\/\/www.fiftyandmemagazine.be\/fr\/bien-etre\/home\/seniors-premieres-victimes-incendies\" \/>\n<meta property=\"og:site_name\" content=\"Fifty &amp; Me MAGAZINE\" \/>\n<meta property=\"article:published_time\" content=\"2016-05-21T05:15:10+00:00\" \/>\n<meta property=\"article:modified_time\" content=\"2018-03-07T15:50:51+00:00\" \/>\n<meta property=\"og:image\" content=\"https:\/\/www.fiftyandmemagazine.be\/fr\/wp-content\/uploads\/2016\/04\/UNE-Life-Magazine-19.jpg\" \/>\n\t<meta property=\"og:image:width\" content=\"600\" \/>\n\t<meta property=\"og:image:height\" content=\"520\" \/>\n\t<meta property=\"og:image:type\" content=\"image\/jpeg\" \/>\n<meta name=\"author\" content=\"Ga\u00eblle Mauroit\" \/>\n<meta name=\"twitter:card\" content=\"summary_large_image\" \/>\n<meta name=\"twitter:label1\" content=\"\u00c9crit par\" \/>\n\t<meta name=\"twitter:data1\" content=\"Ga\u00eblle Mauroit\" \/>\n\t<meta name=\"twitter:label2\" content=\"Dur\u00e9e de lecture estim\u00e9e\" \/>\n\t<meta name=\"twitter:data2\" content=\"2 minutes\" \/>\n<script type=\"application\/ld+json\" class=\"yoast-schema-graph\">{\"@context\":\"https:\/\/schema.org\",\"@graph\":[{\"@type\":\"WebPage\",\"@id\":\"https:\/\/www.fiftyandmemagazine.be\/fr\/bien-etre\/home\/seniors-premieres-victimes-incendies\",\"url\":\"https:\/\/www.fiftyandmemagazine.be\/fr\/bien-etre\/home\/seniors-premieres-victimes-incendies\",\"name\":\"Les seniors, premi\u00e8res victimes des incendies - Fifty &amp; Me MAGAZINE\",\"isPartOf\":{\"@id\":\"https:\/\/www.fiftyandmemagazine.be\/fr\/#website\"},\"primaryImageOfPage\":{\"@id\":\"https:\/\/www.fiftyandmemagazine.be\/fr\/bien-etre\/home\/seniors-premieres-victimes-incendies#primaryimage\"},\"image\":{\"@id\":\"https:\/\/www.fiftyandmemagazine.be\/fr\/bien-etre\/home\/seniors-premieres-victimes-incendies#primaryimage\"},\"thumbnailUrl\":\"https:\/\/www.fiftyandmemagazine.be\/fr\/wp-content\/uploads\/2016\/04\/UNE-Life-Magazine-19.jpg\",\"datePublished\":\"2016-05-21T05:15:10+00:00\",\"dateModified\":\"2018-03-07T15:50:51+00:00\",\"author\":{\"@id\":\"https:\/\/www.fiftyandmemagazine.be\/fr\/#\/schema\/person\/d73538edb012161ebf7d953b667bb15b\"},\"breadcrumb\":{\"@id\":\"https:\/\/www.fiftyandmemagazine.be\/fr\/bien-etre\/home\/seniors-premieres-victimes-incendies#breadcrumb\"},\"inLanguage\":\"fr-FR\",\"potentialAction\":[{\"@type\":\"ReadAction\",\"target\":[\"https:\/\/www.fiftyandmemagazine.be\/fr\/bien-etre\/home\/seniors-premieres-victimes-incendies\"]}]},{\"@type\":\"ImageObject\",\"inLanguage\":\"fr-FR\",\"@id\":\"https:\/\/www.fiftyandmemagazine.be\/fr\/bien-etre\/home\/seniors-premieres-victimes-incendies#primaryimage\",\"url\":\"https:\/\/www.fiftyandmemagazine.be\/fr\/wp-content\/uploads\/2016\/04\/UNE-Life-Magazine-19.jpg\",\"contentUrl\":\"https:\/\/www.fiftyandmemagazine.be\/fr\/wp-content\/uploads\/2016\/04\/UNE-Life-Magazine-19.jpg\",\"width\":600,\"height\":520},{\"@type\":\"BreadcrumbList\",\"@id\":\"https:\/\/www.fiftyandmemagazine.be\/fr\/bien-etre\/home\/seniors-premieres-victimes-incendies#breadcrumb\",\"itemListElement\":[{\"@type\":\"ListItem\",\"position\":1,\"name\":\"Bien-\u00catre\",\"item\":\"https:\/\/www.fiftyandmemagazine.be\/fr\/bien-etre\"},{\"@type\":\"ListItem\",\"position\":2,\"name\":\"Home\",\"item\":\"https:\/\/www.fiftyandmemagazine.be\/fr\/bien-etre\/home\"},{\"@type\":\"ListItem\",\"position\":3,\"name\":\"Les seniors, premi\u00e8res victimes des incendies\"}]},{\"@type\":\"WebSite\",\"@id\":\"https:\/\/www.fiftyandmemagazine.be\/fr\/#website\",\"url\":\"https:\/\/www.fiftyandmemagazine.be\/fr\/\",\"name\":\"Fifty &amp; Me MAGAZINE\",\"description\":\"Et si la vie commen\u00e7ait \u00e0 50 ans ?\",\"potentialAction\":[{\"@type\":\"SearchAction\",\"target\":{\"@type\":\"EntryPoint\",\"urlTemplate\":\"https:\/\/www.fiftyandmemagazine.be\/fr\/?s={search_term_string}\"},\"query-input\":{\"@type\":\"PropertyValueSpecification\",\"valueRequired\":true,\"valueName\":\"search_term_string\"}}],\"inLanguage\":\"fr-FR\"},{\"@type\":\"Person\",\"@id\":\"https:\/\/www.fiftyandmemagazine.be\/fr\/#\/schema\/person\/d73538edb012161ebf7d953b667bb15b\",\"name\":\"Ga\u00eblle Mauroit\",\"url\":\"https:\/\/www.fiftyandmemagazine.be\/fr\/author\/gaelle\"}]}<\/script>\n<!-- \/ Yoast SEO plugin. -->","yoast_head_json":{"title":"Les seniors, premi\u00e8res victimes des incendies - Fifty &amp; Me MAGAZINE","robots":{"index":"index","follow":"follow","max-snippet":"max-snippet:-1","max-image-preview":"max-image-preview:large","max-video-preview":"max-video-preview:-1"},"canonical":"https:\/\/www.fiftyandmemagazine.be\/fr\/bien-etre\/home\/seniors-premieres-victimes-incendies","og_locale":"fr_FR","og_type":"article","og_title":"Les seniors, premi\u00e8res victimes des incendies - Fifty &amp; Me MAGAZINE","og_description":"Reading Time:  2 minutesSelon les pompiers d\u2019Anvers, 50% des victimes d\u00e9c\u00e9d\u00e9es dans un incendie seront \u00e2g\u00e9es de plus de 65 ans d\u2019ici 2030. En cause : leur mobilit\u00e9 r\u00e9duite et la propagation rapide du feu. Conseils de pr\u00e9vention.","og_url":"https:\/\/www.fiftyandmemagazine.be\/fr\/bien-etre\/home\/seniors-premieres-victimes-incendies","og_site_name":"Fifty &amp; Me MAGAZINE","article_published_time":"2016-05-21T05:15:10+00:00","article_modified_time":"2018-03-07T15:50:51+00:00","og_image":[{"width":600,"height":520,"url":"https:\/\/www.fiftyandmemagazine.be\/fr\/wp-content\/uploads\/2016\/04\/UNE-Life-Magazine-19.jpg","type":"image\/jpeg"}],"author":"Ga\u00eblle Mauroit","twitter_card":"summary_large_image","twitter_misc":{"\u00c9crit par":"Ga\u00eblle Mauroit","Dur\u00e9e de lecture estim\u00e9e":"2 minutes"},"schema":{"@context":"https:\/\/schema.org","@graph":[{"@type":"WebPage","@id":"https:\/\/www.fiftyandmemagazine.be\/fr\/bien-etre\/home\/seniors-premieres-victimes-incendies","url":"https:\/\/www.fiftyandmemagazine.be\/fr\/bien-etre\/home\/seniors-premieres-victimes-incendies","name":"Les seniors, premi\u00e8res victimes des incendies - Fifty &amp; Me MAGAZINE","isPartOf":{"@id":"https:\/\/www.fiftyandmemagazine.be\/fr\/#website"},"primaryImageOfPage":{"@id":"https:\/\/www.fiftyandmemagazine.be\/fr\/bien-etre\/home\/seniors-premieres-victimes-incendies#primaryimage"},"image":{"@id":"https:\/\/www.fiftyandmemagazine.be\/fr\/bien-etre\/home\/seniors-premieres-victimes-incendies#primaryimage"},"thumbnailUrl":"https:\/\/www.fiftyandmemagazine.be\/fr\/wp-content\/uploads\/2016\/04\/UNE-Life-Magazine-19.jpg","datePublished":"2016-05-21T05:15:10+00:00","dateModified":"2018-03-07T15:50:51+00:00","author":{"@id":"https:\/\/www.fiftyandmemagazine.be\/fr\/#\/schema\/person\/d73538edb012161ebf7d953b667bb15b"},"breadcrumb":{"@id":"https:\/\/www.fiftyandmemagazine.be\/fr\/bien-etre\/home\/seniors-premieres-victimes-incendies#breadcrumb"},"inLanguage":"fr-FR","potentialAction":[{"@type":"ReadAction","target":["https:\/\/www.fiftyandmemagazine.be\/fr\/bien-etre\/home\/seniors-premieres-victimes-incendies"]}]},{"@type":"ImageObject","inLanguage":"fr-FR","@id":"https:\/\/www.fiftyandmemagazine.be\/fr\/bien-etre\/home\/seniors-premieres-victimes-incendies#primaryimage","url":"https:\/\/www.fiftyandmemagazine.be\/fr\/wp-content\/uploads\/2016\/04\/UNE-Life-Magazine-19.jpg","contentUrl":"https:\/\/www.fiftyandmemagazine.be\/fr\/wp-content\/uploads\/2016\/04\/UNE-Life-Magazine-19.jpg","width":600,"height":520},{"@type":"BreadcrumbList","@id":"https:\/\/www.fiftyandmemagazine.be\/fr\/bien-etre\/home\/seniors-premieres-victimes-incendies#breadcrumb","itemListElement":[{"@type":"ListItem","position":1,"name":"Bien-\u00catre","item":"https:\/\/www.fiftyandmemagazine.be\/fr\/bien-etre"},{"@type":"ListItem","position":2,"name":"Home","item":"https:\/\/www.fiftyandmemagazine.be\/fr\/bien-etre\/home"},{"@type":"ListItem","position":3,"name":"Les seniors, premi\u00e8res victimes des incendies"}]},{"@type":"WebSite","@id":"https:\/\/www.fiftyandmemagazine.be\/fr\/#website","url":"https:\/\/www.fiftyandmemagazine.be\/fr\/","name":"Fifty &amp; Me MAGAZINE","description":"Et si la vie commen\u00e7ait \u00e0 50 ans ?","potentialAction":[{"@type":"SearchAction","target":{"@type":"EntryPoint","urlTemplate":"https:\/\/www.fiftyandmemagazine.be\/fr\/?s={search_term_string}"},"query-input":{"@type":"PropertyValueSpecification","valueRequired":true,"valueName":"search_term_string"}}],"inLanguage":"fr-FR"},{"@type":"Person","@id":"https:\/\/www.fiftyandmemagazine.be\/fr\/#\/schema\/person\/d73538edb012161ebf7d953b667bb15b","name":"Ga\u00eblle Mauroit","url":"https:\/\/www.fiftyandmemagazine.be\/fr\/author\/gaelle"}]}},"modified_by":"Laurie Deboelpaep","_links":{"self":[{"href":"https:\/\/www.fiftyandmemagazine.be\/fr\/wp-json\/wp\/v2\/posts\/16535","targetHints":{"allow":["GET"]}}],"collection":[{"href":"https:\/\/www.fiftyandmemagazine.be\/fr\/wp-json\/wp\/v2\/posts"}],"about":[{"href":"https:\/\/www.fiftyandmemagazine.be\/fr\/wp-json\/wp\/v2\/types\/post"}],"author":[{"embeddable":true,"href":"https:\/\/www.fiftyandmemagazine.be\/fr\/wp-json\/wp\/v2\/users\/2"}],"replies":[{"embeddable":true,"href":"https:\/\/www.fiftyandmemagazine.be\/fr\/wp-json\/wp\/v2\/comments?post=16535"}],"version-history":[{"count":0,"href":"https:\/\/www.fiftyandmemagazine.be\/fr\/wp-json\/wp\/v2\/posts\/16535\/revisions"}],"wp:featuredmedia":[{"embeddable":true,"href":"https:\/\/www.fiftyandmemagazine.be\/fr\/wp-json\/wp\/v2\/media\/16541"}],"wp:attachment":[{"href":"https:\/\/www.fiftyandmemagazine.be\/fr\/wp-json\/wp\/v2\/media?parent=16535"}],"wp:term":[{"taxonomy":"category","embeddable":true,"href":"https:\/\/www.fiftyandmemagazine.be\/fr\/wp-json\/wp\/v2\/categories?post=16535"},{"taxonomy":"post_tag","embeddable":true,"href":"https:\/\/www.fiftyandmemagazine.be\/fr\/wp-json\/wp\/v2\/tags?post=16535"}],"curies":[{"name":"wp","href":"https:\/\/api.w.org\/{rel}","templated":true}]}}