{"id":23423,"date":"2017-03-03T09:33:25","date_gmt":"2017-03-03T08:33:25","guid":{"rendered":"http:\/\/www.life-magazine.be\/fr\/?p=23423"},"modified":"2018-03-07T16:18:22","modified_gmt":"2018-03-07T15:18:22","slug":"quel-produit-capillaire-adopter-apres-50-ans","status":"publish","type":"post","link":"https:\/\/www.fiftyandmemagazine.be\/fr\/beaute\/cheveux\/quel-produit-capillaire-adopter-apres-50-ans","title":{"rendered":"Quel produit capillaire adopter apr\u00e8s 50 ans ?"},"content":{"rendered":"<span class=\"span-reading-time rt-reading-time\" style=\"display: block;\"><span class=\"rt-label rt-prefix\">Reading Time: <\/span> <span class=\"rt-time\"> 2<\/span> <span class=\"rt-label rt-postfix\">minutes<\/span><\/span><p><strong>Avec l\u2018\u00e2ge, les cheveux deviennent plus secs, plus ternes et l\u00e9g\u00e8rement d\u00e9vitalis\u00e9s. Ces femmes font face \u00e0 un dilemme\u00a0: doivent-elle sacrifier leur d\u00e9sir de naturalit\u00e9 pour obtenir de beaux cheveux et une mati\u00e8re soyeuse et ma\u00eetris\u00e9e\u00a0?<\/strong> <strong>Nous avons trouv\u00e9 une solution nomm\u00e9e Aura Botanica. C\u2019est la toute premi\u00e8re ligne de soins capillaires naturels de <a href=\"http:\/\/www.life-magazine.be\/fr\/bien-etre\/20771-nouveau-protocole-revolutionnaire-de-kerastase.html\" target=\"_blank\">K\u00e9rastase<\/a> d\u00e9di\u00e9e aux cheveux ternes et l\u00e9g\u00e8rement d\u00e9vitalis\u00e9s.<\/strong><\/p>\n<p style=\"text-align: right;\"><em>Par Ga\u00eblle Dehenain<\/em><\/p>\n<h3><strong>Le concept<\/strong><\/h3>\n<p>Les femmes se soucient de plus en plus de l\u2019origine des ingr\u00e9dients utilis\u00e9s pour entretenir la beaut\u00e9 de leurs cheveux. K\u00e9rastase propose toujours des produits sur-mesure adapt\u00e9s aux modes de vie des femmes. Ils sont donc retourn\u00e9s aux sources de la nature pour \u00e9laborer une ligne de soins avec 98% d\u2019ingr\u00e9dients d\u2019origine naturelle. Tous les produits d\u2019Aura Botanica contiennent de l\u2019huile d\u2019argan et de coco d\u2019origine naturelle. Elles sont certifi\u00e9es \u00e9quitables et solidaires, en pur respect des communaut\u00e9s locales qui les cultivent et les r\u00e9coltent.<\/p>\n<h3><strong>Nous avons test\u00e9 cette nouvelle gamme de produits capillaires pour les plus de 50 ans<\/strong><\/h3>\n<p>La gamme est constitu\u00e9e de 4 produits\u00a0:<\/p>\n<ul>\n<li><strong>Le Bain Micellaire\u00a0<\/strong>: Ce shampoing doux et efficace \u00e9limine toutes les impuret\u00e9s de la fibre pour la pr\u00e9parer \u00e0 recevoir le prochain soin. Les cheveux ne sont ni alourdi ni gain\u00e9e, ni huil\u00e9s. Son doux parfum d\u2019orange douces est la cerise sur le g\u00e2teau.<\/li>\n<li><strong>Le soin fondamental\u00a0<\/strong>: Cet apr\u00e8s-shampoing assure 48h de nutrition et neutralise les frisottis. Il d\u00e9m\u00eale les cheveux tout en douceur.<\/li>\n<li><strong>Le concentr\u00e9 Essentiel\u00a0<\/strong>: ce s\u00e9rum peut s\u2019utiliser de plusieurs mani\u00e8res. Soit on pr\u00e9l\u00e8ve 2 \u00e0 3 gouttes qu\u2019on fait p\u00e9n\u00e9trer \u00e0 sec sur ses longueurs. C\u2019est un soin personnalisable que l\u2019on peut appliquer en pr\u00e9-shampooing sur le cuir chevelu et\/ou sur \u00a0les longueurs et les pointes. On peut aussi le m\u00e9langer au Soin Fondamental en cas de cheveux tr\u00e8s sensibilis\u00e9s.<\/li>\n<li><strong>L\u2019essence d\u2019\u00e9clat\u00a0<\/strong>: Cette huile s\u2019applique sur cheveux essor\u00e9s ou sur cheveux secs pour intensifier douceur et brillance.<\/li>\n<\/ul>\n<p>&nbsp;<\/p>\n<p><strong>\u00a0<img loading=\"lazy\" decoding=\"async\" class=\"size-full wp-image-23429 aligncenter\" src=\"http:\/\/www.life-magazine.be\/fr\/wp-content\/uploads\/2017\/03\/kerastase-life-magazine.jpg\" alt=\"photo produits Kerastase\" width=\"640\" height=\"415\" \/><\/strong><\/p>\n<p>&nbsp;<\/p>\n<h3><strong>Ses points forts<\/strong><\/h3>\n<ul>\n<li>Un packaging eco-responsable<\/li>\n<li>Le bouchon des produits permet d\u2019\u00e9conomiser 45 tonnes de plastiques par an.<\/li>\n<li>Les produits sont emball\u00e9s dans un plastique 100% PCR (recycl\u00e9 post-consommation)<\/li>\n<li>Le shampooing\u00a0et le soin sont biod\u00e9gradables \u00e0 99 %, un exploit pour une gamme capillaire de luxe.<\/li>\n<li>On apporte le luxe capillaire chez soi. Tous les produits sont disponibles \u00e0 la vente.<\/li>\n<\/ul>\n<p>&nbsp;<\/p>\n<p><strong>Vous\u00a0commencez \u00e0 avoir <a href=\"http:\/\/www.life-magazine.be\/fr\/bien-etre\/23326-comment-masquer-ses-cheveux-blancs.html\" target=\"_blank\">des cheveux\u00a0blancs<\/a>? Allez\u00a0voir notre article qui vous guidera sur toutes les solutions qui\u00a0s&rsquo;offrent \u00e0 vous. <\/strong><strong>\u00a0Et si les produits\u00a0naturels vous int\u00e9ressent, notre\u00a0article sur <a href=\"http:\/\/www.life-magazine.be\/fr\/bien-etre\/15188-cosmethiques.html\" target=\"_blank\">les cosm\u00e9t(h)iques<\/a>\u00a0devrait vous plaire.<\/strong><\/p>\n","protected":false},"excerpt":{"rendered":"<p><span class=\"span-reading-time rt-reading-time\" style=\"display: block;\"><span class=\"rt-label rt-prefix\">Reading Time: <\/span> <span class=\"rt-time\"> 2<\/span> <span class=\"rt-label rt-postfix\">minutes<\/span><\/span>Vos cheveux deviennent plus secs, plus ternes et l\u00e9g\u00e8rement d\u00e9vitalis\u00e9s ? 4 nouveaux produits naturels au banc d&rsquo;essai&#8230; <\/p>\n","protected":false},"author":9,"featured_media":23433,"comment_status":"open","ping_status":"closed","sticky":false,"template":"","format":"standard","meta":{"_lmt_disableupdate":"","_lmt_disable":"","footnotes":""},"categories":[1114],"tags":[380,766],"class_list":["post-23423","post","type-post","status-publish","format-standard","has-post-thumbnail","hentry","category-cheveux","tag-beaute","tag-nouveautes"],"yoast_head":"<!-- This site is optimized with the Yoast SEO plugin v26.3 - https:\/\/yoast.com\/wordpress\/plugins\/seo\/ -->\n<title>Quel produit capillaire adopter apr\u00e8s 50 ans ? - Fifty &amp; Me MAGAZINE<\/title>\n<meta name=\"description\" content=\"Avec l\u2018\u00e2ge, les cheveux deviennent plus secs, plus ternes et l\u00e9g\u00e8rement d\u00e9vitalis\u00e9s. Nous avons trouv\u00e9 une solution nomm\u00e9e Aura Botanica.\" \/>\n<meta name=\"robots\" content=\"index, follow, max-snippet:-1, max-image-preview:large, max-video-preview:-1\" \/>\n<link rel=\"canonical\" href=\"https:\/\/www.fiftyandmemagazine.be\/fr\/beaute\/cheveux\/quel-produit-capillaire-adopter-apres-50-ans\" \/>\n<meta property=\"og:locale\" content=\"fr_FR\" \/>\n<meta property=\"og:type\" content=\"article\" \/>\n<meta property=\"og:title\" content=\"Quel produit capillaire adopter apr\u00e8s 50 ans ? - Fifty &amp; Me MAGAZINE\" \/>\n<meta property=\"og:description\" content=\"Avec l\u2018\u00e2ge, les cheveux deviennent plus secs, plus ternes et l\u00e9g\u00e8rement d\u00e9vitalis\u00e9s. Nous avons trouv\u00e9 une solution nomm\u00e9e Aura Botanica.\" \/>\n<meta property=\"og:url\" content=\"https:\/\/www.fiftyandmemagazine.be\/fr\/beaute\/cheveux\/quel-produit-capillaire-adopter-apres-50-ans\" \/>\n<meta property=\"og:site_name\" content=\"Fifty &amp; Me MAGAZINE\" \/>\n<meta property=\"article:published_time\" content=\"2017-03-03T08:33:25+00:00\" \/>\n<meta property=\"article:modified_time\" content=\"2018-03-07T15:18:22+00:00\" \/>\n<meta property=\"og:image\" content=\"https:\/\/www.fiftyandmemagazine.be\/fr\/wp-content\/uploads\/2017\/03\/soin-capillaire-life-magazine.jpg\" \/>\n\t<meta property=\"og:image:width\" content=\"1110\" \/>\n\t<meta property=\"og:image:height\" content=\"740\" \/>\n\t<meta property=\"og:image:type\" content=\"image\/jpeg\" \/>\n<meta name=\"author\" content=\"Gaelle Dehenain\" \/>\n<meta name=\"twitter:card\" content=\"summary_large_image\" \/>\n<meta name=\"twitter:label1\" content=\"\u00c9crit par\" \/>\n\t<meta name=\"twitter:data1\" content=\"Gaelle Dehenain\" \/>\n\t<meta name=\"twitter:label2\" content=\"Dur\u00e9e de lecture estim\u00e9e\" \/>\n\t<meta name=\"twitter:data2\" content=\"2 minutes\" \/>\n<script type=\"application\/ld+json\" class=\"yoast-schema-graph\">{\"@context\":\"https:\/\/schema.org\",\"@graph\":[{\"@type\":\"WebPage\",\"@id\":\"https:\/\/www.fiftyandmemagazine.be\/fr\/beaute\/cheveux\/quel-produit-capillaire-adopter-apres-50-ans\",\"url\":\"https:\/\/www.fiftyandmemagazine.be\/fr\/beaute\/cheveux\/quel-produit-capillaire-adopter-apres-50-ans\",\"name\":\"Quel produit capillaire adopter apr\u00e8s 50 ans ? - Fifty &amp; Me MAGAZINE\",\"isPartOf\":{\"@id\":\"https:\/\/www.fiftyandmemagazine.be\/fr\/#website\"},\"primaryImageOfPage\":{\"@id\":\"https:\/\/www.fiftyandmemagazine.be\/fr\/beaute\/cheveux\/quel-produit-capillaire-adopter-apres-50-ans#primaryimage\"},\"image\":{\"@id\":\"https:\/\/www.fiftyandmemagazine.be\/fr\/beaute\/cheveux\/quel-produit-capillaire-adopter-apres-50-ans#primaryimage\"},\"thumbnailUrl\":\"https:\/\/www.fiftyandmemagazine.be\/fr\/wp-content\/uploads\/2017\/03\/soin-capillaire-life-magazine.jpg\",\"datePublished\":\"2017-03-03T08:33:25+00:00\",\"dateModified\":\"2018-03-07T15:18:22+00:00\",\"author\":{\"@id\":\"https:\/\/www.fiftyandmemagazine.be\/fr\/#\/schema\/person\/00279fbd4b5a6844247dbd2f50229f38\"},\"description\":\"Avec l\u2018\u00e2ge, les cheveux deviennent plus secs, plus ternes et l\u00e9g\u00e8rement d\u00e9vitalis\u00e9s. Nous avons trouv\u00e9 une solution nomm\u00e9e Aura Botanica.\",\"breadcrumb\":{\"@id\":\"https:\/\/www.fiftyandmemagazine.be\/fr\/beaute\/cheveux\/quel-produit-capillaire-adopter-apres-50-ans#breadcrumb\"},\"inLanguage\":\"fr-FR\",\"potentialAction\":[{\"@type\":\"ReadAction\",\"target\":[\"https:\/\/www.fiftyandmemagazine.be\/fr\/beaute\/cheveux\/quel-produit-capillaire-adopter-apres-50-ans\"]}]},{\"@type\":\"ImageObject\",\"inLanguage\":\"fr-FR\",\"@id\":\"https:\/\/www.fiftyandmemagazine.be\/fr\/beaute\/cheveux\/quel-produit-capillaire-adopter-apres-50-ans#primaryimage\",\"url\":\"https:\/\/www.fiftyandmemagazine.be\/fr\/wp-content\/uploads\/2017\/03\/soin-capillaire-life-magazine.jpg\",\"contentUrl\":\"https:\/\/www.fiftyandmemagazine.be\/fr\/wp-content\/uploads\/2017\/03\/soin-capillaire-life-magazine.jpg\",\"width\":1110,\"height\":740,\"caption\":\"photo soins capillaire apr\u00e8s 50 ans\"},{\"@type\":\"BreadcrumbList\",\"@id\":\"https:\/\/www.fiftyandmemagazine.be\/fr\/beaute\/cheveux\/quel-produit-capillaire-adopter-apres-50-ans#breadcrumb\",\"itemListElement\":[{\"@type\":\"ListItem\",\"position\":1,\"name\":\"Bien-\u00catre\",\"item\":\"https:\/\/www.fiftyandmemagazine.be\/fr\/bien-etre\"},{\"@type\":\"ListItem\",\"position\":2,\"name\":\"Quel produit capillaire adopter apr\u00e8s 50 ans ?\"}]},{\"@type\":\"WebSite\",\"@id\":\"https:\/\/www.fiftyandmemagazine.be\/fr\/#website\",\"url\":\"https:\/\/www.fiftyandmemagazine.be\/fr\/\",\"name\":\"Fifty &amp; Me MAGAZINE\",\"description\":\"Et si la vie commen\u00e7ait \u00e0 50 ans ?\",\"potentialAction\":[{\"@type\":\"SearchAction\",\"target\":{\"@type\":\"EntryPoint\",\"urlTemplate\":\"https:\/\/www.fiftyandmemagazine.be\/fr\/?s={search_term_string}\"},\"query-input\":{\"@type\":\"PropertyValueSpecification\",\"valueRequired\":true,\"valueName\":\"search_term_string\"}}],\"inLanguage\":\"fr-FR\"},{\"@type\":\"Person\",\"@id\":\"https:\/\/www.fiftyandmemagazine.be\/fr\/#\/schema\/person\/00279fbd4b5a6844247dbd2f50229f38\",\"name\":\"Gaelle Dehenain\",\"url\":\"https:\/\/www.fiftyandmemagazine.be\/fr\/author\/gde\"}]}<\/script>\n<!-- \/ Yoast SEO plugin. -->","yoast_head_json":{"title":"Quel produit capillaire adopter apr\u00e8s 50 ans ? - Fifty &amp; Me MAGAZINE","description":"Avec l\u2018\u00e2ge, les cheveux deviennent plus secs, plus ternes et l\u00e9g\u00e8rement d\u00e9vitalis\u00e9s. Nous avons trouv\u00e9 une solution nomm\u00e9e Aura Botanica.","robots":{"index":"index","follow":"follow","max-snippet":"max-snippet:-1","max-image-preview":"max-image-preview:large","max-video-preview":"max-video-preview:-1"},"canonical":"https:\/\/www.fiftyandmemagazine.be\/fr\/beaute\/cheveux\/quel-produit-capillaire-adopter-apres-50-ans","og_locale":"fr_FR","og_type":"article","og_title":"Quel produit capillaire adopter apr\u00e8s 50 ans ? - Fifty &amp; Me MAGAZINE","og_description":"Avec l\u2018\u00e2ge, les cheveux deviennent plus secs, plus ternes et l\u00e9g\u00e8rement d\u00e9vitalis\u00e9s. Nous avons trouv\u00e9 une solution nomm\u00e9e Aura Botanica.","og_url":"https:\/\/www.fiftyandmemagazine.be\/fr\/beaute\/cheveux\/quel-produit-capillaire-adopter-apres-50-ans","og_site_name":"Fifty &amp; Me MAGAZINE","article_published_time":"2017-03-03T08:33:25+00:00","article_modified_time":"2018-03-07T15:18:22+00:00","og_image":[{"width":1110,"height":740,"url":"https:\/\/www.fiftyandmemagazine.be\/fr\/wp-content\/uploads\/2017\/03\/soin-capillaire-life-magazine.jpg","type":"image\/jpeg"}],"author":"Gaelle Dehenain","twitter_card":"summary_large_image","twitter_misc":{"\u00c9crit par":"Gaelle Dehenain","Dur\u00e9e de lecture estim\u00e9e":"2 minutes"},"schema":{"@context":"https:\/\/schema.org","@graph":[{"@type":"WebPage","@id":"https:\/\/www.fiftyandmemagazine.be\/fr\/beaute\/cheveux\/quel-produit-capillaire-adopter-apres-50-ans","url":"https:\/\/www.fiftyandmemagazine.be\/fr\/beaute\/cheveux\/quel-produit-capillaire-adopter-apres-50-ans","name":"Quel produit capillaire adopter apr\u00e8s 50 ans ? - Fifty &amp; Me MAGAZINE","isPartOf":{"@id":"https:\/\/www.fiftyandmemagazine.be\/fr\/#website"},"primaryImageOfPage":{"@id":"https:\/\/www.fiftyandmemagazine.be\/fr\/beaute\/cheveux\/quel-produit-capillaire-adopter-apres-50-ans#primaryimage"},"image":{"@id":"https:\/\/www.fiftyandmemagazine.be\/fr\/beaute\/cheveux\/quel-produit-capillaire-adopter-apres-50-ans#primaryimage"},"thumbnailUrl":"https:\/\/www.fiftyandmemagazine.be\/fr\/wp-content\/uploads\/2017\/03\/soin-capillaire-life-magazine.jpg","datePublished":"2017-03-03T08:33:25+00:00","dateModified":"2018-03-07T15:18:22+00:00","author":{"@id":"https:\/\/www.fiftyandmemagazine.be\/fr\/#\/schema\/person\/00279fbd4b5a6844247dbd2f50229f38"},"description":"Avec l\u2018\u00e2ge, les cheveux deviennent plus secs, plus ternes et l\u00e9g\u00e8rement d\u00e9vitalis\u00e9s. Nous avons trouv\u00e9 une solution nomm\u00e9e Aura Botanica.","breadcrumb":{"@id":"https:\/\/www.fiftyandmemagazine.be\/fr\/beaute\/cheveux\/quel-produit-capillaire-adopter-apres-50-ans#breadcrumb"},"inLanguage":"fr-FR","potentialAction":[{"@type":"ReadAction","target":["https:\/\/www.fiftyandmemagazine.be\/fr\/beaute\/cheveux\/quel-produit-capillaire-adopter-apres-50-ans"]}]},{"@type":"ImageObject","inLanguage":"fr-FR","@id":"https:\/\/www.fiftyandmemagazine.be\/fr\/beaute\/cheveux\/quel-produit-capillaire-adopter-apres-50-ans#primaryimage","url":"https:\/\/www.fiftyandmemagazine.be\/fr\/wp-content\/uploads\/2017\/03\/soin-capillaire-life-magazine.jpg","contentUrl":"https:\/\/www.fiftyandmemagazine.be\/fr\/wp-content\/uploads\/2017\/03\/soin-capillaire-life-magazine.jpg","width":1110,"height":740,"caption":"photo soins capillaire apr\u00e8s 50 ans"},{"@type":"BreadcrumbList","@id":"https:\/\/www.fiftyandmemagazine.be\/fr\/beaute\/cheveux\/quel-produit-capillaire-adopter-apres-50-ans#breadcrumb","itemListElement":[{"@type":"ListItem","position":1,"name":"Bien-\u00catre","item":"https:\/\/www.fiftyandmemagazine.be\/fr\/bien-etre"},{"@type":"ListItem","position":2,"name":"Quel produit capillaire adopter apr\u00e8s 50 ans ?"}]},{"@type":"WebSite","@id":"https:\/\/www.fiftyandmemagazine.be\/fr\/#website","url":"https:\/\/www.fiftyandmemagazine.be\/fr\/","name":"Fifty &amp; Me MAGAZINE","description":"Et si la vie commen\u00e7ait \u00e0 50 ans ?","potentialAction":[{"@type":"SearchAction","target":{"@type":"EntryPoint","urlTemplate":"https:\/\/www.fiftyandmemagazine.be\/fr\/?s={search_term_string}"},"query-input":{"@type":"PropertyValueSpecification","valueRequired":true,"valueName":"search_term_string"}}],"inLanguage":"fr-FR"},{"@type":"Person","@id":"https:\/\/www.fiftyandmemagazine.be\/fr\/#\/schema\/person\/00279fbd4b5a6844247dbd2f50229f38","name":"Gaelle Dehenain","url":"https:\/\/www.fiftyandmemagazine.be\/fr\/author\/gde"}]}},"modified_by":"Gaelle Dehenain","_links":{"self":[{"href":"https:\/\/www.fiftyandmemagazine.be\/fr\/wp-json\/wp\/v2\/posts\/23423","targetHints":{"allow":["GET"]}}],"collection":[{"href":"https:\/\/www.fiftyandmemagazine.be\/fr\/wp-json\/wp\/v2\/posts"}],"about":[{"href":"https:\/\/www.fiftyandmemagazine.be\/fr\/wp-json\/wp\/v2\/types\/post"}],"author":[{"embeddable":true,"href":"https:\/\/www.fiftyandmemagazine.be\/fr\/wp-json\/wp\/v2\/users\/9"}],"replies":[{"embeddable":true,"href":"https:\/\/www.fiftyandmemagazine.be\/fr\/wp-json\/wp\/v2\/comments?post=23423"}],"version-history":[{"count":0,"href":"https:\/\/www.fiftyandmemagazine.be\/fr\/wp-json\/wp\/v2\/posts\/23423\/revisions"}],"wp:featuredmedia":[{"embeddable":true,"href":"https:\/\/www.fiftyandmemagazine.be\/fr\/wp-json\/wp\/v2\/media\/23433"}],"wp:attachment":[{"href":"https:\/\/www.fiftyandmemagazine.be\/fr\/wp-json\/wp\/v2\/media?parent=23423"}],"wp:term":[{"taxonomy":"category","embeddable":true,"href":"https:\/\/www.fiftyandmemagazine.be\/fr\/wp-json\/wp\/v2\/categories?post=23423"},{"taxonomy":"post_tag","embeddable":true,"href":"https:\/\/www.fiftyandmemagazine.be\/fr\/wp-json\/wp\/v2\/tags?post=23423"}],"curies":[{"name":"wp","href":"https:\/\/api.w.org\/{rel}","templated":true}]}}