{"id":26667,"date":"2017-07-13T06:55:41","date_gmt":"2017-07-13T04:55:41","guid":{"rendered":"http:\/\/www.fiftyandmemagazine.be\/fr\/?p=26667"},"modified":"2018-03-07T16:41:18","modified_gmt":"2018-03-07T15:41:18","slug":"prendre-soin-de-peau-cet-ete","status":"publish","type":"post","link":"https:\/\/www.fiftyandmemagazine.be\/fr\/sante\/bien-vieillir\/prendre-soin-de-peau-cet-ete","title":{"rendered":"Comment prendre soin de sa peau cet \u00e9t\u00e9 ?"},"content":{"rendered":"<span class=\"span-reading-time rt-reading-time\" style=\"display: block;\"><span class=\"rt-label rt-prefix\">Reading Time: <\/span> <span class=\"rt-time\"> 5<\/span> <span class=\"rt-label rt-postfix\">minutes<\/span><\/span><p style=\"text-align: justify;\"><strong>En \u00e9t\u00e9, les cr\u00e8mes se font aqueuses, se gorgent d\u2019actifs hydratants, se combinent \u00e0 des exfoliants et des masques r\u00e9cup\u00e9rateurs pour assurer un bronzage sans tache. Le maquillage devient plus transparent et plus vif \u00e0 la fois, avec l\u2019accent pos\u00e9 sur le regard. Pour une saison au beau fixe, suivez ces conseils d\u2019expertes&#8230;<\/strong><\/p>\n<p style=\"text-align: right;\"><em>Par Isabelle Blandiaux<\/em><\/p>\n<p style=\"text-align: justify;\">Une alimentation plus riches en vitamines, min\u00e9raux et antioxydants, gr\u00e2ce aux fruits et l\u00e9gumes color\u00e9s \u00e0 foison, une vie plus souvent en plein air, avec le c\u00f4t\u00e9 oxyg\u00e9nant qui va avec, une lumi\u00e8re qui donne bonne mine sans r\u00e9ellement s\u2019exposer, plus de l\u00e9g\u00e8ret\u00e9 et d\u2019envie de profiter des longues journ\u00e9es pour voir ses amis, sa famille, se relaxer et sourire&#8230; L\u2019\u00e9t\u00e9 a tous les atouts pour nous rendre radieux. \u00c0 condition de \u00ab\u00a0l\u00e2cher\u00a0\u00bb sans regret notre \u00e9tat d\u2019esprit et notre peau de l\u2019hiver&#8230;<\/p>\n<h2 style=\"text-align: justify;\">Le grand nettoyage<\/h2>\n<p style=\"text-align: justify;\">Heureusement moins spectaculaire que celle du serpent, notre mue \u00e0 nous se fait tous les trente jours, le temps pour chaque cellule de notre \u00e9piderme de se renouveler. On peut imaginer facilement la quantit\u00e9 de peau morte qui peut s\u2019agglutiner en surface si on n\u00e9glige la phase de nettoyage et d\u2019exfoliation. \u00ab\u00a0La plupart des femmes comprennent la n\u00e9cessit\u00e9 de se d\u00e9maquiller le soir mais n\u00e9gligent le nettoyage du visage le matin, or nos pores rejettent beaucoup d\u2019impuret\u00e9s et de toxines la nuit\u00a0\u00bb, nous explique Emma, esth\u00e9ticienne \u00e0 l\u2019institut Senteurs d\u2019Ailleurs \u00e0 Bruxelles1, tout en nous prodiguant le soin fondamental Dermalogica sur mesure, id\u00e9al au d\u00e9but et \u00e0 la fin de l\u2019\u00e9t\u00e9. En cabine, c\u2019est un double nettoyage qui est m\u00eame effectu\u00e9, un premier avec une huile liposoluble \u00ab\u00a0parce que l\u2019huile est la seule texture capable de nettoyer les salet\u00e9s huileuses comme l\u2019exc\u00e8s de s\u00e9bum, le maquillage et les filtres solaires\u00a0\u00bb, et un second pour venir \u00e0 bout des r\u00e9sidus de pollution et parfaire le r\u00e9sultat, avec un produit sans savon (pour pr\u00e9server le film hydrolipidique et \u00e9viter la sensation de tiraillement apr\u00e8s le rin\u00e7age) \u00e0 choisir en fonction des besoins sp\u00e9cifiques de son \u00e9piderme.<\/p>\n<p style=\"text-align: justify;\">Certains a priori ont la peau dure, celui selon lequel le gommage nuit au bronzage en est un. Seul une exfoliation profonde permet un h\u00e2le d\u2019\u00e9t\u00e9 uniforme et \u00e9clatant. \u00ab\u00a0Dans un gommage m\u00e9canique, avec des grains, le frottement excite les capillarit\u00e9s et peut faire rougir la peau. Mais dans une exfoliation enzymatique, les acides de fruits ou l\u2019acide lactique vont juste faire fondre les cellules mortes en douceur, sans aucun risque de rougeur. On ressent un l\u00e9ger picotement dans les formules plus puissantes, comme celles que nous utilisons en cabine. Mais cela lisse la peau, favorise sa r\u00e9g\u00e9n\u00e9ration cellulaire, ouvre ses pores et la met en condition pour mieux absorber tous les actifs qu\u2019on lui donne apr\u00e8s. Un \u00e9piderme obstru\u00e9 par des cellules mortes ne va pas r\u00e9ellement b\u00e9n\u00e9ficier d\u2019une cr\u00e8me ou d\u2019un masque hydratant, qui restera bloqu\u00e9 en surface. Or en \u00e9t\u00e9, on a besoin de plus d\u2019hydratation que le reste de l\u2019ann\u00e9e, puisque le soleil a un effet dess\u00e9chant. Un soin avec une exfoliation profonde est aussi recommand\u00e9 apr\u00e8s l\u2019\u00e9t\u00e9, pour bien r\u00e9hydrater la peau et pour d\u00e9boucher les pores, souvent encombr\u00e9s par l\u2019application de beaucoup de filtres solaires de haut niveau (30 ou 50).\u00a0\u00bb<\/p>\n<h2 style=\"text-align: justify;\">Prot\u00e9ger et hydrater<\/h2>\n<p style=\"text-align: justify;\">Pour se prot\u00e9ger du cancer et du vieillissement pr\u00e9matur\u00e9, les filtres solaires UVA et UVB s\u2019imposent au quotidien&#8230; toute l\u2019ann\u00e9e, m\u00eame en Belgique. Donc a fortiori, on se doit d\u2019\u00eatre plus vigilant en p\u00e9riode estivale. \u00ab\u00a0On sous-estime la puissance du rayonnement solaire\u00a0\u00bb, reprend Emma. \u00ab\u00a0Or avec les ann\u00e9es, certaines de nos cellules deviennent hyper sensibles \u00e0 la lumi\u00e8re. \u00c0 la moindre exposition, elles surproduisent de la m\u00e9lanine et des petites taches apparaissent. Les seules fa\u00e7ons de les effacer sont souvent le peeling chimique ou le laser, mieux vaut donc les \u00e9viter par une protection solaire, si possible s\u00e9par\u00e9e de son soin de jour, parce qu\u2019une cr\u00e8me avec SPF int\u00e9gr\u00e9 n\u2019a jamais la m\u00eame p\u00e9n\u00e9tration qu\u2019une cr\u00e8me sans SPF. \u00bb<\/p>\n<p style=\"text-align: justify;\">Pour hydrater, les s\u00e9rums et gels tout frais regorgent d\u2019acide hyaluronique naturellement pr\u00e9sent dans l\u2019\u00e9piderme mais aussi de mauve et de feuilles d\u2019haberlea (Hydra Life de Dior), de kalancho\u00e9 officinal bio et d\u2019huile de chardon-marie (Hydra-Essentiel de Clarins), de camomille, d\u2019arnica et de sucres capteurs d&rsquo;eau (masque After Sun de Talika)&#8230; \u00ab\u00a0Bien masser sa cr\u00e8me ou son masque, si c\u2019est un masque qui l\u2019autorise, active la circulation sanguine, ce qui a pour effet d\u2019aspirer ses actifs \u00e0 l\u2019int\u00e9rieur et de d\u00e9cupler ses b\u00e9n\u00e9fices.\u00a0\u00bb Les soins anti-\u00e2ge ne sont pas \u00e0 n\u00e9gliger non plus, pour contrer les agressions solaires et nourrir davantage en profondeur.<\/p>\n<p style=\"text-align: justify;\"><!--nextpage--><\/p>\n<h2 style=\"text-align: justify;\">Teint lumineux et naturel<\/h2>\n<p><img loading=\"lazy\" decoding=\"async\" class=\"wp-image-26685 aligncenter\" src=\"http:\/\/www.fiftyandmemagazine.be\/fr\/wp-content\/uploads\/2017\/06\/shutterstock_2070141.jpg\" alt=\"photo femme avec le tient lumineux\" width=\"761\" height=\"506\" srcset=\"https:\/\/www.fiftyandmemagazine.be\/fr\/wp-content\/uploads\/2017\/06\/shutterstock_2070141.jpg 1000w, https:\/\/www.fiftyandmemagazine.be\/fr\/wp-content\/uploads\/2017\/06\/shutterstock_2070141-768x511.jpg 768w, https:\/\/www.fiftyandmemagazine.be\/fr\/wp-content\/uploads\/2017\/06\/shutterstock_2070141-450x300.jpg 450w\" sizes=\"auto, (max-width: 761px) 100vw, 761px\" \/><\/p>\n<p style=\"text-align: justify;\">Qui dit \u00e9t\u00e9, dit lumi\u00e8re forte et&#8230; impitoyable quand on a la main trop lourde pour se maquiller. \u00ab\u00a0Sous le soleil, je conseille de ne pas trop poudrer le teint, parce que cela devient vite artificiel\u00a0\u00bb, explique Suana Brahimllari, national make-up artist Lanc\u00f4me. \u00ab\u00a0Le plus flatteur, \u00e0 mon sens, si on veut un effet \u2018bonne mine\u2019, transparent, frais mais quand m\u00eame couvrant, c\u2019est le fond de teint liquide \u2018cushion\u2019 (une technologie asiatique que Lanc\u00f4me a lanc\u00e9e en premier lieu en Occident, NDLR). Il est hydratant et ne marque pas. Une BB cream est plus difficile \u00e0 appliquer et risque donc d\u2019\u00eatre moins uniforme apr\u00e8s quelques heures dans la chaleur. Le \u2018cushion\u2019, lui, permet toutes les retouches avec son bo\u00eetier nomade. Idem\u00a0pour le blush\u00a0: mieux vaut opter pour un cushion ou une texture liquide, rose ou corail. Si on a tendance \u00e0 briller, on peut se contenter de matifier avec un papier absorbant et un soup\u00e7on de poudre transparente sur la zone T uniquement (front, nez). Quant aux poudres de soleil, on les applique de l\u2019ext\u00e9rieur vers l\u2019int\u00e9rieur, comme \u00e7a la partie la plus importante de produit arrive \u00e0 l\u2019ext\u00e9rieur et on garder la lumi\u00e8re au milieu du visage.\u00a0\u00bb<\/p>\n<h2 style=\"text-align: justify;\">Suivez mon regard<\/h2>\n<p style=\"text-align: justify;\">Ce sont les yeux qui attirent toute l\u2019attention des maquilleurs cet \u00e9t\u00e9. \u00ab\u00a0Ce qui compte, c\u2019est de choisir la bonne texture pour les ombres \u00e0 paupi\u00e8res quand il fait chaud. Je conseille les fards cr\u00e9meux m\u00e9talliques longue tenue. Cela donne un effet glow flatteur. On travaillera des tons \u2018nude\u2019, dor\u00e9s et ros\u00e9s pour la journ\u00e9e et on osera \u00e9ventuellement le turquoise et le c\u00f4t\u00e9 cuivr\u00e9 pour le soir. Ces ombres peuvent aussi s\u2019utiliser en base et quand elles sont s\u00e8ches, on met des ombres classiques au-dessus, au doigt\u00a0\u00bb, reprend Suana.<\/p>\n<p style=\"text-align: justify;\">Concernant les cils et les sourcils, plus que jamais accentu\u00e9s et magnifi\u00e9s, mieux vaut opter pour des produits waterproof en \u00e9t\u00e9 ou bien s\u2019en remettre \u00e0 des professionnels dans un institut. \u00ab\u00a0Notre sp\u00e9cialit\u00e9 est le maquillage semi-permanent du sourcil, donc un ombrage derri\u00e8re le poil pour recr\u00e9er une ligne plus nette\u00a0\u00bb, explique Cl\u00e9mentine, technicienne du regard \u00e0 l\u2019Atelier du Sourcil2. \u00ab\u00a0C\u2019est plus naturel qu\u2019un tatouage, parce qu\u2019on voit la peau en transparence\u00a0: on ne travaille que manuellement et on reste dans la couche superficielle de l\u2019\u00e9piderme, donc cela s\u2019estompe apr\u00e8s 8 mois \u00e0 1 an. Nous proposons aussi des restructurations ou \u00e9pilations \u00e0 la pince, en fonction de la morphologie de chacun. On n\u2019affine pas le sourcil, on garde le plus d\u2019\u00e9paisseur possible, mais on le rend plus fort. On r\u00e9alise \u00e9galement des teintures de sourcils pour les intensifier.\u00a0\u00bb Concernant les cils, cette experte ne conseille les extensions que pour des occasions exceptionnelles, parce qu\u2019elles demandent beaucoup d\u2019entretien. Alternative plus naturelle qui dure 6 \u00e0 8 semaines, le Rehaucils est une technique de permanente appliqu\u00e9e aux cils, qui recourbe ces derniers et ouvre donc grandement le regard. Combin\u00e9 avec une teinture, cela sublime le regard comme une tr\u00e8s fine couche de mascara, sans \u00e9paisseur. Une solution id\u00e9ale pour les vacances qui s\u2019effectue au cours d\u2019une s\u00e9ance &#8211; allong\u00e9, les yeux ferm\u00e9s &#8211; d\u2019environ 1 heure.<\/p>\n<ol style=\"text-align: justify;\">\n<li><em><a href=\"http:\/\/www.senteursdailleurs.com\/Institut.aspx\" target=\"_blank\" rel=\"noopener noreferrer\">senteursdailleurs.com<\/a><\/em><\/li>\n<li><em><a href=\"http:\/\/www.atelierdusourcil.com\" target=\"_blank\" rel=\"noopener noreferrer\">atelierdusourcil.com<\/a><\/em><\/li>\n<\/ol>\n<h2 style=\"text-align: justify;\">Trousse estivale<\/h2>\n<ol style=\"text-align: justify;\">\n<li>Armani Prima Soft Peeling Lotion de Giorgio Armani Beauty. Ravive l\u2019\u00e9clat et hydrate. 60\u20ac les 150 ml.<\/li>\n<\/ol>\n<ol style=\"text-align: justify;\" start=\"3\">\n<li>Hydra Life Fresh Hydration, Sorbet Cr\u00e8me de Dior. 64,07\u20ac les 50 ml.<\/li>\n<\/ol>\n<ol style=\"text-align: justify;\" start=\"4\">\n<li>Le Masque \u00c9clat Imp\u00e9rial Orchid\u00e9e Imp\u00e9riale de Guerlain. Pour un teint jeune, uniforme et lumineux. 235,50\u20ac la bo\u00eete de 4 masques pour 1 mois de cure.<br \/>\n\n                    <div class=\"swiper-slide-wrapper\">\n                    <div class=\"swiper-container\">\n                        <div class=\"swiper-wrapper\">\n                    <div class=\"swiper-slide\"><img loading=\"lazy\" decoding=\"async\" width=\"1110\" height=\"740\" src=\"https:\/\/www.fiftyandmemagazine.be\/fr\/wp-content\/uploads\/2017\/06\/soins-armaniprima-fiftyandme-magazine.jpg\" class=\"attachment-d_gallery size-d_gallery\" alt=\"\" srcset=\"https:\/\/www.fiftyandmemagazine.be\/fr\/wp-content\/uploads\/2017\/06\/soins-armaniprima-fiftyandme-magazine.jpg 1110w, https:\/\/www.fiftyandmemagazine.be\/fr\/wp-content\/uploads\/2017\/06\/soins-armaniprima-fiftyandme-magazine-768x512.jpg 768w, https:\/\/www.fiftyandmemagazine.be\/fr\/wp-content\/uploads\/2017\/06\/soins-armaniprima-fiftyandme-magazine-450x300.jpg 450w\" sizes=\"auto, (max-width: 1110px) 100vw, 1110px\" \/><\/div><div class=\"swiper-slide\"><img loading=\"lazy\" decoding=\"async\" width=\"1110\" height=\"740\" src=\"https:\/\/www.fiftyandmemagazine.be\/fr\/wp-content\/uploads\/2017\/06\/creme-dior-fresh-fiftyandme-magazine.jpg\" class=\"attachment-d_gallery size-d_gallery\" alt=\"\" srcset=\"https:\/\/www.fiftyandmemagazine.be\/fr\/wp-content\/uploads\/2017\/06\/creme-dior-fresh-fiftyandme-magazine.jpg 1110w, https:\/\/www.fiftyandmemagazine.be\/fr\/wp-content\/uploads\/2017\/06\/creme-dior-fresh-fiftyandme-magazine-768x512.jpg 768w, https:\/\/www.fiftyandmemagazine.be\/fr\/wp-content\/uploads\/2017\/06\/creme-dior-fresh-fiftyandme-magazine-450x300.jpg 450w\" sizes=\"auto, (max-width: 1110px) 100vw, 1110px\" \/><\/div><div class=\"swiper-slide\"><img loading=\"lazy\" decoding=\"async\" width=\"1110\" height=\"740\" src=\"https:\/\/www.fiftyandmemagazine.be\/fr\/wp-content\/uploads\/2017\/06\/guerlain-cat-fiftyandme-magazine.jpg\" class=\"attachment-d_gallery size-d_gallery\" alt=\"\" srcset=\"https:\/\/www.fiftyandmemagazine.be\/fr\/wp-content\/uploads\/2017\/06\/guerlain-cat-fiftyandme-magazine.jpg 1110w, https:\/\/www.fiftyandmemagazine.be\/fr\/wp-content\/uploads\/2017\/06\/guerlain-cat-fiftyandme-magazine-768x512.jpg 768w, https:\/\/www.fiftyandmemagazine.be\/fr\/wp-content\/uploads\/2017\/06\/guerlain-cat-fiftyandme-magazine-450x300.jpg 450w\" sizes=\"auto, (max-width: 1110px) 100vw, 1110px\" \/><\/div>\n                   <\/div>\n                        <!-- Add Pagination -->\n                        <div class=\"swiper-pagination _color\"><\/div>\n                        <!-- Add Arrows -->\n                        <div class=\"swiper-button-next next image-control\">\n                            <span class=\"_background control-top\"><\/span>\n                            <span class=\"_background control-bottom\"><\/span>\n                        <\/div>\n                        <div class=\"swiper-button-prev previous image-control\">\n                            <span class=\"_background control-top\"><\/span>\n                            <span class=\"_background control-bottom\"><\/span>\n                        <\/div>\n                    <\/div>\n                  <\/div>\n                   <\/li>\n<\/ol>\n<ol style=\"text-align: justify;\" start=\"5\">\n<li>Poudre Soleil &amp; Blush \u00c9dition Limit\u00e9e de Clarins. Un concentr\u00e9 de soleil haut en \u00e9clat, protection et hydratation. 47,50 \u20ac (dans certaines parfumeries\u00a0: infos\u00a0: 02 385.02.80).<\/li>\n<\/ol>\n<ol style=\"text-align: justify;\" start=\"6\">\n<li>Ombre \u00e0 paupi\u00e8re liquide Le M\u00e9tallique de Lanc\u00f4me. 03 Or Farniente. 32,50\u20ac.<\/li>\n<\/ol>\n<ol style=\"text-align: justify;\" start=\"7\">\n<li>LipoSourcils Platinium de Talika. Un double s\u00e9rum qui rend les sourcils plus fournis, fonc\u00e9s et qui booste leur pousse. 89\u20ac (chez Planet Parfum et en pharmacies).<\/li>\n<\/ol>\n\n                    <div class=\"swiper-slide-wrapper\">\n                    <div class=\"swiper-container\">\n                        <div class=\"swiper-wrapper\">\n                    <div class=\"swiper-slide\"><img loading=\"lazy\" decoding=\"async\" width=\"1110\" height=\"740\" src=\"https:\/\/www.fiftyandmemagazine.be\/fr\/wp-content\/uploads\/2017\/06\/blush-clarins-fiftyandme-magazine.jpg\" class=\"attachment-d_gallery size-d_gallery\" alt=\"\" srcset=\"https:\/\/www.fiftyandmemagazine.be\/fr\/wp-content\/uploads\/2017\/06\/blush-clarins-fiftyandme-magazine.jpg 1110w, https:\/\/www.fiftyandmemagazine.be\/fr\/wp-content\/uploads\/2017\/06\/blush-clarins-fiftyandme-magazine-768x512.jpg 768w, https:\/\/www.fiftyandmemagazine.be\/fr\/wp-content\/uploads\/2017\/06\/blush-clarins-fiftyandme-magazine-450x300.jpg 450w\" sizes=\"auto, (max-width: 1110px) 100vw, 1110px\" \/><\/div><div class=\"swiper-slide\"><img loading=\"lazy\" decoding=\"async\" width=\"1110\" height=\"740\" src=\"https:\/\/www.fiftyandmemagazine.be\/fr\/wp-content\/uploads\/2017\/06\/gloss-lancome-fiftyandme-magazine.jpg\" class=\"attachment-d_gallery size-d_gallery\" alt=\"\" srcset=\"https:\/\/www.fiftyandmemagazine.be\/fr\/wp-content\/uploads\/2017\/06\/gloss-lancome-fiftyandme-magazine.jpg 1110w, https:\/\/www.fiftyandmemagazine.be\/fr\/wp-content\/uploads\/2017\/06\/gloss-lancome-fiftyandme-magazine-768x512.jpg 768w, https:\/\/www.fiftyandmemagazine.be\/fr\/wp-content\/uploads\/2017\/06\/gloss-lancome-fiftyandme-magazine-450x300.jpg 450w\" sizes=\"auto, (max-width: 1110px) 100vw, 1110px\" \/><\/div><div class=\"swiper-slide\"><img loading=\"lazy\" decoding=\"async\" width=\"1110\" height=\"740\" src=\"https:\/\/www.fiftyandmemagazine.be\/fr\/wp-content\/uploads\/2017\/06\/soins-sourcils-talika-fiftyandme-magazine.jpg\" class=\"attachment-d_gallery size-d_gallery\" alt=\"\" srcset=\"https:\/\/www.fiftyandmemagazine.be\/fr\/wp-content\/uploads\/2017\/06\/soins-sourcils-talika-fiftyandme-magazine.jpg 1110w, https:\/\/www.fiftyandmemagazine.be\/fr\/wp-content\/uploads\/2017\/06\/soins-sourcils-talika-fiftyandme-magazine-768x512.jpg 768w, https:\/\/www.fiftyandmemagazine.be\/fr\/wp-content\/uploads\/2017\/06\/soins-sourcils-talika-fiftyandme-magazine-450x300.jpg 450w\" sizes=\"auto, (max-width: 1110px) 100vw, 1110px\" \/><\/div>\n                   <\/div>\n                        <!-- Add Pagination -->\n                        <div class=\"swiper-pagination _color\"><\/div>\n                        <!-- Add Arrows -->\n                        <div class=\"swiper-button-next next image-control\">\n                            <span class=\"_background control-top\"><\/span>\n                            <span class=\"_background control-bottom\"><\/span>\n                        <\/div>\n                        <div class=\"swiper-button-prev previous image-control\">\n                            <span class=\"_background control-top\"><\/span>\n                            <span class=\"_background control-bottom\"><\/span>\n                        <\/div>\n                    <\/div>\n                  <\/div>\n                   \n<p>&nbsp;<\/p>\n<hr \/>\n<p style=\"text-align: center;\"><em>Article publi\u00e9 dans le Psychologies<\/em><\/p>\n<p style=\"text-align: center;\"><strong>Vous aimerez aussi<\/strong> : <a href=\"http:\/\/www.fiftyandmemagazine.be\/fr\/bien-etre\/25989-une-belle-peau-hydratee-pour-cet-ete.html\">Une belle peau hydrat\u00e9e pour cet \u00e9t\u00e9<\/a><\/p>\n","protected":false},"excerpt":{"rendered":"<p><span class=\"span-reading-time rt-reading-time\" style=\"display: block;\"><span class=\"rt-label rt-prefix\">Reading Time: <\/span> <span class=\"rt-time\"> 5<\/span> <span class=\"rt-label rt-postfix\">minutes<\/span><\/span>L&rsquo;\u00e9t\u00e9 a tous les atouts pour nous rendre radieuse ! Suivez nos conseils d&rsquo;expertes pour avoir une peau rayonnante de sant\u00e9&#8230; <\/p>\n","protected":false},"author":9,"featured_media":26683,"comment_status":"open","ping_status":"closed","sticky":false,"template":"","format":"standard","meta":{"_lmt_disableupdate":"","_lmt_disable":"","footnotes":""},"categories":[1107],"tags":[380,766],"class_list":["post-26667","post","type-post","status-publish","format-standard","has-post-thumbnail","hentry","category-bien-vieillir","tag-beaute","tag-nouveautes"],"yoast_head":"<!-- This site is optimized with the Yoast SEO plugin v26.3 - https:\/\/yoast.com\/wordpress\/plugins\/seo\/ -->\n<title>Comment prendre soin de sa peau cet \u00e9t\u00e9 ? - Fifty &amp; Me MAGAZINE<\/title>\n<meta name=\"robots\" content=\"index, follow, max-snippet:-1, max-image-preview:large, max-video-preview:-1\" \/>\n<link rel=\"canonical\" href=\"https:\/\/www.fiftyandmemagazine.be\/fr\/sante\/bien-vieillir\/prendre-soin-de-peau-cet-ete\" \/>\n<link rel=\"next\" href=\"https:\/\/www.fiftyandmemagazine.be\/fr\/sante\/bien-vieillir\/prendre-soin-de-peau-cet-ete\/2\" \/>\n<meta property=\"og:locale\" content=\"fr_FR\" \/>\n<meta property=\"og:type\" content=\"article\" \/>\n<meta property=\"og:title\" content=\"Comment prendre soin de sa peau cet \u00e9t\u00e9 ? - Fifty &amp; Me MAGAZINE\" \/>\n<meta property=\"og:description\" content=\"Reading Time:  5 minutesL&#039;\u00e9t\u00e9 a tous les atouts pour nous rendre radieuse ! Suivez nos conseils d&#039;expertes pour avoir une peau rayonnante de sant\u00e9...\" \/>\n<meta property=\"og:url\" content=\"https:\/\/www.fiftyandmemagazine.be\/fr\/sante\/bien-vieillir\/prendre-soin-de-peau-cet-ete\" \/>\n<meta property=\"og:site_name\" content=\"Fifty &amp; Me MAGAZINE\" \/>\n<meta property=\"article:published_time\" content=\"2017-07-13T04:55:41+00:00\" \/>\n<meta property=\"article:modified_time\" content=\"2018-03-07T15:41:18+00:00\" \/>\n<meta property=\"og:image\" content=\"https:\/\/www.fiftyandmemagazine.be\/fr\/wp-content\/uploads\/2017\/06\/maquillage-yeux-fiftyandme-magazine-1.jpg\" \/>\n\t<meta property=\"og:image:width\" content=\"1110\" \/>\n\t<meta property=\"og:image:height\" content=\"740\" \/>\n\t<meta property=\"og:image:type\" content=\"image\/jpeg\" \/>\n<meta name=\"author\" content=\"Gaelle Dehenain\" \/>\n<meta name=\"twitter:card\" content=\"summary_large_image\" \/>\n<meta name=\"twitter:label1\" content=\"\u00c9crit par\" \/>\n\t<meta name=\"twitter:data1\" content=\"Gaelle Dehenain\" \/>\n\t<meta name=\"twitter:label2\" content=\"Dur\u00e9e de lecture estim\u00e9e\" \/>\n\t<meta name=\"twitter:data2\" content=\"8 minutes\" \/>\n<script type=\"application\/ld+json\" class=\"yoast-schema-graph\">{\"@context\":\"https:\/\/schema.org\",\"@graph\":[{\"@type\":\"WebPage\",\"@id\":\"https:\/\/www.fiftyandmemagazine.be\/fr\/sante\/bien-vieillir\/prendre-soin-de-peau-cet-ete\",\"url\":\"https:\/\/www.fiftyandmemagazine.be\/fr\/sante\/bien-vieillir\/prendre-soin-de-peau-cet-ete\",\"name\":\"Comment prendre soin de sa peau cet \u00e9t\u00e9 ? - Fifty &amp; Me MAGAZINE\",\"isPartOf\":{\"@id\":\"https:\/\/www.fiftyandmemagazine.be\/fr\/#website\"},\"primaryImageOfPage\":{\"@id\":\"https:\/\/www.fiftyandmemagazine.be\/fr\/sante\/bien-vieillir\/prendre-soin-de-peau-cet-ete#primaryimage\"},\"image\":{\"@id\":\"https:\/\/www.fiftyandmemagazine.be\/fr\/sante\/bien-vieillir\/prendre-soin-de-peau-cet-ete#primaryimage\"},\"thumbnailUrl\":\"https:\/\/www.fiftyandmemagazine.be\/fr\/wp-content\/uploads\/2017\/06\/maquillage-yeux-fiftyandme-magazine-1.jpg\",\"datePublished\":\"2017-07-13T04:55:41+00:00\",\"dateModified\":\"2018-03-07T15:41:18+00:00\",\"author\":{\"@id\":\"https:\/\/www.fiftyandmemagazine.be\/fr\/#\/schema\/person\/00279fbd4b5a6844247dbd2f50229f38\"},\"inLanguage\":\"fr-FR\",\"potentialAction\":[{\"@type\":\"ReadAction\",\"target\":[\"https:\/\/www.fiftyandmemagazine.be\/fr\/sante\/bien-vieillir\/prendre-soin-de-peau-cet-ete\"]}]},{\"@type\":\"ImageObject\",\"inLanguage\":\"fr-FR\",\"@id\":\"https:\/\/www.fiftyandmemagazine.be\/fr\/sante\/bien-vieillir\/prendre-soin-de-peau-cet-ete#primaryimage\",\"url\":\"https:\/\/www.fiftyandmemagazine.be\/fr\/wp-content\/uploads\/2017\/06\/maquillage-yeux-fiftyandme-magazine-1.jpg\",\"contentUrl\":\"https:\/\/www.fiftyandmemagazine.be\/fr\/wp-content\/uploads\/2017\/06\/maquillage-yeux-fiftyandme-magazine-1.jpg\",\"width\":1110,\"height\":740,\"caption\":\"photo femme qui se maquille\"},{\"@type\":\"WebSite\",\"@id\":\"https:\/\/www.fiftyandmemagazine.be\/fr\/#website\",\"url\":\"https:\/\/www.fiftyandmemagazine.be\/fr\/\",\"name\":\"Fifty &amp; Me MAGAZINE\",\"description\":\"Et si la vie commen\u00e7ait \u00e0 50 ans ?\",\"potentialAction\":[{\"@type\":\"SearchAction\",\"target\":{\"@type\":\"EntryPoint\",\"urlTemplate\":\"https:\/\/www.fiftyandmemagazine.be\/fr\/?s={search_term_string}\"},\"query-input\":{\"@type\":\"PropertyValueSpecification\",\"valueRequired\":true,\"valueName\":\"search_term_string\"}}],\"inLanguage\":\"fr-FR\"},{\"@type\":\"Person\",\"@id\":\"https:\/\/www.fiftyandmemagazine.be\/fr\/#\/schema\/person\/00279fbd4b5a6844247dbd2f50229f38\",\"name\":\"Gaelle Dehenain\",\"url\":\"https:\/\/www.fiftyandmemagazine.be\/fr\/author\/gde\"}]}<\/script>\n<!-- \/ Yoast SEO plugin. -->","yoast_head_json":{"title":"Comment prendre soin de sa peau cet \u00e9t\u00e9 ? - Fifty &amp; Me MAGAZINE","robots":{"index":"index","follow":"follow","max-snippet":"max-snippet:-1","max-image-preview":"max-image-preview:large","max-video-preview":"max-video-preview:-1"},"canonical":"https:\/\/www.fiftyandmemagazine.be\/fr\/sante\/bien-vieillir\/prendre-soin-de-peau-cet-ete","next":"https:\/\/www.fiftyandmemagazine.be\/fr\/sante\/bien-vieillir\/prendre-soin-de-peau-cet-ete\/2","og_locale":"fr_FR","og_type":"article","og_title":"Comment prendre soin de sa peau cet \u00e9t\u00e9 ? - Fifty &amp; Me MAGAZINE","og_description":"Reading Time:  5 minutesL'\u00e9t\u00e9 a tous les atouts pour nous rendre radieuse ! Suivez nos conseils d'expertes pour avoir une peau rayonnante de sant\u00e9...","og_url":"https:\/\/www.fiftyandmemagazine.be\/fr\/sante\/bien-vieillir\/prendre-soin-de-peau-cet-ete","og_site_name":"Fifty &amp; Me MAGAZINE","article_published_time":"2017-07-13T04:55:41+00:00","article_modified_time":"2018-03-07T15:41:18+00:00","og_image":[{"width":1110,"height":740,"url":"https:\/\/www.fiftyandmemagazine.be\/fr\/wp-content\/uploads\/2017\/06\/maquillage-yeux-fiftyandme-magazine-1.jpg","type":"image\/jpeg"}],"author":"Gaelle Dehenain","twitter_card":"summary_large_image","twitter_misc":{"\u00c9crit par":"Gaelle Dehenain","Dur\u00e9e de lecture estim\u00e9e":"8 minutes"},"schema":{"@context":"https:\/\/schema.org","@graph":[{"@type":"WebPage","@id":"https:\/\/www.fiftyandmemagazine.be\/fr\/sante\/bien-vieillir\/prendre-soin-de-peau-cet-ete","url":"https:\/\/www.fiftyandmemagazine.be\/fr\/sante\/bien-vieillir\/prendre-soin-de-peau-cet-ete","name":"Comment prendre soin de sa peau cet \u00e9t\u00e9 ? - Fifty &amp; Me MAGAZINE","isPartOf":{"@id":"https:\/\/www.fiftyandmemagazine.be\/fr\/#website"},"primaryImageOfPage":{"@id":"https:\/\/www.fiftyandmemagazine.be\/fr\/sante\/bien-vieillir\/prendre-soin-de-peau-cet-ete#primaryimage"},"image":{"@id":"https:\/\/www.fiftyandmemagazine.be\/fr\/sante\/bien-vieillir\/prendre-soin-de-peau-cet-ete#primaryimage"},"thumbnailUrl":"https:\/\/www.fiftyandmemagazine.be\/fr\/wp-content\/uploads\/2017\/06\/maquillage-yeux-fiftyandme-magazine-1.jpg","datePublished":"2017-07-13T04:55:41+00:00","dateModified":"2018-03-07T15:41:18+00:00","author":{"@id":"https:\/\/www.fiftyandmemagazine.be\/fr\/#\/schema\/person\/00279fbd4b5a6844247dbd2f50229f38"},"inLanguage":"fr-FR","potentialAction":[{"@type":"ReadAction","target":["https:\/\/www.fiftyandmemagazine.be\/fr\/sante\/bien-vieillir\/prendre-soin-de-peau-cet-ete"]}]},{"@type":"ImageObject","inLanguage":"fr-FR","@id":"https:\/\/www.fiftyandmemagazine.be\/fr\/sante\/bien-vieillir\/prendre-soin-de-peau-cet-ete#primaryimage","url":"https:\/\/www.fiftyandmemagazine.be\/fr\/wp-content\/uploads\/2017\/06\/maquillage-yeux-fiftyandme-magazine-1.jpg","contentUrl":"https:\/\/www.fiftyandmemagazine.be\/fr\/wp-content\/uploads\/2017\/06\/maquillage-yeux-fiftyandme-magazine-1.jpg","width":1110,"height":740,"caption":"photo femme qui se maquille"},{"@type":"WebSite","@id":"https:\/\/www.fiftyandmemagazine.be\/fr\/#website","url":"https:\/\/www.fiftyandmemagazine.be\/fr\/","name":"Fifty &amp; Me MAGAZINE","description":"Et si la vie commen\u00e7ait \u00e0 50 ans ?","potentialAction":[{"@type":"SearchAction","target":{"@type":"EntryPoint","urlTemplate":"https:\/\/www.fiftyandmemagazine.be\/fr\/?s={search_term_string}"},"query-input":{"@type":"PropertyValueSpecification","valueRequired":true,"valueName":"search_term_string"}}],"inLanguage":"fr-FR"},{"@type":"Person","@id":"https:\/\/www.fiftyandmemagazine.be\/fr\/#\/schema\/person\/00279fbd4b5a6844247dbd2f50229f38","name":"Gaelle Dehenain","url":"https:\/\/www.fiftyandmemagazine.be\/fr\/author\/gde"}]}},"modified_by":"Lauren Soukiassian","_links":{"self":[{"href":"https:\/\/www.fiftyandmemagazine.be\/fr\/wp-json\/wp\/v2\/posts\/26667","targetHints":{"allow":["GET"]}}],"collection":[{"href":"https:\/\/www.fiftyandmemagazine.be\/fr\/wp-json\/wp\/v2\/posts"}],"about":[{"href":"https:\/\/www.fiftyandmemagazine.be\/fr\/wp-json\/wp\/v2\/types\/post"}],"author":[{"embeddable":true,"href":"https:\/\/www.fiftyandmemagazine.be\/fr\/wp-json\/wp\/v2\/users\/9"}],"replies":[{"embeddable":true,"href":"https:\/\/www.fiftyandmemagazine.be\/fr\/wp-json\/wp\/v2\/comments?post=26667"}],"version-history":[{"count":0,"href":"https:\/\/www.fiftyandmemagazine.be\/fr\/wp-json\/wp\/v2\/posts\/26667\/revisions"}],"wp:featuredmedia":[{"embeddable":true,"href":"https:\/\/www.fiftyandmemagazine.be\/fr\/wp-json\/wp\/v2\/media\/26683"}],"wp:attachment":[{"href":"https:\/\/www.fiftyandmemagazine.be\/fr\/wp-json\/wp\/v2\/media?parent=26667"}],"wp:term":[{"taxonomy":"category","embeddable":true,"href":"https:\/\/www.fiftyandmemagazine.be\/fr\/wp-json\/wp\/v2\/categories?post=26667"},{"taxonomy":"post_tag","embeddable":true,"href":"https:\/\/www.fiftyandmemagazine.be\/fr\/wp-json\/wp\/v2\/tags?post=26667"}],"curies":[{"name":"wp","href":"https:\/\/api.w.org\/{rel}","templated":true}]}}