{"id":28887,"date":"2020-03-02T07:08:58","date_gmt":"2020-03-02T06:08:58","guid":{"rendered":"http:\/\/www.fiftyandmemagazine.be\/fr\/?p=28887"},"modified":"2020-03-01T13:08:06","modified_gmt":"2020-03-01T12:08:06","slug":"sante-faut-il-encore-se-faire-vacciner-apres-50-ans","status":"publish","type":"post","link":"https:\/\/www.fiftyandmemagazine.be\/fr\/sante\/medecine\/sante-faut-il-encore-se-faire-vacciner-apres-50-ans","title":{"rendered":"Faut-il encore se faire vacciner apr\u00e8s 50 ans ?"},"content":{"rendered":"<span class=\"span-reading-time rt-reading-time\" style=\"display: block;\"><span class=\"rt-label rt-prefix\">Reading Time: <\/span> <span class=\"rt-time\"> 2<\/span> <span class=\"rt-label rt-postfix\">minutes<\/span><\/span><h2 style=\"text-align: justify;\">Mieux vaut pr\u00e9venir\u2026<\/h2>\n<p style=\"text-align: justify;\">L\u2019organisation Mondiale de la Sant\u00e9 estime que la vaccination sauve la vie de 2 millions de personnes chaque ann\u00e9e\u00a0! En effet, en plus de donner un coup de pouce \u00e0 nos anticorps, les vaccins prot\u00e8gent notre entourage et limitent les risques d\u2019\u00e9pid\u00e9mie. Alors qu\u2019aux Etats-Unis les patients disposent d\u2019une carte de vaccination \u00e0 vie, on n\u00e9glige souvent le carnet de vaccins chez nous, \u00e0 l\u2019\u00e2ge adulte. Si vous n\u2019\u00eates plus tout a fait s\u00fbr d\u2019\u00eatre \u00ab\u00a0\u00e0 jour\u00a0\u00bb, c\u2019est le moment de vous renseigner aupr\u00e8s de votre m\u00e9decin de famille ou de votre pharmacien\u00a0! En effet, certains vaccins ont des effets \u00e0 dur\u00e9e limit\u00e9e tandis que d\u2019autres sont sp\u00e9cifiques aux risques auxquels on s\u2019expose ou parfois simplement conseill\u00e9s \u00e0 partir d\u2019un certain \u00e2ge.<\/p>\n<h2 style=\"text-align: justify;\">Votre calendrier vaccinal<\/h2>\n<h3 style=\"text-align: justify;\"><strong>Pneumocoque<\/strong><\/h3>\n<ul>\n<li style=\"text-align: justify;\"><strong>Pour qui\u00a0?<\/strong> Le risque d\u2019\u00eatre infect\u00e9 augmente en vieillissant, c\u2019est pourquoi le Conseil Sup\u00e9rieur de la Sant\u00e9 pr\u00e9conise la vaccination pour toutes les personnes de 65 ans et plus. Dans certains pays, la vaccination syst\u00e9matique s\u2019applique d\u00e9s 50 ans.<\/li>\n<li style=\"text-align: justify;\"><strong>Pourquoi\u00a0?<\/strong> Le pneumocoque est une bact\u00e9rie redoutable. Responsable d\u2019infections pulmonaires, il est aussi souvent associ\u00e9 \u00e0 la septic\u00e9mie, la m\u00e9ningite ou les inflammations de l\u2019oreille.<\/li>\n<li style=\"text-align: justify;\"><strong>Quand\u00a0?<\/strong> Il existe deux types de vaccins\u00a0: le 23-valent et le 13-valent . Le premier, plus ancien, a un plus large spectre car il prot\u00e8ge contre 23 souches mais il doit \u00eatre r\u00e9p\u00e9t\u00e9 tous les 5 ans. Tandis que le deuxi\u00e8me agit en profondeur en cr\u00e9ant une m\u00e9moire immunitaire \u00e0 vie.<\/li>\n<\/ul>\n<h3 style=\"text-align: justify;\">Grippe<\/h3>\n<ul>\n<li style=\"text-align: justify;\"><strong>Pour qui\u00a0?<\/strong> S\u2019il n\u2019est pas obligatoire,<a href=\"http:\/\/www.fiftyandmemagazine.be\/fr\/bien-etre\/11834-grippe-saisonniere-prenez-vos-precautions.html\" target=\"_blank\" rel=\"noopener noreferrer\"> le vaccin contre la grippe<\/a> est fortement recommand\u00e9 \u00e0 65 ans ou plus tout comme pour les fumeurs et les personnes en surpoids. Il est \u00e9galement n\u00e9cessaire pour tous ceux qui fr\u00e9quentent pour X ou Y raisons les h\u00f4pitaux (personnel soignant, malades chroniques, etc).<\/li>\n<li style=\"text-align: justify;\"><strong>Pourquoi\u00a0?<\/strong> S&rsquo;il ne prot\u00e8ge pas \u00e0 100% en raison de la mutation du virus, il permet toutefois de limiter les sympt\u00f4mes.<\/li>\n<li style=\"text-align: justify;\"><strong>Quand\u00a0?<\/strong> Tous les ans, id\u00e9alement entre octobre et d\u00e9cembre.<\/li>\n<\/ul>\n<h3 style=\"text-align: justify;\">Zona<\/h3>\n<ul>\n<li style=\"text-align: justify;\"><strong>Pour qui ?<\/strong> Bien que le zona puisse survenir \u00e0 tout \u00e2ge, son incidence augmente fortement chez les plus de 50 ans ayant contract\u00e9 la varicelle au cours de leur vie.<\/li>\n<li style=\"text-align: justify;\"><strong>Pourquoi\u00a0?<\/strong> Tr\u00e8s douleureux, le zona peut aussi \u00eatre tr\u00e8s invalidant pendant une p\u00e9riode s\u2019\u00e9talant sur plusieurs semaines. Le vaccin est indiqu\u00e9 afin de r\u00e9veiller le syst\u00e8me immunitaire contre le virus de l\u2019Herp\u00e8s Zoster.<\/li>\n<li style=\"text-align: justify;\"><strong>Quand ?<\/strong> Une seule injection \u00e0 partir de 50 ans<\/li>\n<\/ul>\n<h3 style=\"text-align: justify;\">Coqueluche\/T\u00e9tanos\/Dypht\u00e9rie<\/h3>\n<ul>\n<li style=\"text-align: justify;\"><strong>Pour qui\u00a0et pourquoi ?<\/strong> Saviez-vous que notre protection contre ces maladies se r\u00e9duit au fil de temps. En effet, les anticorps disparaissent au bout de 10 \u00e0 15 ans. Si vous \u00eates sur le point d\u2019\u00eatre grand-m\u00e8re (f\u00e9licitations\u00a0!), il est indispensable de faire une vaccination cocon car la coqueluche peut s\u2019av\u00e9rer tr\u00e8s grave chez un nourrisson. A 50 ans, la moiti\u00e9 des gens \u00e0 peine sont encore suffisamment prot\u00e9g\u00e9s\u00a0! Idem pour le t\u00e9tanos. Certes il est rare en Belgique, mais il peut s\u2019av\u00e9rer mortel. Les passionn\u00e9s de jardinage sont doublement concern\u00e9s car la bact\u00e9rie se niche dans la terre\u2026 Enfin, si on ne parle plus de dypht\u00e9rie dans notre, il est important d\u2019\u00eatre couvert lorsque vous quittez nos fronti\u00e8res !<\/li>\n<li><strong>Quand ?<\/strong> Une dose de ce vaccin prot\u00e8ge pendant 10 ans.<\/li>\n<\/ul>\n<p>Et,\u00a0<strong>pour les grands voyageurs\u00a0?<\/strong> N\u2019oubliez pas de demander \u00e0 votre agent de voyage quels sont les vaccins requis lors de vos vacances \u00e0 l\u2019\u00e9tranger. On pense par exemple \u00e0 la Fi\u00e8vre Jaune, l\u2019H\u00e9patite A, etc.<\/p>\n<p style=\"text-align: center;\"><strong>Cet article vous a plus? Alors vous aimerez \u00e9galement<\/strong> \u00a0\u00bb\u00a0<a href=\"http:\/\/www.fiftyandmemagazine.be\/fr\/sante\/28264-la-vitamine-d-une-necessite-en-hiver.html\" target=\"_blank\" rel=\"noopener noreferrer\">La vitamine D, une n\u00e9cessit\u00e9 en hiver ? <\/a>\u00ab\u00a0<\/p>\n","protected":false},"excerpt":{"rendered":"<p><span class=\"span-reading-time rt-reading-time\" style=\"display: block;\"><span class=\"rt-label rt-prefix\">Reading Time: <\/span> <span class=\"rt-time\"> 2<\/span> <span class=\"rt-label rt-postfix\">minutes<\/span><\/span>Au fil du temps, notre immunit\u00e9 faiblit\u2026 Pour pr\u00e9server notre sant\u00e9, se faire vacciner apr\u00e8s 50 ans est hautement recommand\u00e9. Piq\u00fbre de rappel !<\/p>\n","protected":false},"author":9,"featured_media":28902,"comment_status":"open","ping_status":"closed","sticky":false,"template":"","format":"standard","meta":{"_lmt_disableupdate":"no","_lmt_disable":"","footnotes":""},"categories":[1109],"tags":[33],"class_list":["post-28887","post","type-post","status-publish","format-standard","has-post-thumbnail","hentry","category-medecine","tag-sante"],"yoast_head":"<!-- This site is optimized with the Yoast SEO plugin v26.3 - https:\/\/yoast.com\/wordpress\/plugins\/seo\/ -->\n<title>Faut-il encore se faire vacciner apr\u00e8s 50 ans ? - Fifty &amp; Me MAGAZINE<\/title>\n<meta name=\"description\" content=\"Au fil du temps, notre immunit\u00e9 faiblit\u2026 Pour pr\u00e9server notre sant\u00e9, se faire vacciner apr\u00e8s 50 ans est hautement recommand\u00e9e. Piq\u00fbre de rappel !\" \/>\n<meta name=\"robots\" content=\"index, follow, max-snippet:-1, max-image-preview:large, max-video-preview:-1\" \/>\n<link rel=\"canonical\" href=\"https:\/\/www.fiftyandmemagazine.be\/fr\/sante\/medecine\/sante-faut-il-encore-se-faire-vacciner-apres-50-ans\" \/>\n<meta property=\"og:locale\" content=\"fr_FR\" \/>\n<meta property=\"og:type\" content=\"article\" \/>\n<meta property=\"og:title\" content=\"Faut-il encore se faire vacciner apr\u00e8s 50 ans ? - Fifty &amp; Me MAGAZINE\" \/>\n<meta property=\"og:description\" content=\"Au fil du temps, notre immunit\u00e9 faiblit\u2026 Pour pr\u00e9server notre sant\u00e9, se faire vacciner apr\u00e8s 50 ans est hautement recommand\u00e9e. Piq\u00fbre de rappel !\" \/>\n<meta property=\"og:url\" content=\"https:\/\/www.fiftyandmemagazine.be\/fr\/sante\/medecine\/sante-faut-il-encore-se-faire-vacciner-apres-50-ans\" \/>\n<meta property=\"og:site_name\" content=\"Fifty &amp; Me MAGAZINE\" \/>\n<meta property=\"article:published_time\" content=\"2020-03-02T06:08:58+00:00\" \/>\n<meta property=\"og:image\" content=\"https:\/\/www.fiftyandmemagazine.be\/fr\/wp-content\/uploads\/2017\/10\/vacciner-apres-50-ans-fiftyandme-magazine.jpg\" \/>\n\t<meta property=\"og:image:width\" content=\"1110\" \/>\n\t<meta property=\"og:image:height\" content=\"740\" \/>\n\t<meta property=\"og:image:type\" content=\"image\/jpeg\" \/>\n<meta name=\"author\" content=\"Gaelle Dehenain\" \/>\n<meta name=\"twitter:card\" content=\"summary_large_image\" \/>\n<meta name=\"twitter:label1\" content=\"\u00c9crit par\" \/>\n\t<meta name=\"twitter:data1\" content=\"Gaelle Dehenain\" \/>\n\t<meta name=\"twitter:label2\" content=\"Dur\u00e9e de lecture estim\u00e9e\" \/>\n\t<meta name=\"twitter:data2\" content=\"3 minutes\" \/>\n<script type=\"application\/ld+json\" class=\"yoast-schema-graph\">{\"@context\":\"https:\/\/schema.org\",\"@graph\":[{\"@type\":\"WebPage\",\"@id\":\"https:\/\/www.fiftyandmemagazine.be\/fr\/sante\/medecine\/sante-faut-il-encore-se-faire-vacciner-apres-50-ans\",\"url\":\"https:\/\/www.fiftyandmemagazine.be\/fr\/sante\/medecine\/sante-faut-il-encore-se-faire-vacciner-apres-50-ans\",\"name\":\"Faut-il encore se faire vacciner apr\u00e8s 50 ans ? - Fifty &amp; Me MAGAZINE\",\"isPartOf\":{\"@id\":\"https:\/\/www.fiftyandmemagazine.be\/fr\/#website\"},\"primaryImageOfPage\":{\"@id\":\"https:\/\/www.fiftyandmemagazine.be\/fr\/sante\/medecine\/sante-faut-il-encore-se-faire-vacciner-apres-50-ans#primaryimage\"},\"image\":{\"@id\":\"https:\/\/www.fiftyandmemagazine.be\/fr\/sante\/medecine\/sante-faut-il-encore-se-faire-vacciner-apres-50-ans#primaryimage\"},\"thumbnailUrl\":\"https:\/\/www.fiftyandmemagazine.be\/fr\/wp-content\/uploads\/2017\/10\/vacciner-apres-50-ans-fiftyandme-magazine.jpg\",\"datePublished\":\"2020-03-02T06:08:58+00:00\",\"author\":{\"@id\":\"https:\/\/www.fiftyandmemagazine.be\/fr\/#\/schema\/person\/00279fbd4b5a6844247dbd2f50229f38\"},\"description\":\"Au fil du temps, notre immunit\u00e9 faiblit\u2026 Pour pr\u00e9server notre sant\u00e9, se faire vacciner apr\u00e8s 50 ans est hautement recommand\u00e9e. Piq\u00fbre de rappel !\",\"breadcrumb\":{\"@id\":\"https:\/\/www.fiftyandmemagazine.be\/fr\/sante\/medecine\/sante-faut-il-encore-se-faire-vacciner-apres-50-ans#breadcrumb\"},\"inLanguage\":\"fr-FR\",\"potentialAction\":[{\"@type\":\"ReadAction\",\"target\":[\"https:\/\/www.fiftyandmemagazine.be\/fr\/sante\/medecine\/sante-faut-il-encore-se-faire-vacciner-apres-50-ans\"]}]},{\"@type\":\"ImageObject\",\"inLanguage\":\"fr-FR\",\"@id\":\"https:\/\/www.fiftyandmemagazine.be\/fr\/sante\/medecine\/sante-faut-il-encore-se-faire-vacciner-apres-50-ans#primaryimage\",\"url\":\"https:\/\/www.fiftyandmemagazine.be\/fr\/wp-content\/uploads\/2017\/10\/vacciner-apres-50-ans-fiftyandme-magazine.jpg\",\"contentUrl\":\"https:\/\/www.fiftyandmemagazine.be\/fr\/wp-content\/uploads\/2017\/10\/vacciner-apres-50-ans-fiftyandme-magazine.jpg\",\"width\":1110,\"height\":740,\"caption\":\"photo femme 50 ans qui se fait vacciner\"},{\"@type\":\"BreadcrumbList\",\"@id\":\"https:\/\/www.fiftyandmemagazine.be\/fr\/sante\/medecine\/sante-faut-il-encore-se-faire-vacciner-apres-50-ans#breadcrumb\",\"itemListElement\":[{\"@type\":\"ListItem\",\"position\":1,\"name\":\"Sant\u00e9\",\"item\":\"https:\/\/www.fiftyandmemagazine.be\/fr\/sante\"},{\"@type\":\"ListItem\",\"position\":2,\"name\":\"M\u00e9decine\",\"item\":\"https:\/\/www.fiftyandmemagazine.be\/fr\/sante\/medecine\"},{\"@type\":\"ListItem\",\"position\":3,\"name\":\"Faut-il encore se faire vacciner apr\u00e8s 50 ans ?\"}]},{\"@type\":\"WebSite\",\"@id\":\"https:\/\/www.fiftyandmemagazine.be\/fr\/#website\",\"url\":\"https:\/\/www.fiftyandmemagazine.be\/fr\/\",\"name\":\"Fifty &amp; Me MAGAZINE\",\"description\":\"Et si la vie commen\u00e7ait \u00e0 50 ans ?\",\"potentialAction\":[{\"@type\":\"SearchAction\",\"target\":{\"@type\":\"EntryPoint\",\"urlTemplate\":\"https:\/\/www.fiftyandmemagazine.be\/fr\/?s={search_term_string}\"},\"query-input\":{\"@type\":\"PropertyValueSpecification\",\"valueRequired\":true,\"valueName\":\"search_term_string\"}}],\"inLanguage\":\"fr-FR\"},{\"@type\":\"Person\",\"@id\":\"https:\/\/www.fiftyandmemagazine.be\/fr\/#\/schema\/person\/00279fbd4b5a6844247dbd2f50229f38\",\"name\":\"Gaelle Dehenain\",\"url\":\"https:\/\/www.fiftyandmemagazine.be\/fr\/author\/gde\"}]}<\/script>\n<!-- \/ Yoast SEO plugin. -->","yoast_head_json":{"title":"Faut-il encore se faire vacciner apr\u00e8s 50 ans ? - Fifty &amp; Me MAGAZINE","description":"Au fil du temps, notre immunit\u00e9 faiblit\u2026 Pour pr\u00e9server notre sant\u00e9, se faire vacciner apr\u00e8s 50 ans est hautement recommand\u00e9e. Piq\u00fbre de rappel !","robots":{"index":"index","follow":"follow","max-snippet":"max-snippet:-1","max-image-preview":"max-image-preview:large","max-video-preview":"max-video-preview:-1"},"canonical":"https:\/\/www.fiftyandmemagazine.be\/fr\/sante\/medecine\/sante-faut-il-encore-se-faire-vacciner-apres-50-ans","og_locale":"fr_FR","og_type":"article","og_title":"Faut-il encore se faire vacciner apr\u00e8s 50 ans ? - Fifty &amp; Me MAGAZINE","og_description":"Au fil du temps, notre immunit\u00e9 faiblit\u2026 Pour pr\u00e9server notre sant\u00e9, se faire vacciner apr\u00e8s 50 ans est hautement recommand\u00e9e. Piq\u00fbre de rappel !","og_url":"https:\/\/www.fiftyandmemagazine.be\/fr\/sante\/medecine\/sante-faut-il-encore-se-faire-vacciner-apres-50-ans","og_site_name":"Fifty &amp; Me MAGAZINE","article_published_time":"2020-03-02T06:08:58+00:00","og_image":[{"width":1110,"height":740,"url":"https:\/\/www.fiftyandmemagazine.be\/fr\/wp-content\/uploads\/2017\/10\/vacciner-apres-50-ans-fiftyandme-magazine.jpg","type":"image\/jpeg"}],"author":"Gaelle Dehenain","twitter_card":"summary_large_image","twitter_misc":{"\u00c9crit par":"Gaelle Dehenain","Dur\u00e9e de lecture estim\u00e9e":"3 minutes"},"schema":{"@context":"https:\/\/schema.org","@graph":[{"@type":"WebPage","@id":"https:\/\/www.fiftyandmemagazine.be\/fr\/sante\/medecine\/sante-faut-il-encore-se-faire-vacciner-apres-50-ans","url":"https:\/\/www.fiftyandmemagazine.be\/fr\/sante\/medecine\/sante-faut-il-encore-se-faire-vacciner-apres-50-ans","name":"Faut-il encore se faire vacciner apr\u00e8s 50 ans ? - Fifty &amp; Me MAGAZINE","isPartOf":{"@id":"https:\/\/www.fiftyandmemagazine.be\/fr\/#website"},"primaryImageOfPage":{"@id":"https:\/\/www.fiftyandmemagazine.be\/fr\/sante\/medecine\/sante-faut-il-encore-se-faire-vacciner-apres-50-ans#primaryimage"},"image":{"@id":"https:\/\/www.fiftyandmemagazine.be\/fr\/sante\/medecine\/sante-faut-il-encore-se-faire-vacciner-apres-50-ans#primaryimage"},"thumbnailUrl":"https:\/\/www.fiftyandmemagazine.be\/fr\/wp-content\/uploads\/2017\/10\/vacciner-apres-50-ans-fiftyandme-magazine.jpg","datePublished":"2020-03-02T06:08:58+00:00","author":{"@id":"https:\/\/www.fiftyandmemagazine.be\/fr\/#\/schema\/person\/00279fbd4b5a6844247dbd2f50229f38"},"description":"Au fil du temps, notre immunit\u00e9 faiblit\u2026 Pour pr\u00e9server notre sant\u00e9, se faire vacciner apr\u00e8s 50 ans est hautement recommand\u00e9e. Piq\u00fbre de rappel !","breadcrumb":{"@id":"https:\/\/www.fiftyandmemagazine.be\/fr\/sante\/medecine\/sante-faut-il-encore-se-faire-vacciner-apres-50-ans#breadcrumb"},"inLanguage":"fr-FR","potentialAction":[{"@type":"ReadAction","target":["https:\/\/www.fiftyandmemagazine.be\/fr\/sante\/medecine\/sante-faut-il-encore-se-faire-vacciner-apres-50-ans"]}]},{"@type":"ImageObject","inLanguage":"fr-FR","@id":"https:\/\/www.fiftyandmemagazine.be\/fr\/sante\/medecine\/sante-faut-il-encore-se-faire-vacciner-apres-50-ans#primaryimage","url":"https:\/\/www.fiftyandmemagazine.be\/fr\/wp-content\/uploads\/2017\/10\/vacciner-apres-50-ans-fiftyandme-magazine.jpg","contentUrl":"https:\/\/www.fiftyandmemagazine.be\/fr\/wp-content\/uploads\/2017\/10\/vacciner-apres-50-ans-fiftyandme-magazine.jpg","width":1110,"height":740,"caption":"photo femme 50 ans qui se fait vacciner"},{"@type":"BreadcrumbList","@id":"https:\/\/www.fiftyandmemagazine.be\/fr\/sante\/medecine\/sante-faut-il-encore-se-faire-vacciner-apres-50-ans#breadcrumb","itemListElement":[{"@type":"ListItem","position":1,"name":"Sant\u00e9","item":"https:\/\/www.fiftyandmemagazine.be\/fr\/sante"},{"@type":"ListItem","position":2,"name":"M\u00e9decine","item":"https:\/\/www.fiftyandmemagazine.be\/fr\/sante\/medecine"},{"@type":"ListItem","position":3,"name":"Faut-il encore se faire vacciner apr\u00e8s 50 ans ?"}]},{"@type":"WebSite","@id":"https:\/\/www.fiftyandmemagazine.be\/fr\/#website","url":"https:\/\/www.fiftyandmemagazine.be\/fr\/","name":"Fifty &amp; Me MAGAZINE","description":"Et si la vie commen\u00e7ait \u00e0 50 ans ?","potentialAction":[{"@type":"SearchAction","target":{"@type":"EntryPoint","urlTemplate":"https:\/\/www.fiftyandmemagazine.be\/fr\/?s={search_term_string}"},"query-input":{"@type":"PropertyValueSpecification","valueRequired":true,"valueName":"search_term_string"}}],"inLanguage":"fr-FR"},{"@type":"Person","@id":"https:\/\/www.fiftyandmemagazine.be\/fr\/#\/schema\/person\/00279fbd4b5a6844247dbd2f50229f38","name":"Gaelle Dehenain","url":"https:\/\/www.fiftyandmemagazine.be\/fr\/author\/gde"}]}},"modified_by":"Magali Duqu\u00e9","_links":{"self":[{"href":"https:\/\/www.fiftyandmemagazine.be\/fr\/wp-json\/wp\/v2\/posts\/28887","targetHints":{"allow":["GET"]}}],"collection":[{"href":"https:\/\/www.fiftyandmemagazine.be\/fr\/wp-json\/wp\/v2\/posts"}],"about":[{"href":"https:\/\/www.fiftyandmemagazine.be\/fr\/wp-json\/wp\/v2\/types\/post"}],"author":[{"embeddable":true,"href":"https:\/\/www.fiftyandmemagazine.be\/fr\/wp-json\/wp\/v2\/users\/9"}],"replies":[{"embeddable":true,"href":"https:\/\/www.fiftyandmemagazine.be\/fr\/wp-json\/wp\/v2\/comments?post=28887"}],"version-history":[{"count":6,"href":"https:\/\/www.fiftyandmemagazine.be\/fr\/wp-json\/wp\/v2\/posts\/28887\/revisions"}],"predecessor-version":[{"id":43940,"href":"https:\/\/www.fiftyandmemagazine.be\/fr\/wp-json\/wp\/v2\/posts\/28887\/revisions\/43940"}],"wp:featuredmedia":[{"embeddable":true,"href":"https:\/\/www.fiftyandmemagazine.be\/fr\/wp-json\/wp\/v2\/media\/28902"}],"wp:attachment":[{"href":"https:\/\/www.fiftyandmemagazine.be\/fr\/wp-json\/wp\/v2\/media?parent=28887"}],"wp:term":[{"taxonomy":"category","embeddable":true,"href":"https:\/\/www.fiftyandmemagazine.be\/fr\/wp-json\/wp\/v2\/categories?post=28887"},{"taxonomy":"post_tag","embeddable":true,"href":"https:\/\/www.fiftyandmemagazine.be\/fr\/wp-json\/wp\/v2\/tags?post=28887"}],"curies":[{"name":"wp","href":"https:\/\/api.w.org\/{rel}","templated":true}]}}