{"id":33978,"date":"2018-03-29T06:34:29","date_gmt":"2018-03-29T04:34:29","guid":{"rendered":"http:\/\/www.fiftyandmemagazine.be\/fr\/?p=33978"},"modified":"2018-03-26T14:34:44","modified_gmt":"2018-03-26T12:34:44","slug":"enchante-lhommage-a-jacques-brel-musique","status":"publish","type":"post","link":"https:\/\/www.fiftyandmemagazine.be\/fr\/culture\/decouvrir-culture\/enchante-lhommage-a-jacques-brel-musique","title":{"rendered":"\u00ab Enchant\u00e9 \u00bb : l&rsquo;hommage \u00e0 Jacques Brel en musique"},"content":{"rendered":"<span class=\"span-reading-time rt-reading-time\" style=\"display: block;\"><span class=\"rt-label rt-prefix\">Reading Time: <\/span> <span class=\"rt-time\"> &lt;\u00a01<\/span> <span class=\"rt-label rt-postfix\">minute<\/span><\/span><p>Le 9 octobre prochain, cela fera 40 ans que Jacques Brel nous a quitt\u00e9. Pour rendre <strong>hommage<\/strong> au grand chanteur, acteur, parolier et r\u00e9alisateur qu\u2019il \u00e9tait, le Casino de Knokke accueille un festival spectaculaire mont\u00e9 par Jan Hautekiet et Patrick Riguelle. Pendant trois jours, des artistes de renomm\u00e9e vont se succ\u00e9der sur la m\u00eame sc\u00e8ne o\u00f9 se tenait Jacques Brel en 1963\u00a0! Sarah D\u2019Hondt, Isolde, M\u00e9lanie De Biasio, l\u2019Ensemble Riguelle et Camille r\u00e9interpr\u00e9teront \u00e0 leur mani\u00e8re des morceaux de la Chanson fran\u00e7aise. Pendant le spectacle musical, photos et films d\u2019\u00e9poque seront \u00e9galement diffus\u00e9s afin de nous plonger totalement dans l\u2019univers Brel.<\/p>\n<h2>A table avec Jacques Brel<\/h2>\n<p>\u00ab\u00a0Enchant\u00e9\u00a0\u00bb, c\u2019est un festival musical mais aussi un grand <a href=\"http:\/\/www.fiftyandmemagazine.be\/fr\/cuisine\/rencontres-culinaires\/bons-plans-gastronomiques-deric-boschman\" target=\"_blank\" rel=\"noopener noreferrer\">moment gastronomique<\/a>. En effet, la salle Magritte deviendra le \u00ab\u00a0Bistrot Brel\u00a0\u00bb le temps du festival. Cette reconstitution d\u2019un bistrot parisien propose des menus et d\u00e9gustations accompagn\u00e9s d\u2019un bon verre de vin ou de champagne avant et apr\u00e8s le concert.<\/p>\n<p>Ce festival est sans aucun doute une d\u00e9licieuse occasion de (re)d\u00e9couvrir le talent de Jacques Brel (et autres perles de la Chanson fran\u00e7aise) dans un cadre prestigieux !<\/p>\n<p><img loading=\"lazy\" decoding=\"async\" class=\"wp-image-33980 aligncenter\" src=\"http:\/\/www.fiftyandmemagazine.be\/fr\/wp-content\/uploads\/2018\/03\/hommage-jacques-brel-1.jpg\" alt=\"hommage Jacques Brel\" width=\"767\" height=\"511\" srcset=\"https:\/\/www.fiftyandmemagazine.be\/fr\/wp-content\/uploads\/2018\/03\/hommage-jacques-brel-1.jpg 1110w, https:\/\/www.fiftyandmemagazine.be\/fr\/wp-content\/uploads\/2018\/03\/hommage-jacques-brel-1-768x512.jpg 768w, https:\/\/www.fiftyandmemagazine.be\/fr\/wp-content\/uploads\/2018\/03\/hommage-jacques-brel-1-450x300.jpg 450w\" sizes=\"auto, (max-width: 767px) 100vw, 767px\" \/><\/p>\n<p>&nbsp;<\/p>\n<p><span style=\"text-decoration: underline;\">O\u00f9\u00a0?<\/span> Grand Casino de Knokke &#8211; Grand Casino de Knokke, Zeedijk Albertstrand\u00a0508, 8300\u00a0Knokke-Heist<\/p>\n<p><span style=\"text-decoration: underline;\">Quand ?<\/span> Du 5 au 7 avril 2018<\/p>\n<p><span style=\"text-decoration: underline;\">Infos et r\u00e9servations<\/span>\u00a0: <a href=\"http:\/\/cultuur.knokke-heist.be\/enchante\" target=\"_blank\" rel=\"noopener noreferrer\">cultuur.knokke-heist.be\/enchante<\/a><\/p>\n","protected":false},"excerpt":{"rendered":"<p><span class=\"span-reading-time rt-reading-time\" style=\"display: block;\"><span class=\"rt-label rt-prefix\">Reading Time: <\/span> <span class=\"rt-time\"> &lt;\u00a01<\/span> <span class=\"rt-label rt-postfix\">minute<\/span><\/span>Le 9 octobre prochain, cela fera 40 ans que Jacques [&hellip;]<\/p>\n","protected":false},"author":18,"featured_media":33979,"comment_status":"open","ping_status":"closed","sticky":false,"template":"","format":"standard","meta":{"_lmt_disableupdate":"","_lmt_disable":"","footnotes":""},"categories":[1130],"tags":[1046,43],"class_list":["post-33978","post","type-post","status-publish","format-standard","has-post-thumbnail","hentry","category-decouvrir-culture","tag-belgique","tag-culture"],"yoast_head":"<!-- This site is optimized with the Yoast SEO plugin v26.3 - https:\/\/yoast.com\/wordpress\/plugins\/seo\/ -->\n<title>\u00ab Enchant\u00e9 \u00bb : l&#039;hommage \u00e0 Jacques Brel en musique - Fifty &amp; Me MAGAZINE<\/title>\n<meta name=\"description\" content=\"A la veille des 40 ans de la disparition de Jacques Brel, le festival Enchant\u00e9 rend hommage au chanteur tout en musique !\" \/>\n<meta name=\"robots\" content=\"index, follow, max-snippet:-1, max-image-preview:large, max-video-preview:-1\" \/>\n<link rel=\"canonical\" href=\"https:\/\/www.fiftyandmemagazine.be\/fr\/culture\/decouvrir-culture\/enchante-lhommage-a-jacques-brel-musique\" \/>\n<meta property=\"og:locale\" content=\"fr_FR\" \/>\n<meta property=\"og:type\" content=\"article\" \/>\n<meta property=\"og:title\" content=\"\u00ab Enchant\u00e9 \u00bb : l&#039;hommage \u00e0 Jacques Brel en musique - Fifty &amp; Me MAGAZINE\" \/>\n<meta property=\"og:description\" content=\"A la veille des 40 ans de la disparition de Jacques Brel, le festival Enchant\u00e9 rend hommage au chanteur tout en musique !\" \/>\n<meta property=\"og:url\" content=\"https:\/\/www.fiftyandmemagazine.be\/fr\/culture\/decouvrir-culture\/enchante-lhommage-a-jacques-brel-musique\" \/>\n<meta property=\"og:site_name\" content=\"Fifty &amp; Me MAGAZINE\" \/>\n<meta property=\"article:published_time\" content=\"2018-03-29T04:34:29+00:00\" \/>\n<meta property=\"og:image\" content=\"https:\/\/www.fiftyandmemagazine.be\/fr\/wp-content\/uploads\/2018\/03\/hommage-Jacques-Brel.jpg\" \/>\n\t<meta property=\"og:image:width\" content=\"1110\" \/>\n\t<meta property=\"og:image:height\" content=\"740\" \/>\n\t<meta property=\"og:image:type\" content=\"image\/jpeg\" \/>\n<meta name=\"author\" content=\"Lauren Soukiassian\" \/>\n<meta name=\"twitter:card\" content=\"summary_large_image\" \/>\n<meta name=\"twitter:label1\" content=\"\u00c9crit par\" \/>\n\t<meta name=\"twitter:data1\" content=\"Lauren Soukiassian\" \/>\n\t<meta name=\"twitter:label2\" content=\"Dur\u00e9e de lecture estim\u00e9e\" \/>\n\t<meta name=\"twitter:data2\" content=\"1 minute\" \/>\n<script type=\"application\/ld+json\" class=\"yoast-schema-graph\">{\"@context\":\"https:\/\/schema.org\",\"@graph\":[{\"@type\":\"WebPage\",\"@id\":\"https:\/\/www.fiftyandmemagazine.be\/fr\/culture\/decouvrir-culture\/enchante-lhommage-a-jacques-brel-musique\",\"url\":\"https:\/\/www.fiftyandmemagazine.be\/fr\/culture\/decouvrir-culture\/enchante-lhommage-a-jacques-brel-musique\",\"name\":\"\u00ab Enchant\u00e9 \u00bb : l'hommage \u00e0 Jacques Brel en musique - Fifty &amp; Me MAGAZINE\",\"isPartOf\":{\"@id\":\"https:\/\/www.fiftyandmemagazine.be\/fr\/#website\"},\"primaryImageOfPage\":{\"@id\":\"https:\/\/www.fiftyandmemagazine.be\/fr\/culture\/decouvrir-culture\/enchante-lhommage-a-jacques-brel-musique#primaryimage\"},\"image\":{\"@id\":\"https:\/\/www.fiftyandmemagazine.be\/fr\/culture\/decouvrir-culture\/enchante-lhommage-a-jacques-brel-musique#primaryimage\"},\"thumbnailUrl\":\"https:\/\/www.fiftyandmemagazine.be\/fr\/wp-content\/uploads\/2018\/03\/hommage-Jacques-Brel.jpg\",\"datePublished\":\"2018-03-29T04:34:29+00:00\",\"author\":{\"@id\":\"https:\/\/www.fiftyandmemagazine.be\/fr\/#\/schema\/person\/ebc87c29599dd51d1bb53bc5a497e45d\"},\"description\":\"A la veille des 40 ans de la disparition de Jacques Brel, le festival Enchant\u00e9 rend hommage au chanteur tout en musique !\",\"breadcrumb\":{\"@id\":\"https:\/\/www.fiftyandmemagazine.be\/fr\/culture\/decouvrir-culture\/enchante-lhommage-a-jacques-brel-musique#breadcrumb\"},\"inLanguage\":\"fr-FR\",\"potentialAction\":[{\"@type\":\"ReadAction\",\"target\":[\"https:\/\/www.fiftyandmemagazine.be\/fr\/culture\/decouvrir-culture\/enchante-lhommage-a-jacques-brel-musique\"]}]},{\"@type\":\"ImageObject\",\"inLanguage\":\"fr-FR\",\"@id\":\"https:\/\/www.fiftyandmemagazine.be\/fr\/culture\/decouvrir-culture\/enchante-lhommage-a-jacques-brel-musique#primaryimage\",\"url\":\"https:\/\/www.fiftyandmemagazine.be\/fr\/wp-content\/uploads\/2018\/03\/hommage-Jacques-Brel.jpg\",\"contentUrl\":\"https:\/\/www.fiftyandmemagazine.be\/fr\/wp-content\/uploads\/2018\/03\/hommage-Jacques-Brel.jpg\",\"width\":1110,\"height\":740,\"caption\":\"\u00a9Hubert Grooteclaes\"},{\"@type\":\"BreadcrumbList\",\"@id\":\"https:\/\/www.fiftyandmemagazine.be\/fr\/culture\/decouvrir-culture\/enchante-lhommage-a-jacques-brel-musique#breadcrumb\",\"itemListElement\":[{\"@type\":\"ListItem\",\"position\":1,\"name\":\"Culture\",\"item\":\"https:\/\/www.fiftyandmemagazine.be\/fr\/culture\"},{\"@type\":\"ListItem\",\"position\":2,\"name\":\"D\u00e9couvrir\",\"item\":\"https:\/\/www.fiftyandmemagazine.be\/fr\/culture\/decouvrir-culture\"},{\"@type\":\"ListItem\",\"position\":3,\"name\":\"\u00ab Enchant\u00e9 \u00bb : l&rsquo;hommage \u00e0 Jacques Brel en musique\"}]},{\"@type\":\"WebSite\",\"@id\":\"https:\/\/www.fiftyandmemagazine.be\/fr\/#website\",\"url\":\"https:\/\/www.fiftyandmemagazine.be\/fr\/\",\"name\":\"Fifty &amp; Me MAGAZINE\",\"description\":\"Et si la vie commen\u00e7ait \u00e0 50 ans ?\",\"potentialAction\":[{\"@type\":\"SearchAction\",\"target\":{\"@type\":\"EntryPoint\",\"urlTemplate\":\"https:\/\/www.fiftyandmemagazine.be\/fr\/?s={search_term_string}\"},\"query-input\":{\"@type\":\"PropertyValueSpecification\",\"valueRequired\":true,\"valueName\":\"search_term_string\"}}],\"inLanguage\":\"fr-FR\"},{\"@type\":\"Person\",\"@id\":\"https:\/\/www.fiftyandmemagazine.be\/fr\/#\/schema\/person\/ebc87c29599dd51d1bb53bc5a497e45d\",\"name\":\"Lauren Soukiassian\",\"url\":\"https:\/\/www.fiftyandmemagazine.be\/fr\/author\/lauren\"}]}<\/script>\n<!-- \/ Yoast SEO plugin. -->","yoast_head_json":{"title":"\u00ab Enchant\u00e9 \u00bb : l'hommage \u00e0 Jacques Brel en musique - Fifty &amp; Me MAGAZINE","description":"A la veille des 40 ans de la disparition de Jacques Brel, le festival Enchant\u00e9 rend hommage au chanteur tout en musique !","robots":{"index":"index","follow":"follow","max-snippet":"max-snippet:-1","max-image-preview":"max-image-preview:large","max-video-preview":"max-video-preview:-1"},"canonical":"https:\/\/www.fiftyandmemagazine.be\/fr\/culture\/decouvrir-culture\/enchante-lhommage-a-jacques-brel-musique","og_locale":"fr_FR","og_type":"article","og_title":"\u00ab Enchant\u00e9 \u00bb : l'hommage \u00e0 Jacques Brel en musique - Fifty &amp; Me MAGAZINE","og_description":"A la veille des 40 ans de la disparition de Jacques Brel, le festival Enchant\u00e9 rend hommage au chanteur tout en musique !","og_url":"https:\/\/www.fiftyandmemagazine.be\/fr\/culture\/decouvrir-culture\/enchante-lhommage-a-jacques-brel-musique","og_site_name":"Fifty &amp; Me MAGAZINE","article_published_time":"2018-03-29T04:34:29+00:00","og_image":[{"width":1110,"height":740,"url":"https:\/\/www.fiftyandmemagazine.be\/fr\/wp-content\/uploads\/2018\/03\/hommage-Jacques-Brel.jpg","type":"image\/jpeg"}],"author":"Lauren Soukiassian","twitter_card":"summary_large_image","twitter_misc":{"\u00c9crit par":"Lauren Soukiassian","Dur\u00e9e de lecture estim\u00e9e":"1 minute"},"schema":{"@context":"https:\/\/schema.org","@graph":[{"@type":"WebPage","@id":"https:\/\/www.fiftyandmemagazine.be\/fr\/culture\/decouvrir-culture\/enchante-lhommage-a-jacques-brel-musique","url":"https:\/\/www.fiftyandmemagazine.be\/fr\/culture\/decouvrir-culture\/enchante-lhommage-a-jacques-brel-musique","name":"\u00ab Enchant\u00e9 \u00bb : l'hommage \u00e0 Jacques Brel en musique - Fifty &amp; Me MAGAZINE","isPartOf":{"@id":"https:\/\/www.fiftyandmemagazine.be\/fr\/#website"},"primaryImageOfPage":{"@id":"https:\/\/www.fiftyandmemagazine.be\/fr\/culture\/decouvrir-culture\/enchante-lhommage-a-jacques-brel-musique#primaryimage"},"image":{"@id":"https:\/\/www.fiftyandmemagazine.be\/fr\/culture\/decouvrir-culture\/enchante-lhommage-a-jacques-brel-musique#primaryimage"},"thumbnailUrl":"https:\/\/www.fiftyandmemagazine.be\/fr\/wp-content\/uploads\/2018\/03\/hommage-Jacques-Brel.jpg","datePublished":"2018-03-29T04:34:29+00:00","author":{"@id":"https:\/\/www.fiftyandmemagazine.be\/fr\/#\/schema\/person\/ebc87c29599dd51d1bb53bc5a497e45d"},"description":"A la veille des 40 ans de la disparition de Jacques Brel, le festival Enchant\u00e9 rend hommage au chanteur tout en musique !","breadcrumb":{"@id":"https:\/\/www.fiftyandmemagazine.be\/fr\/culture\/decouvrir-culture\/enchante-lhommage-a-jacques-brel-musique#breadcrumb"},"inLanguage":"fr-FR","potentialAction":[{"@type":"ReadAction","target":["https:\/\/www.fiftyandmemagazine.be\/fr\/culture\/decouvrir-culture\/enchante-lhommage-a-jacques-brel-musique"]}]},{"@type":"ImageObject","inLanguage":"fr-FR","@id":"https:\/\/www.fiftyandmemagazine.be\/fr\/culture\/decouvrir-culture\/enchante-lhommage-a-jacques-brel-musique#primaryimage","url":"https:\/\/www.fiftyandmemagazine.be\/fr\/wp-content\/uploads\/2018\/03\/hommage-Jacques-Brel.jpg","contentUrl":"https:\/\/www.fiftyandmemagazine.be\/fr\/wp-content\/uploads\/2018\/03\/hommage-Jacques-Brel.jpg","width":1110,"height":740,"caption":"\u00a9Hubert Grooteclaes"},{"@type":"BreadcrumbList","@id":"https:\/\/www.fiftyandmemagazine.be\/fr\/culture\/decouvrir-culture\/enchante-lhommage-a-jacques-brel-musique#breadcrumb","itemListElement":[{"@type":"ListItem","position":1,"name":"Culture","item":"https:\/\/www.fiftyandmemagazine.be\/fr\/culture"},{"@type":"ListItem","position":2,"name":"D\u00e9couvrir","item":"https:\/\/www.fiftyandmemagazine.be\/fr\/culture\/decouvrir-culture"},{"@type":"ListItem","position":3,"name":"\u00ab Enchant\u00e9 \u00bb : l&rsquo;hommage \u00e0 Jacques Brel en musique"}]},{"@type":"WebSite","@id":"https:\/\/www.fiftyandmemagazine.be\/fr\/#website","url":"https:\/\/www.fiftyandmemagazine.be\/fr\/","name":"Fifty &amp; Me MAGAZINE","description":"Et si la vie commen\u00e7ait \u00e0 50 ans ?","potentialAction":[{"@type":"SearchAction","target":{"@type":"EntryPoint","urlTemplate":"https:\/\/www.fiftyandmemagazine.be\/fr\/?s={search_term_string}"},"query-input":{"@type":"PropertyValueSpecification","valueRequired":true,"valueName":"search_term_string"}}],"inLanguage":"fr-FR"},{"@type":"Person","@id":"https:\/\/www.fiftyandmemagazine.be\/fr\/#\/schema\/person\/ebc87c29599dd51d1bb53bc5a497e45d","name":"Lauren Soukiassian","url":"https:\/\/www.fiftyandmemagazine.be\/fr\/author\/lauren"}]}},"modified_by":"Magali Duqu\u00e9","_links":{"self":[{"href":"https:\/\/www.fiftyandmemagazine.be\/fr\/wp-json\/wp\/v2\/posts\/33978","targetHints":{"allow":["GET"]}}],"collection":[{"href":"https:\/\/www.fiftyandmemagazine.be\/fr\/wp-json\/wp\/v2\/posts"}],"about":[{"href":"https:\/\/www.fiftyandmemagazine.be\/fr\/wp-json\/wp\/v2\/types\/post"}],"author":[{"embeddable":true,"href":"https:\/\/www.fiftyandmemagazine.be\/fr\/wp-json\/wp\/v2\/users\/18"}],"replies":[{"embeddable":true,"href":"https:\/\/www.fiftyandmemagazine.be\/fr\/wp-json\/wp\/v2\/comments?post=33978"}],"version-history":[{"count":0,"href":"https:\/\/www.fiftyandmemagazine.be\/fr\/wp-json\/wp\/v2\/posts\/33978\/revisions"}],"wp:featuredmedia":[{"embeddable":true,"href":"https:\/\/www.fiftyandmemagazine.be\/fr\/wp-json\/wp\/v2\/media\/33979"}],"wp:attachment":[{"href":"https:\/\/www.fiftyandmemagazine.be\/fr\/wp-json\/wp\/v2\/media?parent=33978"}],"wp:term":[{"taxonomy":"category","embeddable":true,"href":"https:\/\/www.fiftyandmemagazine.be\/fr\/wp-json\/wp\/v2\/categories?post=33978"},{"taxonomy":"post_tag","embeddable":true,"href":"https:\/\/www.fiftyandmemagazine.be\/fr\/wp-json\/wp\/v2\/tags?post=33978"}],"curies":[{"name":"wp","href":"https:\/\/api.w.org\/{rel}","templated":true}]}}