{"id":41334,"date":"2021-01-18T14:09:56","date_gmt":"2021-01-18T13:09:56","guid":{"rendered":"https:\/\/www.fiftyandmemagazine.be\/fr\/?p=41334"},"modified":"2021-01-13T09:49:39","modified_gmt":"2021-01-13T08:49:39","slug":"prendre-sa-retraite-et-larguer-les-amarres","status":"publish","type":"post","link":"https:\/\/www.fiftyandmemagazine.be\/fr\/sante\/bien-vieillir\/prendre-sa-retraite-et-larguer-les-amarres","title":{"rendered":"Prendre sa retraite et larguer les amarres"},"content":{"rendered":"<span class=\"span-reading-time rt-reading-time\" style=\"display: block;\"><span class=\"rt-label rt-prefix\">Reading Time: <\/span> <span class=\"rt-time\"> 2<\/span> <span class=\"rt-label rt-postfix\">minutes<\/span><\/span><p>De plus en plus de salari\u00e9s arriv\u00e9s en fin de carri\u00e8re envisagent une retraite plus en phase avec leurs attentes. Les <a href=\"https:\/\/www.fiftyandmemagazine.be\/fr\/bien-etre\/famille\/le-syndrome-du-nid-vide-ou-comment-gerer-le-depart-des-enfants\" target=\"_blank\" rel=\"noopener noreferrer\">enfants sont partis<\/a> depuis des lustres, il reste de belles ann\u00e9es \u00e0 vivre, des projets \u00e0 r\u00e9aliser. Avec parmi ceux-ci, celui de d\u00e9laisser le quotidien pour partir vers d\u2019autres cieux. Et m\u00eame au bout du monde, les liens peuvent \u00eatre gard\u00e9s avec les proches gr\u00e2ce \u00e0 la technologie. De quoi effacer les derniers scrupules \u00e0 tout plaquer pour vivre pleinement une seconde existence.<\/p>\n<h2><strong>De l\u2019importance d\u2019\u00eatre bien inform\u00e9<\/strong><\/h2>\n<p>Si vous craignez de d\u00e9barquer seul dans un pays \u00e9tranger, l\u2019Union francophone des Belges \u00e0 l\u2019\u00e9tranger (<a href=\"https:\/\/www.ufbe.be\/\" target=\"_blank\" rel=\"noopener noreferrer\">www.ufbe.be)<\/a> et Vlamingen in de wereld (<a href=\"https:\/\/www.viw.be\/nl\" target=\"_blank\" rel=\"noopener noreferrer\">www.viw.be<\/a>) r\u00e9pondent sur leurs sites \u00e0 quasiment toutes les questions pos\u00e9es. Administratives, fiscales, sociales, etc. Le site propose aussi des liens avec les expatri\u00e9s belges d\u00e9j\u00e0 install\u00e9s dans le monde. Partir demande aussi de bien s\u2019informer sur ses droits et devoirs. Le site<a href=\"https:\/\/www.belgium.be\/language_selection\" target=\"_blank\" rel=\"noopener noreferrer\"> belgium.be<\/a> consacre un large dossier \u00e0 ceux qui quittent la Belgique pour s\u2019installer \u00e0 l\u2019\u00e9tranger.<\/p>\n<h2><strong>O\u00f9 partir\u00a0? <\/strong><\/h2>\n<p>Une question qui n\u00e9cessite r\u00e9flexion et prise en compte de certains \u00e9l\u00e9ments d\u2019importance. Comme la qualit\u00e9 de vie de la destination. Avec si possible des prix de l\u2019immobilier raisonnables, des moyens de communication adapt\u00e9s \u00e0 l\u2019\u00e2ge, des h\u00f4pitaux fiables et en suffisance.<\/p>\n<p><strong>L\u2019Espagne<\/strong> a toujours la cote aupr\u00e8s des candidats au d\u00e9part. Pour sa qualit\u00e9 de vie, ses prix moins \u00e9lev\u00e9s par rapport \u00e0 la Belgique ou la France, son climat. Une visite sur un site d\u00e9di\u00e9 aux expats install\u00e9s dans le pays s\u2019impose, comme <a href=\"http:\/\/www.expat.com\/fr\/destination\/europe\/espagne\/\">www.expat.com\/fr\/destination\/europe\/espagne\/<\/a> Tout est repris pour aider le nouvel arrivant. De la sant\u00e9 \u00e0 l\u2019immobilier.<\/p>\n<p>La <strong>r\u00e9gion PACA<\/strong> (Provence-Alpes-C\u00f4te d\u2019Azur) figure \u00e9galement en tr\u00e8s bonne place sur la liste des Belges quand ils d\u00e9cident de quitter le pays. Selon un r\u00e9cent classement r\u00e9alis\u00e9 par le magazine Notre Temps, la ville <strong>d\u2019Aix-en-Provence<\/strong> a enregistr\u00e9 un bon score avec une septi\u00e8me position au classement. Gr\u00e2ce notamment \u00e0 son ensoleillement (environ 2.948 heures par an) et son air peu pollu\u00e9. Deux points positifs qu\u2019il convient n\u00e9anmoins de relativiser par les prix de l\u2019immobilier dans la r\u00e9gion, peu accessibles aux revenus les moins ais\u00e9s.<\/p>\n<h2><strong>Et hors d\u2019Europe\u00a0?<\/strong><\/h2>\n<p>Une forte envie d\u2019exotisme\u00a0?<strong> La Floride <\/strong>enregistre un beau succ\u00e8s aupr\u00e8s des expatri\u00e9s. Elle accueille quelque 5.500 expatri\u00e9s belges qui ont choisi cet Etat pour plusieurs raisons. Pour son cadre de vie idyllique avec des plages magnifiques, un taux d\u2019ensoleillement exceptionnel, une offre de services int\u00e9ressante, un immobilier abordable et des <a href=\"https:\/\/www.fiftyandmemagazine.be\/fr\/evasion\/pres-de-chez-nous\/bon-plan-pour-se-distraire-a-la-pension\" target=\"_blank\" rel=\"noopener noreferrer\">activit\u00e9s<\/a> nombreuses et vari\u00e9es. Et des \u00e9v\u00e9nements climatiques qui peuvent \u00eatre s\u00e9rieux, il faut aussi le pr\u00e9ciser.<\/p>\n<p>Avant de vous lancer de l\u2019autre c\u00f4t\u00e9 de l\u2019Atlantique, sachez que des expatri\u00e9s partis avant vous partagent leurs exp\u00e9riences sur le Net. Comme ce site tr\u00e8s bien r\u00e9alis\u00e9\u00a0: <a href=\"https:\/\/courrierdefloride.com\/\" target=\"_blank\" rel=\"noopener noreferrer\">www.courrierdefloride.com<\/a>. On y parle de tout, d\u2019emplois disponibles, d\u2019immobilier, de loisirs, sans oublier un chapitre d\u00e9di\u00e9 \u00e0 la sant\u00e9 et \u00e0 la retraite sur place. La page d\u00e9di\u00e9e \u00e0 l\u2019immigration fournit tous les renseignements quant au visa n\u00e9cessaire, aux assurances automobiles, etc.<\/p>\n<p>Partir, oui mais avec l\u2019esprit tranquille et le statut assur\u00e9. Bonne <a href=\"https:\/\/www.fiftyandmemagazine.be\/fr\/sante\/bien-vieillir\/retraite-au-soleil-bonne-ou-mauvaise-idee\" target=\"_blank\" rel=\"noopener noreferrer\">retraite au soleil\u00a0!<\/a><\/p>\n","protected":false},"excerpt":{"rendered":"<p><span class=\"span-reading-time rt-reading-time\" style=\"display: block;\"><span class=\"rt-label rt-prefix\">Reading Time: <\/span> <span class=\"rt-time\"> 2<\/span> <span class=\"rt-label rt-postfix\">minutes<\/span><\/span>De plus en plus de salari\u00e9s arriv\u00e9s en fin de [&hellip;]<\/p>\n","protected":false},"author":18,"featured_media":41335,"comment_status":"open","ping_status":"closed","sticky":false,"template":"","format":"standard","meta":{"_lmt_disableupdate":"no","_lmt_disable":"","footnotes":""},"categories":[1107],"tags":[],"class_list":["post-41334","post","type-post","status-publish","format-standard","has-post-thumbnail","hentry","category-bien-vieillir"],"yoast_head":"<!-- This site is optimized with the Yoast SEO plugin v26.3 - https:\/\/yoast.com\/wordpress\/plugins\/seo\/ -->\n<title>Prendre sa retraite et larguer les amarres - Fifty &amp; Me MAGAZINE<\/title>\n<meta name=\"description\" content=\"Quand arrive le mot fin apr\u00e8s une carri\u00e8re bien remplie, de nombreux retrait\u00e9s mettent les voiles vers une destination longtemps r\u00eav\u00e9e. Pour de multiples raisons : le soleil, la qualit\u00e9 de vie des lieux ou la possibilit\u00e9 d\u2019activit\u00e9s culturelles. Un d\u00e9part qui ne s\u2019improvise pas.\" \/>\n<meta name=\"robots\" content=\"index, follow, max-snippet:-1, max-image-preview:large, max-video-preview:-1\" \/>\n<link rel=\"canonical\" href=\"https:\/\/www.fiftyandmemagazine.be\/fr\/sante\/bien-vieillir\/prendre-sa-retraite-et-larguer-les-amarres\" \/>\n<meta property=\"og:locale\" content=\"fr_FR\" \/>\n<meta property=\"og:type\" content=\"article\" \/>\n<meta property=\"og:title\" content=\"Prendre sa retraite et larguer les amarres - Fifty &amp; Me MAGAZINE\" \/>\n<meta property=\"og:description\" content=\"Quand arrive le mot fin apr\u00e8s une carri\u00e8re bien remplie, de nombreux retrait\u00e9s mettent les voiles vers une destination longtemps r\u00eav\u00e9e. Pour de multiples raisons : le soleil, la qualit\u00e9 de vie des lieux ou la possibilit\u00e9 d\u2019activit\u00e9s culturelles. Un d\u00e9part qui ne s\u2019improvise pas.\" \/>\n<meta property=\"og:url\" content=\"https:\/\/www.fiftyandmemagazine.be\/fr\/sante\/bien-vieillir\/prendre-sa-retraite-et-larguer-les-amarres\" \/>\n<meta property=\"og:site_name\" content=\"Fifty &amp; Me MAGAZINE\" \/>\n<meta property=\"article:published_time\" content=\"2021-01-18T13:09:56+00:00\" \/>\n<meta property=\"og:image\" content=\"https:\/\/www.fiftyandmemagazine.be\/fr\/wp-content\/uploads\/2019\/06\/prendre_sa_retraite.jpg\" \/>\n\t<meta property=\"og:image:width\" content=\"1110\" \/>\n\t<meta property=\"og:image:height\" content=\"500\" \/>\n\t<meta property=\"og:image:type\" content=\"image\/jpeg\" \/>\n<meta name=\"author\" content=\"Lauren Soukiassian\" \/>\n<meta name=\"twitter:card\" content=\"summary_large_image\" \/>\n<meta name=\"twitter:label1\" content=\"\u00c9crit par\" \/>\n\t<meta name=\"twitter:data1\" content=\"Lauren Soukiassian\" \/>\n\t<meta name=\"twitter:label2\" content=\"Dur\u00e9e de lecture estim\u00e9e\" \/>\n\t<meta name=\"twitter:data2\" content=\"3 minutes\" \/>\n<script type=\"application\/ld+json\" class=\"yoast-schema-graph\">{\"@context\":\"https:\/\/schema.org\",\"@graph\":[{\"@type\":\"WebPage\",\"@id\":\"https:\/\/www.fiftyandmemagazine.be\/fr\/sante\/bien-vieillir\/prendre-sa-retraite-et-larguer-les-amarres\",\"url\":\"https:\/\/www.fiftyandmemagazine.be\/fr\/sante\/bien-vieillir\/prendre-sa-retraite-et-larguer-les-amarres\",\"name\":\"Prendre sa retraite et larguer les amarres - Fifty &amp; Me MAGAZINE\",\"isPartOf\":{\"@id\":\"https:\/\/www.fiftyandmemagazine.be\/fr\/#website\"},\"primaryImageOfPage\":{\"@id\":\"https:\/\/www.fiftyandmemagazine.be\/fr\/sante\/bien-vieillir\/prendre-sa-retraite-et-larguer-les-amarres#primaryimage\"},\"image\":{\"@id\":\"https:\/\/www.fiftyandmemagazine.be\/fr\/sante\/bien-vieillir\/prendre-sa-retraite-et-larguer-les-amarres#primaryimage\"},\"thumbnailUrl\":\"https:\/\/www.fiftyandmemagazine.be\/fr\/wp-content\/uploads\/2019\/06\/prendre_sa_retraite.jpg\",\"datePublished\":\"2021-01-18T13:09:56+00:00\",\"author\":{\"@id\":\"https:\/\/www.fiftyandmemagazine.be\/fr\/#\/schema\/person\/ebc87c29599dd51d1bb53bc5a497e45d\"},\"description\":\"Quand arrive le mot fin apr\u00e8s une carri\u00e8re bien remplie, de nombreux retrait\u00e9s mettent les voiles vers une destination longtemps r\u00eav\u00e9e. Pour de multiples raisons : le soleil, la qualit\u00e9 de vie des lieux ou la possibilit\u00e9 d\u2019activit\u00e9s culturelles. Un d\u00e9part qui ne s\u2019improvise pas.\",\"breadcrumb\":{\"@id\":\"https:\/\/www.fiftyandmemagazine.be\/fr\/sante\/bien-vieillir\/prendre-sa-retraite-et-larguer-les-amarres#breadcrumb\"},\"inLanguage\":\"fr-FR\",\"potentialAction\":[{\"@type\":\"ReadAction\",\"target\":[\"https:\/\/www.fiftyandmemagazine.be\/fr\/sante\/bien-vieillir\/prendre-sa-retraite-et-larguer-les-amarres\"]}]},{\"@type\":\"ImageObject\",\"inLanguage\":\"fr-FR\",\"@id\":\"https:\/\/www.fiftyandmemagazine.be\/fr\/sante\/bien-vieillir\/prendre-sa-retraite-et-larguer-les-amarres#primaryimage\",\"url\":\"https:\/\/www.fiftyandmemagazine.be\/fr\/wp-content\/uploads\/2019\/06\/prendre_sa_retraite.jpg\",\"contentUrl\":\"https:\/\/www.fiftyandmemagazine.be\/fr\/wp-content\/uploads\/2019\/06\/prendre_sa_retraite.jpg\",\"width\":1110,\"height\":500,\"caption\":\"prendre sa retraite\"},{\"@type\":\"BreadcrumbList\",\"@id\":\"https:\/\/www.fiftyandmemagazine.be\/fr\/sante\/bien-vieillir\/prendre-sa-retraite-et-larguer-les-amarres#breadcrumb\",\"itemListElement\":[{\"@type\":\"ListItem\",\"position\":1,\"name\":\"Sant\u00e9\",\"item\":\"https:\/\/www.fiftyandmemagazine.be\/fr\/sante\"},{\"@type\":\"ListItem\",\"position\":2,\"name\":\"Bien vieillir\",\"item\":\"https:\/\/www.fiftyandmemagazine.be\/fr\/sante\/bien-vieillir\"},{\"@type\":\"ListItem\",\"position\":3,\"name\":\"Prendre sa retraite et larguer les amarres\"}]},{\"@type\":\"WebSite\",\"@id\":\"https:\/\/www.fiftyandmemagazine.be\/fr\/#website\",\"url\":\"https:\/\/www.fiftyandmemagazine.be\/fr\/\",\"name\":\"Fifty &amp; Me MAGAZINE\",\"description\":\"Et si la vie commen\u00e7ait \u00e0 50 ans ?\",\"potentialAction\":[{\"@type\":\"SearchAction\",\"target\":{\"@type\":\"EntryPoint\",\"urlTemplate\":\"https:\/\/www.fiftyandmemagazine.be\/fr\/?s={search_term_string}\"},\"query-input\":{\"@type\":\"PropertyValueSpecification\",\"valueRequired\":true,\"valueName\":\"search_term_string\"}}],\"inLanguage\":\"fr-FR\"},{\"@type\":\"Person\",\"@id\":\"https:\/\/www.fiftyandmemagazine.be\/fr\/#\/schema\/person\/ebc87c29599dd51d1bb53bc5a497e45d\",\"name\":\"Lauren Soukiassian\",\"url\":\"https:\/\/www.fiftyandmemagazine.be\/fr\/author\/lauren\"}]}<\/script>\n<!-- \/ Yoast SEO plugin. -->","yoast_head_json":{"title":"Prendre sa retraite et larguer les amarres - Fifty &amp; Me MAGAZINE","description":"Quand arrive le mot fin apr\u00e8s une carri\u00e8re bien remplie, de nombreux retrait\u00e9s mettent les voiles vers une destination longtemps r\u00eav\u00e9e. Pour de multiples raisons : le soleil, la qualit\u00e9 de vie des lieux ou la possibilit\u00e9 d\u2019activit\u00e9s culturelles. Un d\u00e9part qui ne s\u2019improvise pas.","robots":{"index":"index","follow":"follow","max-snippet":"max-snippet:-1","max-image-preview":"max-image-preview:large","max-video-preview":"max-video-preview:-1"},"canonical":"https:\/\/www.fiftyandmemagazine.be\/fr\/sante\/bien-vieillir\/prendre-sa-retraite-et-larguer-les-amarres","og_locale":"fr_FR","og_type":"article","og_title":"Prendre sa retraite et larguer les amarres - Fifty &amp; Me MAGAZINE","og_description":"Quand arrive le mot fin apr\u00e8s une carri\u00e8re bien remplie, de nombreux retrait\u00e9s mettent les voiles vers une destination longtemps r\u00eav\u00e9e. Pour de multiples raisons : le soleil, la qualit\u00e9 de vie des lieux ou la possibilit\u00e9 d\u2019activit\u00e9s culturelles. Un d\u00e9part qui ne s\u2019improvise pas.","og_url":"https:\/\/www.fiftyandmemagazine.be\/fr\/sante\/bien-vieillir\/prendre-sa-retraite-et-larguer-les-amarres","og_site_name":"Fifty &amp; Me MAGAZINE","article_published_time":"2021-01-18T13:09:56+00:00","og_image":[{"width":1110,"height":500,"url":"https:\/\/www.fiftyandmemagazine.be\/fr\/wp-content\/uploads\/2019\/06\/prendre_sa_retraite.jpg","type":"image\/jpeg"}],"author":"Lauren Soukiassian","twitter_card":"summary_large_image","twitter_misc":{"\u00c9crit par":"Lauren Soukiassian","Dur\u00e9e de lecture estim\u00e9e":"3 minutes"},"schema":{"@context":"https:\/\/schema.org","@graph":[{"@type":"WebPage","@id":"https:\/\/www.fiftyandmemagazine.be\/fr\/sante\/bien-vieillir\/prendre-sa-retraite-et-larguer-les-amarres","url":"https:\/\/www.fiftyandmemagazine.be\/fr\/sante\/bien-vieillir\/prendre-sa-retraite-et-larguer-les-amarres","name":"Prendre sa retraite et larguer les amarres - Fifty &amp; Me MAGAZINE","isPartOf":{"@id":"https:\/\/www.fiftyandmemagazine.be\/fr\/#website"},"primaryImageOfPage":{"@id":"https:\/\/www.fiftyandmemagazine.be\/fr\/sante\/bien-vieillir\/prendre-sa-retraite-et-larguer-les-amarres#primaryimage"},"image":{"@id":"https:\/\/www.fiftyandmemagazine.be\/fr\/sante\/bien-vieillir\/prendre-sa-retraite-et-larguer-les-amarres#primaryimage"},"thumbnailUrl":"https:\/\/www.fiftyandmemagazine.be\/fr\/wp-content\/uploads\/2019\/06\/prendre_sa_retraite.jpg","datePublished":"2021-01-18T13:09:56+00:00","author":{"@id":"https:\/\/www.fiftyandmemagazine.be\/fr\/#\/schema\/person\/ebc87c29599dd51d1bb53bc5a497e45d"},"description":"Quand arrive le mot fin apr\u00e8s une carri\u00e8re bien remplie, de nombreux retrait\u00e9s mettent les voiles vers une destination longtemps r\u00eav\u00e9e. Pour de multiples raisons : le soleil, la qualit\u00e9 de vie des lieux ou la possibilit\u00e9 d\u2019activit\u00e9s culturelles. Un d\u00e9part qui ne s\u2019improvise pas.","breadcrumb":{"@id":"https:\/\/www.fiftyandmemagazine.be\/fr\/sante\/bien-vieillir\/prendre-sa-retraite-et-larguer-les-amarres#breadcrumb"},"inLanguage":"fr-FR","potentialAction":[{"@type":"ReadAction","target":["https:\/\/www.fiftyandmemagazine.be\/fr\/sante\/bien-vieillir\/prendre-sa-retraite-et-larguer-les-amarres"]}]},{"@type":"ImageObject","inLanguage":"fr-FR","@id":"https:\/\/www.fiftyandmemagazine.be\/fr\/sante\/bien-vieillir\/prendre-sa-retraite-et-larguer-les-amarres#primaryimage","url":"https:\/\/www.fiftyandmemagazine.be\/fr\/wp-content\/uploads\/2019\/06\/prendre_sa_retraite.jpg","contentUrl":"https:\/\/www.fiftyandmemagazine.be\/fr\/wp-content\/uploads\/2019\/06\/prendre_sa_retraite.jpg","width":1110,"height":500,"caption":"prendre sa retraite"},{"@type":"BreadcrumbList","@id":"https:\/\/www.fiftyandmemagazine.be\/fr\/sante\/bien-vieillir\/prendre-sa-retraite-et-larguer-les-amarres#breadcrumb","itemListElement":[{"@type":"ListItem","position":1,"name":"Sant\u00e9","item":"https:\/\/www.fiftyandmemagazine.be\/fr\/sante"},{"@type":"ListItem","position":2,"name":"Bien vieillir","item":"https:\/\/www.fiftyandmemagazine.be\/fr\/sante\/bien-vieillir"},{"@type":"ListItem","position":3,"name":"Prendre sa retraite et larguer les amarres"}]},{"@type":"WebSite","@id":"https:\/\/www.fiftyandmemagazine.be\/fr\/#website","url":"https:\/\/www.fiftyandmemagazine.be\/fr\/","name":"Fifty &amp; Me MAGAZINE","description":"Et si la vie commen\u00e7ait \u00e0 50 ans ?","potentialAction":[{"@type":"SearchAction","target":{"@type":"EntryPoint","urlTemplate":"https:\/\/www.fiftyandmemagazine.be\/fr\/?s={search_term_string}"},"query-input":{"@type":"PropertyValueSpecification","valueRequired":true,"valueName":"search_term_string"}}],"inLanguage":"fr-FR"},{"@type":"Person","@id":"https:\/\/www.fiftyandmemagazine.be\/fr\/#\/schema\/person\/ebc87c29599dd51d1bb53bc5a497e45d","name":"Lauren Soukiassian","url":"https:\/\/www.fiftyandmemagazine.be\/fr\/author\/lauren"}]}},"modified_by":"Magali Duqu\u00e9","_links":{"self":[{"href":"https:\/\/www.fiftyandmemagazine.be\/fr\/wp-json\/wp\/v2\/posts\/41334","targetHints":{"allow":["GET"]}}],"collection":[{"href":"https:\/\/www.fiftyandmemagazine.be\/fr\/wp-json\/wp\/v2\/posts"}],"about":[{"href":"https:\/\/www.fiftyandmemagazine.be\/fr\/wp-json\/wp\/v2\/types\/post"}],"author":[{"embeddable":true,"href":"https:\/\/www.fiftyandmemagazine.be\/fr\/wp-json\/wp\/v2\/users\/18"}],"replies":[{"embeddable":true,"href":"https:\/\/www.fiftyandmemagazine.be\/fr\/wp-json\/wp\/v2\/comments?post=41334"}],"version-history":[{"count":8,"href":"https:\/\/www.fiftyandmemagazine.be\/fr\/wp-json\/wp\/v2\/posts\/41334\/revisions"}],"predecessor-version":[{"id":47759,"href":"https:\/\/www.fiftyandmemagazine.be\/fr\/wp-json\/wp\/v2\/posts\/41334\/revisions\/47759"}],"wp:featuredmedia":[{"embeddable":true,"href":"https:\/\/www.fiftyandmemagazine.be\/fr\/wp-json\/wp\/v2\/media\/41335"}],"wp:attachment":[{"href":"https:\/\/www.fiftyandmemagazine.be\/fr\/wp-json\/wp\/v2\/media?parent=41334"}],"wp:term":[{"taxonomy":"category","embeddable":true,"href":"https:\/\/www.fiftyandmemagazine.be\/fr\/wp-json\/wp\/v2\/categories?post=41334"},{"taxonomy":"post_tag","embeddable":true,"href":"https:\/\/www.fiftyandmemagazine.be\/fr\/wp-json\/wp\/v2\/tags?post=41334"}],"curies":[{"name":"wp","href":"https:\/\/api.w.org\/{rel}","templated":true}]}}