{"id":41769,"date":"2019-07-21T04:23:34","date_gmt":"2019-07-21T02:23:34","guid":{"rendered":"https:\/\/www.fiftyandmemagazine.be\/fr\/?p=41769"},"modified":"2019-07-12T20:23:47","modified_gmt":"2019-07-12T18:23:47","slug":"ilovebelgium-10-lieux-les-plus-instagrammables-en-belgique","status":"publish","type":"post","link":"https:\/\/www.fiftyandmemagazine.be\/fr\/evasion\/pres-de-chez-nous\/ilovebelgium-10-lieux-les-plus-instagrammables-en-belgique","title":{"rendered":"#ilovebelgium : les 10 lieux les plus Instagrammables de Belgique"},"content":{"rendered":"<span class=\"span-reading-time rt-reading-time\" style=\"display: block;\"><span class=\"rt-label rt-prefix\">Reading Time: <\/span> <span class=\"rt-time\"> 3<\/span> <span class=\"rt-label rt-postfix\">minutes<\/span><\/span><h1>Et vous, o\u00f9 passez-vous le 21 juillet ?<\/h1>\n<h2>#montdesarts<\/h2>\n<p>Du haut de ses marches, des milliers de personnes contemplent chaque jour ce magnifique panorama : des joyaux d&rsquo;architecture qui bordent un jardin suspendu en plein centre ville. Le Mont des Arts nous plonge au coeur de la capitale europ\u00e9enne vibrant au son de selfies en s\u00e9rie.<\/p>\n<p><img loading=\"lazy\" decoding=\"async\" class=\" wp-image-41800 aligncenter\" src=\"https:\/\/www.fiftyandmemagazine.be\/fr\/wp-content\/uploads\/2019\/07\/mont_des_arts.jpg\" alt=\"\" width=\"548\" height=\"365\" srcset=\"https:\/\/www.fiftyandmemagazine.be\/fr\/wp-content\/uploads\/2019\/07\/mont_des_arts.jpg 1110w, https:\/\/www.fiftyandmemagazine.be\/fr\/wp-content\/uploads\/2019\/07\/mont_des_arts-768x512.jpg 768w, https:\/\/www.fiftyandmemagazine.be\/fr\/wp-content\/uploads\/2019\/07\/mont_des_arts-450x300.jpg 450w\" sizes=\"auto, (max-width: 548px) 100vw, 548px\" \/><\/p>\n<h2>#bruges<\/h2>\n<p>La Venise du Nord charme autant les Belges que les romantiques du monde entier. Il faut dire que Bruges n&rsquo;a pas son pareil pour nous faire couler des jours heureux&#8230;<\/p>\n<p><img loading=\"lazy\" decoding=\"async\" class=\" wp-image-41801 aligncenter\" src=\"https:\/\/www.fiftyandmemagazine.be\/fr\/wp-content\/uploads\/2019\/07\/bruges.jpg\" alt=\"\" width=\"561\" height=\"374\" srcset=\"https:\/\/www.fiftyandmemagazine.be\/fr\/wp-content\/uploads\/2019\/07\/bruges.jpg 1110w, https:\/\/www.fiftyandmemagazine.be\/fr\/wp-content\/uploads\/2019\/07\/bruges-768x512.jpg 768w, https:\/\/www.fiftyandmemagazine.be\/fr\/wp-content\/uploads\/2019\/07\/bruges-450x300.jpg 450w\" sizes=\"auto, (max-width: 561px) 100vw, 561px\" \/><\/p>\n<h2>#mannekenpis<\/h2>\n<p>Le Mannekenpis est sans doute le plus c\u00e9l\u00e8bre des Bruxellois ! Depuis des si\u00e8cles, l&rsquo;enfant ch\u00e9ri du Royaume voit d\u00e9filer une foule de curieux pour admirer ses tenues&#8230; sans retenue.<\/p>\n<p><img loading=\"lazy\" decoding=\"async\" class=\" wp-image-41802 aligncenter\" src=\"https:\/\/www.fiftyandmemagazine.be\/fr\/wp-content\/uploads\/2019\/07\/mannekenpis.jpg\" alt=\"mannekenpis\" width=\"611\" height=\"407\" srcset=\"https:\/\/www.fiftyandmemagazine.be\/fr\/wp-content\/uploads\/2019\/07\/mannekenpis.jpg 1110w, https:\/\/www.fiftyandmemagazine.be\/fr\/wp-content\/uploads\/2019\/07\/mannekenpis-768x512.jpg 768w, https:\/\/www.fiftyandmemagazine.be\/fr\/wp-content\/uploads\/2019\/07\/mannekenpis-450x300.jpg 450w\" sizes=\"auto, (max-width: 611px) 100vw, 611px\" \/><\/p>\n<h2>#spafrancorchamps<\/h2>\n<p>On entend souvent dire que Spa Francorchamps est le plus beau circuit du Monde&#8230; Son Raidillon, ou l\u00a0\u00bbEau Rouge\u00a0\u00bb comme disent les pilotes, est l&rsquo;un des virages le plus mythique de la F1. Envahis par 300 Coccinelles d\u00e9but juillet, Francorchamps ne manquera pas de faire (encore) parler de lui avant le Grand Prix de Belgique, le 1er septembre 2019.<\/p>\n<p><img loading=\"lazy\" decoding=\"async\" class=\" wp-image-41803 aligncenter\" src=\"https:\/\/www.fiftyandmemagazine.be\/fr\/wp-content\/uploads\/2019\/07\/spa-franco.jpg\" alt=\"spa francorchamps\" width=\"605\" height=\"403\" srcset=\"https:\/\/www.fiftyandmemagazine.be\/fr\/wp-content\/uploads\/2019\/07\/spa-franco.jpg 1110w, https:\/\/www.fiftyandmemagazine.be\/fr\/wp-content\/uploads\/2019\/07\/spa-franco-768x512.jpg 768w, https:\/\/www.fiftyandmemagazine.be\/fr\/wp-content\/uploads\/2019\/07\/spa-franco-450x300.jpg 450w\" sizes=\"auto, (max-width: 605px) 100vw, 605px\" \/><\/p>\n<h2>#gravensteen<\/h2>\n<p>A Gand, le Ch\u00e2teau des Comtes de Flandres nous fait traverser les si\u00e8cles&#8230;. Princesses et chevaliers des temps modernes se disputent ce Fort M\u00e9di\u00e9val pour un voyage instantan\u00e9 hors du temps.<\/p>\n<p><img loading=\"lazy\" decoding=\"async\" class=\" wp-image-41804 aligncenter\" src=\"https:\/\/www.fiftyandmemagazine.be\/fr\/wp-content\/uploads\/2019\/07\/gravensteen.jpg\" alt=\"gravensteen\" width=\"608\" height=\"405\" srcset=\"https:\/\/www.fiftyandmemagazine.be\/fr\/wp-content\/uploads\/2019\/07\/gravensteen.jpg 1110w, https:\/\/www.fiftyandmemagazine.be\/fr\/wp-content\/uploads\/2019\/07\/gravensteen-768x512.jpg 768w, https:\/\/www.fiftyandmemagazine.be\/fr\/wp-content\/uploads\/2019\/07\/gravensteen-450x300.jpg 450w\" sizes=\"auto, (max-width: 608px) 100vw, 608px\" \/><\/p>\n<h2>#atomium<\/h2>\n<p>L&rsquo;Atomium semble avoir de nombreux atomes crochus avec les flashs. Omnipr\u00e9sente sur la toile, elle est le th\u00e9\u00e2tre de nombreuses expositions fascinantes. Ses \u00ab\u00a0likes\u00a0\u00bb sont presque devenus un langage universel.<\/p>\n<p><img loading=\"lazy\" decoding=\"async\" class=\" wp-image-41805 aligncenter\" src=\"https:\/\/www.fiftyandmemagazine.be\/fr\/wp-content\/uploads\/2019\/07\/atomium.jpg\" alt=\"atomium\" width=\"602\" height=\"401\" srcset=\"https:\/\/www.fiftyandmemagazine.be\/fr\/wp-content\/uploads\/2019\/07\/atomium.jpg 1110w, https:\/\/www.fiftyandmemagazine.be\/fr\/wp-content\/uploads\/2019\/07\/atomium-768x512.jpg 768w, https:\/\/www.fiftyandmemagazine.be\/fr\/wp-content\/uploads\/2019\/07\/atomium-450x300.jpg 450w\" sizes=\"auto, (max-width: 602px) 100vw, 602px\" \/><\/p>\n<h2>#laeken<\/h2>\n<p>Ouvertes au public seulement quelques jours par an, les serres royales offrent un spectacle f\u00e9erique aux promeneurs. Dans le \u00ab\u00a0palais de verre\u00a0\u00bb qui jouxte le Ch\u00e2teau de Laeken, des milliers de fleurs rares colorent et parfument chacun de nos pas \u00e9bahis.<\/p>\n<p><img loading=\"lazy\" decoding=\"async\" class=\" wp-image-41806 aligncenter\" src=\"https:\/\/www.fiftyandmemagazine.be\/fr\/wp-content\/uploads\/2019\/07\/serres_de_laeken.jpg\" alt=\"serres de laeken\" width=\"615\" height=\"410\" srcset=\"https:\/\/www.fiftyandmemagazine.be\/fr\/wp-content\/uploads\/2019\/07\/serres_de_laeken.jpg 1110w, https:\/\/www.fiftyandmemagazine.be\/fr\/wp-content\/uploads\/2019\/07\/serres_de_laeken-768x512.jpg 768w, https:\/\/www.fiftyandmemagazine.be\/fr\/wp-content\/uploads\/2019\/07\/serres_de_laeken-450x300.jpg 450w\" sizes=\"auto, (max-width: 615px) 100vw, 615px\" \/><\/p>\n<h2>#borgloon<\/h2>\n<p>Petite merveille m\u00e9connue, l&rsquo;\u00e9glise de Borgloon (cr\u00e9\u00e9e en trompe-l&rsquo;oeil par deux architectes belges) s\u00e9duit les passants par son design intriguant. Selon l&rsquo;angle de vue, elle dispara\u00eet du paysage comme par magie !<\/p>\n<p><img loading=\"lazy\" decoding=\"async\" class=\" wp-image-41807 aligncenter\" src=\"https:\/\/www.fiftyandmemagazine.be\/fr\/wp-content\/uploads\/2019\/07\/borgloon.jpg\" alt=\"borgloon\" width=\"618\" height=\"412\" srcset=\"https:\/\/www.fiftyandmemagazine.be\/fr\/wp-content\/uploads\/2019\/07\/borgloon.jpg 1110w, https:\/\/www.fiftyandmemagazine.be\/fr\/wp-content\/uploads\/2019\/07\/borgloon-768x512.jpg 768w, https:\/\/www.fiftyandmemagazine.be\/fr\/wp-content\/uploads\/2019\/07\/borgloon-450x300.jpg 450w\" sizes=\"auto, (max-width: 618px) 100vw, 618px\" \/><\/p>\n<h2 class=\"_7UhW9 fKFbl yUEEX KV-D4 uL8Hv \">#hautesfagnes<\/h2>\n<p>Entre for\u00eats, lacs et rivi\u00e8res, la r\u00e9gion des Hautes Fagnes compte une multitude de paysages sublimes. Ses r\u00e9serves naturelles inspirent la z\u00e9nitude avec un tr\u00e8s haut niveau de d\u00e9paysement. Un havre de paix grandeur nature.<\/p>\n<p><img loading=\"lazy\" decoding=\"async\" class=\" wp-image-41808 aligncenter\" src=\"https:\/\/www.fiftyandmemagazine.be\/fr\/wp-content\/uploads\/2019\/07\/hautes-fagnes.jpg\" alt=\"hautes-fagnes\" width=\"616\" height=\"410\" srcset=\"https:\/\/www.fiftyandmemagazine.be\/fr\/wp-content\/uploads\/2019\/07\/hautes-fagnes.jpg 1110w, https:\/\/www.fiftyandmemagazine.be\/fr\/wp-content\/uploads\/2019\/07\/hautes-fagnes-768x512.jpg 768w, https:\/\/www.fiftyandmemagazine.be\/fr\/wp-content\/uploads\/2019\/07\/hautes-fagnes-450x300.jpg 450w\" sizes=\"auto, (max-width: 616px) 100vw, 616px\" \/><\/p>\n<h2># legrandhornu<\/h2>\n<p>Class\u00e9 au Patrimoine Mondial de l&rsquo;Humanit\u00e9 par l&rsquo;Unesco, le Grand-Hornu nous fait voir la vie en rose. A quelques kilom\u00e8tres de Mons, ce haut lieu de la R\u00e9volution Industrielle est aujourd\u2019hui l\u2019une des plus grandes vitrines de l&rsquo;art contemporain en Belgique. Souriez !<\/p>\n<p><img loading=\"lazy\" decoding=\"async\" class=\"wp-image-41814 aligncenter\" src=\"https:\/\/www.fiftyandmemagazine.be\/fr\/wp-content\/uploads\/2019\/07\/grand-hornu_copt-ricardodelariva3.jpg\" alt=\"\" width=\"623\" height=\"436\" srcset=\"https:\/\/www.fiftyandmemagazine.be\/fr\/wp-content\/uploads\/2019\/07\/grand-hornu_copt-ricardodelariva3.jpg 1200w, https:\/\/www.fiftyandmemagazine.be\/fr\/wp-content\/uploads\/2019\/07\/grand-hornu_copt-ricardodelariva3-768x538.jpg 768w\" sizes=\"auto, (max-width: 623px) 100vw, 623px\" \/><\/p>\n<p>&nbsp;<\/p>\n","protected":false},"excerpt":{"rendered":"<p><span class=\"span-reading-time rt-reading-time\" style=\"display: block;\"><span class=\"rt-label rt-prefix\">Reading Time: <\/span> <span class=\"rt-time\"> 3<\/span> <span class=\"rt-label rt-postfix\">minutes<\/span><\/span>Et vous, o\u00f9 passez-vous le 21 juillet ? #montdesarts Du [&hellip;]<\/p>\n","protected":false},"author":6,"featured_media":41809,"comment_status":"open","ping_status":"closed","sticky":false,"template":"","format":"standard","meta":{"_lmt_disableupdate":"no","_lmt_disable":"","footnotes":""},"categories":[1125],"tags":[],"class_list":["post-41769","post","type-post","status-publish","format-standard","has-post-thumbnail","hentry","category-pres-de-chez-nous"],"yoast_head":"<!-- This site is optimized with the Yoast SEO plugin v26.3 - https:\/\/yoast.com\/wordpress\/plugins\/seo\/ -->\n<title>#ilovebelgium : les 10 lieux les plus Instagrammables de Belgique - Fifty &amp; Me MAGAZINE<\/title>\n<meta name=\"robots\" content=\"index, follow, max-snippet:-1, max-image-preview:large, max-video-preview:-1\" \/>\n<link rel=\"canonical\" href=\"https:\/\/www.fiftyandmemagazine.be\/fr\/evasion\/pres-de-chez-nous\/ilovebelgium-10-lieux-les-plus-instagrammables-en-belgique\" \/>\n<meta property=\"og:locale\" content=\"fr_FR\" \/>\n<meta property=\"og:type\" content=\"article\" \/>\n<meta property=\"og:title\" content=\"#ilovebelgium : les 10 lieux les plus Instagrammables de Belgique - Fifty &amp; Me MAGAZINE\" \/>\n<meta property=\"og:description\" content=\"Reading Time:  3 minutesEt vous, o\u00f9 passez-vous le 21 juillet ? #montdesarts Du [&hellip;]\" \/>\n<meta property=\"og:url\" content=\"https:\/\/www.fiftyandmemagazine.be\/fr\/evasion\/pres-de-chez-nous\/ilovebelgium-10-lieux-les-plus-instagrammables-en-belgique\" \/>\n<meta property=\"og:site_name\" content=\"Fifty &amp; Me MAGAZINE\" \/>\n<meta property=\"article:published_time\" content=\"2019-07-21T02:23:34+00:00\" \/>\n<meta property=\"og:image\" content=\"https:\/\/www.fiftyandmemagazine.be\/fr\/wp-content\/uploads\/2019\/07\/ILOVEBELGIUM.jpg\" \/>\n\t<meta property=\"og:image:width\" content=\"1110\" \/>\n\t<meta property=\"og:image:height\" content=\"500\" \/>\n\t<meta property=\"og:image:type\" content=\"image\/jpeg\" \/>\n<meta name=\"author\" content=\"Magali Duqu\u00e9\" \/>\n<meta name=\"twitter:card\" content=\"summary_large_image\" \/>\n<meta name=\"twitter:label1\" content=\"\u00c9crit par\" \/>\n\t<meta name=\"twitter:data1\" content=\"Magali Duqu\u00e9\" \/>\n\t<meta name=\"twitter:label2\" content=\"Dur\u00e9e de lecture estim\u00e9e\" \/>\n\t<meta name=\"twitter:data2\" content=\"2 minutes\" \/>\n<script type=\"application\/ld+json\" class=\"yoast-schema-graph\">{\"@context\":\"https:\/\/schema.org\",\"@graph\":[{\"@type\":\"WebPage\",\"@id\":\"https:\/\/www.fiftyandmemagazine.be\/fr\/evasion\/pres-de-chez-nous\/ilovebelgium-10-lieux-les-plus-instagrammables-en-belgique\",\"url\":\"https:\/\/www.fiftyandmemagazine.be\/fr\/evasion\/pres-de-chez-nous\/ilovebelgium-10-lieux-les-plus-instagrammables-en-belgique\",\"name\":\"#ilovebelgium : les 10 lieux les plus Instagrammables de Belgique - Fifty &amp; Me MAGAZINE\",\"isPartOf\":{\"@id\":\"https:\/\/www.fiftyandmemagazine.be\/fr\/#website\"},\"primaryImageOfPage\":{\"@id\":\"https:\/\/www.fiftyandmemagazine.be\/fr\/evasion\/pres-de-chez-nous\/ilovebelgium-10-lieux-les-plus-instagrammables-en-belgique#primaryimage\"},\"image\":{\"@id\":\"https:\/\/www.fiftyandmemagazine.be\/fr\/evasion\/pres-de-chez-nous\/ilovebelgium-10-lieux-les-plus-instagrammables-en-belgique#primaryimage\"},\"thumbnailUrl\":\"https:\/\/www.fiftyandmemagazine.be\/fr\/wp-content\/uploads\/2019\/07\/ILOVEBELGIUM.jpg\",\"datePublished\":\"2019-07-21T02:23:34+00:00\",\"author\":{\"@id\":\"https:\/\/www.fiftyandmemagazine.be\/fr\/#\/schema\/person\/f5df8b23400d9044df3c8d409673a079\"},\"breadcrumb\":{\"@id\":\"https:\/\/www.fiftyandmemagazine.be\/fr\/evasion\/pres-de-chez-nous\/ilovebelgium-10-lieux-les-plus-instagrammables-en-belgique#breadcrumb\"},\"inLanguage\":\"fr-FR\",\"potentialAction\":[{\"@type\":\"ReadAction\",\"target\":[\"https:\/\/www.fiftyandmemagazine.be\/fr\/evasion\/pres-de-chez-nous\/ilovebelgium-10-lieux-les-plus-instagrammables-en-belgique\"]}]},{\"@type\":\"ImageObject\",\"inLanguage\":\"fr-FR\",\"@id\":\"https:\/\/www.fiftyandmemagazine.be\/fr\/evasion\/pres-de-chez-nous\/ilovebelgium-10-lieux-les-plus-instagrammables-en-belgique#primaryimage\",\"url\":\"https:\/\/www.fiftyandmemagazine.be\/fr\/wp-content\/uploads\/2019\/07\/ILOVEBELGIUM.jpg\",\"contentUrl\":\"https:\/\/www.fiftyandmemagazine.be\/fr\/wp-content\/uploads\/2019\/07\/ILOVEBELGIUM.jpg\",\"width\":1110,\"height\":500},{\"@type\":\"BreadcrumbList\",\"@id\":\"https:\/\/www.fiftyandmemagazine.be\/fr\/evasion\/pres-de-chez-nous\/ilovebelgium-10-lieux-les-plus-instagrammables-en-belgique#breadcrumb\",\"itemListElement\":[{\"@type\":\"ListItem\",\"position\":1,\"name\":\"\u00c9vasion\",\"item\":\"https:\/\/www.fiftyandmemagazine.be\/fr\/evasion\"},{\"@type\":\"ListItem\",\"position\":2,\"name\":\"Pr\u00e8s\u00a0de chez\u00a0nous\",\"item\":\"https:\/\/www.fiftyandmemagazine.be\/fr\/evasion\/pres-de-chez-nous\"},{\"@type\":\"ListItem\",\"position\":3,\"name\":\"#ilovebelgium : les 10 lieux les plus Instagrammables de Belgique\"}]},{\"@type\":\"WebSite\",\"@id\":\"https:\/\/www.fiftyandmemagazine.be\/fr\/#website\",\"url\":\"https:\/\/www.fiftyandmemagazine.be\/fr\/\",\"name\":\"Fifty &amp; Me MAGAZINE\",\"description\":\"Et si la vie commen\u00e7ait \u00e0 50 ans ?\",\"potentialAction\":[{\"@type\":\"SearchAction\",\"target\":{\"@type\":\"EntryPoint\",\"urlTemplate\":\"https:\/\/www.fiftyandmemagazine.be\/fr\/?s={search_term_string}\"},\"query-input\":{\"@type\":\"PropertyValueSpecification\",\"valueRequired\":true,\"valueName\":\"search_term_string\"}}],\"inLanguage\":\"fr-FR\"},{\"@type\":\"Person\",\"@id\":\"https:\/\/www.fiftyandmemagazine.be\/fr\/#\/schema\/person\/f5df8b23400d9044df3c8d409673a079\",\"name\":\"Magali Duqu\u00e9\",\"url\":\"https:\/\/www.fiftyandmemagazine.be\/fr\/author\/magali\"}]}<\/script>\n<!-- \/ Yoast SEO plugin. -->","yoast_head_json":{"title":"#ilovebelgium : les 10 lieux les plus Instagrammables de Belgique - Fifty &amp; Me MAGAZINE","robots":{"index":"index","follow":"follow","max-snippet":"max-snippet:-1","max-image-preview":"max-image-preview:large","max-video-preview":"max-video-preview:-1"},"canonical":"https:\/\/www.fiftyandmemagazine.be\/fr\/evasion\/pres-de-chez-nous\/ilovebelgium-10-lieux-les-plus-instagrammables-en-belgique","og_locale":"fr_FR","og_type":"article","og_title":"#ilovebelgium : les 10 lieux les plus Instagrammables de Belgique - Fifty &amp; Me MAGAZINE","og_description":"Reading Time:  3 minutesEt vous, o\u00f9 passez-vous le 21 juillet ? #montdesarts Du [&hellip;]","og_url":"https:\/\/www.fiftyandmemagazine.be\/fr\/evasion\/pres-de-chez-nous\/ilovebelgium-10-lieux-les-plus-instagrammables-en-belgique","og_site_name":"Fifty &amp; Me MAGAZINE","article_published_time":"2019-07-21T02:23:34+00:00","og_image":[{"width":1110,"height":500,"url":"https:\/\/www.fiftyandmemagazine.be\/fr\/wp-content\/uploads\/2019\/07\/ILOVEBELGIUM.jpg","type":"image\/jpeg"}],"author":"Magali Duqu\u00e9","twitter_card":"summary_large_image","twitter_misc":{"\u00c9crit par":"Magali Duqu\u00e9","Dur\u00e9e de lecture estim\u00e9e":"2 minutes"},"schema":{"@context":"https:\/\/schema.org","@graph":[{"@type":"WebPage","@id":"https:\/\/www.fiftyandmemagazine.be\/fr\/evasion\/pres-de-chez-nous\/ilovebelgium-10-lieux-les-plus-instagrammables-en-belgique","url":"https:\/\/www.fiftyandmemagazine.be\/fr\/evasion\/pres-de-chez-nous\/ilovebelgium-10-lieux-les-plus-instagrammables-en-belgique","name":"#ilovebelgium : les 10 lieux les plus Instagrammables de Belgique - Fifty &amp; Me MAGAZINE","isPartOf":{"@id":"https:\/\/www.fiftyandmemagazine.be\/fr\/#website"},"primaryImageOfPage":{"@id":"https:\/\/www.fiftyandmemagazine.be\/fr\/evasion\/pres-de-chez-nous\/ilovebelgium-10-lieux-les-plus-instagrammables-en-belgique#primaryimage"},"image":{"@id":"https:\/\/www.fiftyandmemagazine.be\/fr\/evasion\/pres-de-chez-nous\/ilovebelgium-10-lieux-les-plus-instagrammables-en-belgique#primaryimage"},"thumbnailUrl":"https:\/\/www.fiftyandmemagazine.be\/fr\/wp-content\/uploads\/2019\/07\/ILOVEBELGIUM.jpg","datePublished":"2019-07-21T02:23:34+00:00","author":{"@id":"https:\/\/www.fiftyandmemagazine.be\/fr\/#\/schema\/person\/f5df8b23400d9044df3c8d409673a079"},"breadcrumb":{"@id":"https:\/\/www.fiftyandmemagazine.be\/fr\/evasion\/pres-de-chez-nous\/ilovebelgium-10-lieux-les-plus-instagrammables-en-belgique#breadcrumb"},"inLanguage":"fr-FR","potentialAction":[{"@type":"ReadAction","target":["https:\/\/www.fiftyandmemagazine.be\/fr\/evasion\/pres-de-chez-nous\/ilovebelgium-10-lieux-les-plus-instagrammables-en-belgique"]}]},{"@type":"ImageObject","inLanguage":"fr-FR","@id":"https:\/\/www.fiftyandmemagazine.be\/fr\/evasion\/pres-de-chez-nous\/ilovebelgium-10-lieux-les-plus-instagrammables-en-belgique#primaryimage","url":"https:\/\/www.fiftyandmemagazine.be\/fr\/wp-content\/uploads\/2019\/07\/ILOVEBELGIUM.jpg","contentUrl":"https:\/\/www.fiftyandmemagazine.be\/fr\/wp-content\/uploads\/2019\/07\/ILOVEBELGIUM.jpg","width":1110,"height":500},{"@type":"BreadcrumbList","@id":"https:\/\/www.fiftyandmemagazine.be\/fr\/evasion\/pres-de-chez-nous\/ilovebelgium-10-lieux-les-plus-instagrammables-en-belgique#breadcrumb","itemListElement":[{"@type":"ListItem","position":1,"name":"\u00c9vasion","item":"https:\/\/www.fiftyandmemagazine.be\/fr\/evasion"},{"@type":"ListItem","position":2,"name":"Pr\u00e8s\u00a0de chez\u00a0nous","item":"https:\/\/www.fiftyandmemagazine.be\/fr\/evasion\/pres-de-chez-nous"},{"@type":"ListItem","position":3,"name":"#ilovebelgium : les 10 lieux les plus Instagrammables de Belgique"}]},{"@type":"WebSite","@id":"https:\/\/www.fiftyandmemagazine.be\/fr\/#website","url":"https:\/\/www.fiftyandmemagazine.be\/fr\/","name":"Fifty &amp; Me MAGAZINE","description":"Et si la vie commen\u00e7ait \u00e0 50 ans ?","potentialAction":[{"@type":"SearchAction","target":{"@type":"EntryPoint","urlTemplate":"https:\/\/www.fiftyandmemagazine.be\/fr\/?s={search_term_string}"},"query-input":{"@type":"PropertyValueSpecification","valueRequired":true,"valueName":"search_term_string"}}],"inLanguage":"fr-FR"},{"@type":"Person","@id":"https:\/\/www.fiftyandmemagazine.be\/fr\/#\/schema\/person\/f5df8b23400d9044df3c8d409673a079","name":"Magali Duqu\u00e9","url":"https:\/\/www.fiftyandmemagazine.be\/fr\/author\/magali"}]}},"modified_by":"Magali Duqu\u00e9","_links":{"self":[{"href":"https:\/\/www.fiftyandmemagazine.be\/fr\/wp-json\/wp\/v2\/posts\/41769","targetHints":{"allow":["GET"]}}],"collection":[{"href":"https:\/\/www.fiftyandmemagazine.be\/fr\/wp-json\/wp\/v2\/posts"}],"about":[{"href":"https:\/\/www.fiftyandmemagazine.be\/fr\/wp-json\/wp\/v2\/types\/post"}],"author":[{"embeddable":true,"href":"https:\/\/www.fiftyandmemagazine.be\/fr\/wp-json\/wp\/v2\/users\/6"}],"replies":[{"embeddable":true,"href":"https:\/\/www.fiftyandmemagazine.be\/fr\/wp-json\/wp\/v2\/comments?post=41769"}],"version-history":[{"count":24,"href":"https:\/\/www.fiftyandmemagazine.be\/fr\/wp-json\/wp\/v2\/posts\/41769\/revisions"}],"predecessor-version":[{"id":41815,"href":"https:\/\/www.fiftyandmemagazine.be\/fr\/wp-json\/wp\/v2\/posts\/41769\/revisions\/41815"}],"wp:featuredmedia":[{"embeddable":true,"href":"https:\/\/www.fiftyandmemagazine.be\/fr\/wp-json\/wp\/v2\/media\/41809"}],"wp:attachment":[{"href":"https:\/\/www.fiftyandmemagazine.be\/fr\/wp-json\/wp\/v2\/media?parent=41769"}],"wp:term":[{"taxonomy":"category","embeddable":true,"href":"https:\/\/www.fiftyandmemagazine.be\/fr\/wp-json\/wp\/v2\/categories?post=41769"},{"taxonomy":"post_tag","embeddable":true,"href":"https:\/\/www.fiftyandmemagazine.be\/fr\/wp-json\/wp\/v2\/tags?post=41769"}],"curies":[{"name":"wp","href":"https:\/\/api.w.org\/{rel}","templated":true}]}}