{"id":4952,"date":"2019-08-02T05:48:13","date_gmt":"2019-08-02T03:48:13","guid":{"rendered":"http:\/\/www.life-magazine.be\/fr\/?p=4952"},"modified":"2019-07-31T10:14:32","modified_gmt":"2019-07-31T08:14:32","slug":"vacances-grands-parents-sos","status":"publish","type":"post","link":"https:\/\/www.fiftyandmemagazine.be\/fr\/bien-etre\/famille\/vacances-grands-parents-sos","title":{"rendered":"Vacances : grands-parents SOS !"},"content":{"rendered":"<span class=\"span-reading-time rt-reading-time\" style=\"display: block;\"><span class=\"rt-label rt-prefix\">Reading Time: <\/span> <span class=\"rt-time\"> 5<\/span> <span class=\"rt-label rt-postfix\">minutes<\/span><\/span><p>\u00ab\u00a0Je vois arriver les vacances avec appr\u00e9hension\u00a0\u00bb, avoue Sophie, grand- m\u00e8re de Nathan, 3 ans et Marjorie, 6 ans. \u00ab\u00a0J\u2019adore mes petits-enfants mais pendant les vacances, je suis sans arr\u00eat sollicit\u00e9e pour les garder. Et je n\u2019ose pas dire \u00ab non \u00bb. J\u2019avoue que \u00e7a commence \u00e0 me peser et pire, mes relations avec mes enfants et petits-enfants s\u2019en ressentent&#8230;\u00a0\u00bb<\/p>\n<p>Chez les grands-parents, le spectre de la \u00ab mauvaise grand-m\u00e8re \u00bb est-il en train de faire des ravages ? Et chez les parents, le phantasme de la \u00ab Mamie- g\u00e2teau toujours dispo \u00bb prend-il encore du galon ? Si l\u2019on part sur de telles bases, le dialogue est impossible. En tout cas, fauss\u00e9. Ce qui revient au m\u00eame. Un vrai dialogue de sourds. Qui charrie dans ses eaux troubles, acrimonie, amertume, frustration&#8230; et j\u2019en passe et des (meilleures) pires !<\/p>\n<h2><strong>Pourquoi ?\u00a0<\/strong><\/h2>\n<p>Parce que, dans la r\u00e9alit\u00e9, ces personnages n\u2019existent pas ! En prendre conscience, c\u2019est d\u00e9j\u00e0 ouvrir une porte. Celle de l\u2019authenticit\u00e9. Se voir et se montrer tel que l\u2019on est. Et non tel que l\u2019on est r\u00eav\u00e9. Avez-vous remarqu\u00e9 combien nous sommes p\u00e9tris d\u2019attentes les uns vis-\u00e0-vis des autres ? Pouvoir les exprimer et les entendre pour ensuite s\u2019ajuster, \u00e7a change tout. Oser sa v\u00e9rit\u00e9, quelle lib\u00e9ration ! Et apr\u00e8s les grincements, vient l\u2019oxyg\u00e8ne. Bien n\u00e9cessaire dans une relation qui, sinon, \u00e9toufferait dans ses bons sentiments et bonnes intentions. L\u2019enfer&#8230;<\/p>\n<h2><strong>De vraies demandes et de vraies r\u00e9ponses<\/strong><\/h2>\n<p>C\u2019est tout un art ! Demander et accepter que la r\u00e9ponse ne soit pas celle qu\u2019on attendait, sans critique ni jugement \u00e0 l\u2019emporte-pi\u00e8ce, \u00e7a s\u2019apprend&#8230;<\/p>\n<h3>Sc\u00e9nario N\u00b0 1 : prendre les devants<\/h3>\n<p>Julien et Marie travaillent tous les deux. D\u00e9but juillet, ils prennent 15 jours de vacances avec leurs enfants, Nicolas (6 ans) et Amandine (8 ans). Reste 1\/2 mois de vacances. Si l\u2019on retire les 10 jours en mouvement de jeunesse et une semaine de stage sportif, il leur reste encore +\/- 25 jours \u00e0 occuper. On enl\u00e8ve les trois week-ends avec papa et maman. Restent encore 18 jours. Pour Julien et Marie, la solution est toute trouv\u00e9e : Mamie ! (NB : l\u2019autre grand-m\u00e8re vit \u00e0 l\u2019autre bout du monde). Soit Mamie accepte sans sourciller&#8230; mais en r\u00e2lant int\u00e9rieurement. Soit, elle s\u2019inscrit (avant les vacances) \u00e0 un stage o\u00f9 elle apprend des strat\u00e9gies de saine communication qu\u2019elle met illico en pratique d\u00e8s son retour. \u00ab Anticipons ! \u00bb, se dit- elle et de demander aux jeunes parents comment vont se passer les vacances des enfants. Et de faire cette proposition constructive mais o\u00f9 elle pose ses limites : \u00ab J\u2019ai regard\u00e9 dans mon agenda et voici mes disponibilit\u00e9s en juillet\/ao\u00fbt pour garder les enfants : du 25 au 31 juillet et du 16 au 21 ao\u00fbt \u00bb. Une fa\u00e7on pour elle aussi de pr\u00e9parer de vrais <a href=\"http:\/\/www.fiftyandmemagazine.be\/fr\/bien-etre\/famille\/pourquoi-les-grands-parents-qui-gardent-leurs-petits-enfants-vivent-ils-plus-longtemps\" target=\"_blank\" rel=\"noopener noreferrer\">moments de complicit\u00e9<\/a> partag\u00e9e avec des <a href=\"http:\/\/www.fiftyandmemagazine.be\/fr\/sante\/garder-la-forme\/print-des-activites-au-top-a-50-ans\" target=\"_blank\" rel=\"noopener noreferrer\">activit\u00e9s<\/a> qui lui feront autant plaisir qu\u2019aux enfants.<\/p>\n<h3>Sc\u00e9nario N\u00b0 2<\/h3>\n<p>Chaque ann\u00e9e, au mois de juillet, Papy et Mamie louent une maison \u00e0 la montagne pour rassembler leurs enfants, beaux-enfants et rejetons avec une intention la plus louable qui soit : vivre tous ensemble sous le m\u00eame toit pour faire vibrer l\u2019esprit de famille ! Cela va de soi. Pour eux. D\u2019ailleurs, ils paient tr\u00e8s cher pour la location de cette maison, mais le sacrifice financier en vaut la peine&#8230; dans \u00ab leur \u00bb logique. en est-il de m\u00eame pour tous les autres ? Pas s\u00fbr&#8230;<\/p>\n<p>Question ? Convaincus de leur g\u00e9n\u00e9rosit\u00e9, les grands-parents ont-ils v\u00e9rifi\u00e9 aupr\u00e8s de leurs enfants et beaux-enfants si cette perspective leur faisait vraiment plaisir ? Si oui, chacun se responsabilise par rapport \u00e0 ce projet. Et met de l\u2019eau au moulin de l\u2019entente familiale. Sinon, bonjour les d\u00e9g\u00e2ts. Notamment au sein des jeunes couples qui vont devoir g\u00e9rer certaines tensions in\u00e9vitables. Entre eux. Mais aussi entre \u00ab beaufs \u00bb, notamment sur un sujet \u00f4 combien d\u00e9licat, l\u2019\u00e9ducation des enfants!<\/p>\n<p>L\u00e0 encore, une demande claire, qui accepte un refus \u00e9ventuel, est pr\u00e9f\u00e9rable \u00e0 tous les conflits qui peuvent surgir d\u2019une communication boiteuse. Et si la maison partag\u00e9e est vraiment un must pour les grands-parents, il y a peut-\u00eatre une autre piste \u00e0 explorer. Louer la maison et y inviter \u00e0 tour de r\u00f4le les jeunes familles en se r\u00e9servant quelques moments privil\u00e9gi\u00e9s tous ensemble. Ou faire un m\u00e9ga rassemblement des petits-enfants qui seront ravis de jouer entre cousins. L\u2019occasion pour les jeunes parents de s&rsquo;offrir en couple quelques moments de libert\u00e9. Pr\u00e9cieux par les temps qui courent&#8230;<\/p>\n<p><!--more--><\/p>\n<p><!--nextpage--><\/p>\n<h2><strong>Avec plaisir!<\/strong><\/h2>\n<p>L\u2019ingr\u00e9dient indispensable pour que tous ces petits arrangements tiennent la route, c\u2019est \u00e9videmment et avant tout, le plaisir ! Et d\u2019abord, on fait \u00e9voluer son vocabulaire. On ne \u00ab garde \u00bb plus ses petits-enfants, on s\u2019amuse avec eux !<\/p>\n<p>\u00c7a change tout, d\u00e9j\u00e0 dans l\u2019\u00e9nergie de la formule. De grands-parents gardiens, on devient les J.PM.J., les Joyeux Papy\/Mamie Joueurs qui prennent du plaisir \u00e0 partager des moments de complicit\u00e9 avec leurs petits. Cr\u00e9ativit\u00e9 au programme !<\/p>\n<p>Tout fait farine au moulin du plaisir : une chanson, des collages, un jeu de soci\u00e9t\u00e9, une recette, un coin de jardin, la visite ludique d\u2019un mus\u00e9e, une partie de cache-cache dans un ch\u00e2teau, la r\u00e9colte de tr\u00e9sors dans la nature, un album photos&#8230; Ringard ? Jamais ! Parole de Chantal qui continue \u00e0 faire des tirages papier des photos pour en faire des albums que ses petits-enfants &#8211; ados maintenant &#8211; ne se lassent pas de parcourir, m\u00eame s\u2019ils sont accro \u00e0 leurs tablettes ! Une belle activit\u00e9 pour cet \u00e9t\u00e9 que de r\u00e9aliser ensemble un album de l\u2019ann\u00e9e en cours&#8230;<\/p>\n<h2><strong>Cool, mamie, cool!<\/strong><\/h2>\n<p>Pas oblig\u00e9 de faire un marathon de 36.000 activit\u00e9s. Essoufflement garanti ! La joie d\u2019\u00eatre ensemble passe aussi par des moments de calme, d\u2019int\u00e9riorit\u00e9. Inviter l\u2019enfant \u00e0 s\u2019asseoir, lire ou partager un livre, raconter et se raconter mutuellement pour faire vraiment connaissance, inspirer confiance pour que la parole se lib\u00e8re et que les petits ou grands tracas puissent se dire. Une vraie belle transmission de grand-parent. Mais chuuuuuuuuuut, \u00e7a ne regarde que nous.<\/p>\n<h2><strong>Trop de mamie, tue mamie!<\/strong><\/h2>\n<p>Les enfants ont aussi leurs \u00e9tats d\u2019\u00e2me&#8230; et ils l\u2019expriment haut et fort, au risque de d\u00e9s\u00e9quilibrer tout l\u2019\u00e9difice ! Christiane se souvient : \u00ab chaque fois que ma fille et mon beau-fils avaient besoin de moi pour garder leur petit, j\u2019accourais&#8230; m\u00eame si cela ne m\u2019arrangeait pas toujours. Jusqu\u2019au jour o\u00f9, au lieu de se pr\u00e9cipiter dans mes bras comme \u00e0 l\u2019accoutum\u00e9e, Quentin (2 ans et demi) a fondu en larmes en me voyant. et pire, le surlendemain, il me criait \u00ab va-t\u2019en ! \u00bb aussit\u00f4t arriv\u00e9e dans leur appartement.<\/p>\n<p>Les enfants ont des antennes. Je pense qu\u2019il percevait que je traversais une p\u00e9riode difficile et que je tra\u00eenais un peu les pieds mais aussi, que pour lui, \u00ab Mamie = Papa\/Maman pas l\u00e0 \u00bb.<\/p>\n<p>On a pu mettre des mots sur son ressenti et rectifier le tir. avec ses parents, nous avons d\u00e9cid\u00e9 qu\u2019au lieu de partir juste apr\u00e8s leur retour, je resterais de temps en temps plus longtemps pour partager un repas ou un autre temps privil\u00e9gi\u00e9 tous ensemble. La dynamique a depuis compl\u00e8tement chang\u00e9. \u00bb<\/p>\n<h2><strong>Oser ses propres d\u00e9sirs<\/strong><\/h2>\n<p>C\u2019est \u00e0 cela qu\u2019on aspire quand on ne cultive pas un lien de d\u00e9pendance qui \u00e9trangle au lieu de fluidifier. Bonjour la culpabilit\u00e9 quand on capte un regard r\u00e9probateur, un mot qui en dit long, une inqui\u00e9tude de ne pas trouver de solution pour les vacances, des non-dits qui empoisonnent les relations. Fluidit\u00e9 ! C\u2019est \u00e0 cela que les grands- parents sont convi\u00e9s. a faire circuler la vie. Transmettre le respect de soi et des autres. Et permettre \u00e0 chacun de r\u00eaver ses propres r\u00eaves. Il arrive qu\u2019ils se rencontrent. Mais pas forc\u00e9ment. Et accepter cela aussi&#8230;<\/p>\n","protected":false},"excerpt":{"rendered":"<p><span class=\"span-reading-time rt-reading-time\" style=\"display: block;\"><span class=\"rt-label rt-prefix\">Reading Time: <\/span> <span class=\"rt-time\"> 5<\/span> <span class=\"rt-label rt-postfix\">minutes<\/span><\/span>Aaah, les vacances ! Synonyme de rassemblement familial, de moments privil\u00e9gi\u00e9s ou de \u00ab panique \u00e0 bord \u00bb quand on n\u2019a pas trouv\u00e9 de solution pour \u00ab caser \u00bb les enfants. Heureusement, on peut toujours compter sur les grands-parents ? <\/p>\n","protected":false},"author":2,"featured_media":35756,"comment_status":"open","ping_status":"closed","sticky":false,"template":"","format":"standard","meta":{"_lmt_disableupdate":"no","_lmt_disable":"","footnotes":""},"categories":[1106],"tags":[764,777,134],"class_list":["post-4952","post","type-post","status-publish","format-standard","has-post-thumbnail","hentry","category-famille","tag-loisir","tag-petit-enfant","tag-plaisir"],"yoast_head":"<!-- This site is optimized with the Yoast SEO plugin v26.3 - https:\/\/yoast.com\/wordpress\/plugins\/seo\/ -->\n<title>Vacances : grands-parents SOS ! - Fifty &amp; Me MAGAZINE<\/title>\n<meta name=\"description\" content=\"Synonyme de rassemblement familial, de moments privil\u00e9gi\u00e9s chez les grands-parents ou de \u00ab panique \u00e0 bord \u00bb quand on n\u2019a pas trouv\u00e9 de solution pour \u00ab caser \u00bb les enfants, les vacances ressemblent parfois \u00e0 un v\u00e9ritable casse-t\u00eate.\" \/>\n<meta name=\"robots\" content=\"index, follow, max-snippet:-1, max-image-preview:large, max-video-preview:-1\" \/>\n<link rel=\"canonical\" href=\"https:\/\/www.fiftyandmemagazine.be\/fr\/bien-etre\/famille\/vacances-grands-parents-sos\" \/>\n<link rel=\"next\" href=\"https:\/\/www.fiftyandmemagazine.be\/fr\/bien-etre\/famille\/vacances-grands-parents-sos\/2\" \/>\n<meta property=\"og:locale\" content=\"fr_FR\" \/>\n<meta property=\"og:type\" content=\"article\" \/>\n<meta property=\"og:title\" content=\"Vacances : grands-parents SOS ! - Fifty &amp; Me MAGAZINE\" \/>\n<meta property=\"og:description\" content=\"Synonyme de rassemblement familial, de moments privil\u00e9gi\u00e9s chez les grands-parents ou de \u00ab panique \u00e0 bord \u00bb quand on n\u2019a pas trouv\u00e9 de solution pour \u00ab caser \u00bb les enfants, les vacances ressemblent parfois \u00e0 un v\u00e9ritable casse-t\u00eate.\" \/>\n<meta property=\"og:url\" content=\"https:\/\/www.fiftyandmemagazine.be\/fr\/bien-etre\/famille\/vacances-grands-parents-sos\" \/>\n<meta property=\"og:site_name\" content=\"Fifty &amp; Me MAGAZINE\" \/>\n<meta property=\"article:published_time\" content=\"2019-08-02T03:48:13+00:00\" \/>\n<meta property=\"og:image\" content=\"https:\/\/www.fiftyandmemagazine.be\/fr\/wp-content\/uploads\/2015\/07\/vacances_grands_parents.jpg\" \/>\n\t<meta property=\"og:image:width\" content=\"1110\" \/>\n\t<meta property=\"og:image:height\" content=\"740\" \/>\n\t<meta property=\"og:image:type\" content=\"image\/jpeg\" \/>\n<meta name=\"author\" content=\"Ga\u00eblle Mauroit\" \/>\n<meta name=\"twitter:card\" content=\"summary_large_image\" \/>\n<meta name=\"twitter:label1\" content=\"\u00c9crit par\" \/>\n\t<meta name=\"twitter:data1\" content=\"Ga\u00eblle Mauroit\" \/>\n\t<meta name=\"twitter:label2\" content=\"Dur\u00e9e de lecture estim\u00e9e\" \/>\n\t<meta name=\"twitter:data2\" content=\"7 minutes\" \/>\n<script type=\"application\/ld+json\" class=\"yoast-schema-graph\">{\"@context\":\"https:\/\/schema.org\",\"@graph\":[{\"@type\":\"WebPage\",\"@id\":\"https:\/\/www.fiftyandmemagazine.be\/fr\/bien-etre\/famille\/vacances-grands-parents-sos\",\"url\":\"https:\/\/www.fiftyandmemagazine.be\/fr\/bien-etre\/famille\/vacances-grands-parents-sos\",\"name\":\"Vacances : grands-parents SOS ! - Fifty &amp; Me MAGAZINE\",\"isPartOf\":{\"@id\":\"https:\/\/www.fiftyandmemagazine.be\/fr\/#website\"},\"primaryImageOfPage\":{\"@id\":\"https:\/\/www.fiftyandmemagazine.be\/fr\/bien-etre\/famille\/vacances-grands-parents-sos#primaryimage\"},\"image\":{\"@id\":\"https:\/\/www.fiftyandmemagazine.be\/fr\/bien-etre\/famille\/vacances-grands-parents-sos#primaryimage\"},\"thumbnailUrl\":\"https:\/\/www.fiftyandmemagazine.be\/fr\/wp-content\/uploads\/2015\/07\/vacances_grands_parents.jpg\",\"datePublished\":\"2019-08-02T03:48:13+00:00\",\"author\":{\"@id\":\"https:\/\/www.fiftyandmemagazine.be\/fr\/#\/schema\/person\/d73538edb012161ebf7d953b667bb15b\"},\"description\":\"Synonyme de rassemblement familial, de moments privil\u00e9gi\u00e9s chez les grands-parents ou de \u00ab panique \u00e0 bord \u00bb quand on n\u2019a pas trouv\u00e9 de solution pour \u00ab caser \u00bb les enfants, les vacances ressemblent parfois \u00e0 un v\u00e9ritable casse-t\u00eate.\",\"breadcrumb\":{\"@id\":\"https:\/\/www.fiftyandmemagazine.be\/fr\/bien-etre\/famille\/vacances-grands-parents-sos#breadcrumb\"},\"inLanguage\":\"fr-FR\",\"potentialAction\":[{\"@type\":\"ReadAction\",\"target\":[\"https:\/\/www.fiftyandmemagazine.be\/fr\/bien-etre\/famille\/vacances-grands-parents-sos\"]}]},{\"@type\":\"ImageObject\",\"inLanguage\":\"fr-FR\",\"@id\":\"https:\/\/www.fiftyandmemagazine.be\/fr\/bien-etre\/famille\/vacances-grands-parents-sos#primaryimage\",\"url\":\"https:\/\/www.fiftyandmemagazine.be\/fr\/wp-content\/uploads\/2015\/07\/vacances_grands_parents.jpg\",\"contentUrl\":\"https:\/\/www.fiftyandmemagazine.be\/fr\/wp-content\/uploads\/2015\/07\/vacances_grands_parents.jpg\",\"width\":1110,\"height\":740,\"caption\":\"vacances grands-parents\"},{\"@type\":\"BreadcrumbList\",\"@id\":\"https:\/\/www.fiftyandmemagazine.be\/fr\/bien-etre\/famille\/vacances-grands-parents-sos#breadcrumb\",\"itemListElement\":[{\"@type\":\"ListItem\",\"position\":1,\"name\":\"Bien-\u00catre\",\"item\":\"https:\/\/www.fiftyandmemagazine.be\/fr\/bien-etre\"},{\"@type\":\"ListItem\",\"position\":2,\"name\":\"Famille\"}]},{\"@type\":\"WebSite\",\"@id\":\"https:\/\/www.fiftyandmemagazine.be\/fr\/#website\",\"url\":\"https:\/\/www.fiftyandmemagazine.be\/fr\/\",\"name\":\"Fifty &amp; Me MAGAZINE\",\"description\":\"Et si la vie commen\u00e7ait \u00e0 50 ans ?\",\"potentialAction\":[{\"@type\":\"SearchAction\",\"target\":{\"@type\":\"EntryPoint\",\"urlTemplate\":\"https:\/\/www.fiftyandmemagazine.be\/fr\/?s={search_term_string}\"},\"query-input\":{\"@type\":\"PropertyValueSpecification\",\"valueRequired\":true,\"valueName\":\"search_term_string\"}}],\"inLanguage\":\"fr-FR\"},{\"@type\":\"Person\",\"@id\":\"https:\/\/www.fiftyandmemagazine.be\/fr\/#\/schema\/person\/d73538edb012161ebf7d953b667bb15b\",\"name\":\"Ga\u00eblle Mauroit\",\"url\":\"https:\/\/www.fiftyandmemagazine.be\/fr\/author\/gaelle\"}]}<\/script>\n<!-- \/ Yoast SEO plugin. -->","yoast_head_json":{"title":"Vacances : grands-parents SOS ! - Fifty &amp; Me MAGAZINE","description":"Synonyme de rassemblement familial, de moments privil\u00e9gi\u00e9s chez les grands-parents ou de \u00ab panique \u00e0 bord \u00bb quand on n\u2019a pas trouv\u00e9 de solution pour \u00ab caser \u00bb les enfants, les vacances ressemblent parfois \u00e0 un v\u00e9ritable casse-t\u00eate.","robots":{"index":"index","follow":"follow","max-snippet":"max-snippet:-1","max-image-preview":"max-image-preview:large","max-video-preview":"max-video-preview:-1"},"canonical":"https:\/\/www.fiftyandmemagazine.be\/fr\/bien-etre\/famille\/vacances-grands-parents-sos","next":"https:\/\/www.fiftyandmemagazine.be\/fr\/bien-etre\/famille\/vacances-grands-parents-sos\/2","og_locale":"fr_FR","og_type":"article","og_title":"Vacances : grands-parents SOS ! - Fifty &amp; Me MAGAZINE","og_description":"Synonyme de rassemblement familial, de moments privil\u00e9gi\u00e9s chez les grands-parents ou de \u00ab panique \u00e0 bord \u00bb quand on n\u2019a pas trouv\u00e9 de solution pour \u00ab caser \u00bb les enfants, les vacances ressemblent parfois \u00e0 un v\u00e9ritable casse-t\u00eate.","og_url":"https:\/\/www.fiftyandmemagazine.be\/fr\/bien-etre\/famille\/vacances-grands-parents-sos","og_site_name":"Fifty &amp; Me MAGAZINE","article_published_time":"2019-08-02T03:48:13+00:00","og_image":[{"width":1110,"height":740,"url":"https:\/\/www.fiftyandmemagazine.be\/fr\/wp-content\/uploads\/2015\/07\/vacances_grands_parents.jpg","type":"image\/jpeg"}],"author":"Ga\u00eblle Mauroit","twitter_card":"summary_large_image","twitter_misc":{"\u00c9crit par":"Ga\u00eblle Mauroit","Dur\u00e9e de lecture estim\u00e9e":"7 minutes"},"schema":{"@context":"https:\/\/schema.org","@graph":[{"@type":"WebPage","@id":"https:\/\/www.fiftyandmemagazine.be\/fr\/bien-etre\/famille\/vacances-grands-parents-sos","url":"https:\/\/www.fiftyandmemagazine.be\/fr\/bien-etre\/famille\/vacances-grands-parents-sos","name":"Vacances : grands-parents SOS ! - Fifty &amp; Me MAGAZINE","isPartOf":{"@id":"https:\/\/www.fiftyandmemagazine.be\/fr\/#website"},"primaryImageOfPage":{"@id":"https:\/\/www.fiftyandmemagazine.be\/fr\/bien-etre\/famille\/vacances-grands-parents-sos#primaryimage"},"image":{"@id":"https:\/\/www.fiftyandmemagazine.be\/fr\/bien-etre\/famille\/vacances-grands-parents-sos#primaryimage"},"thumbnailUrl":"https:\/\/www.fiftyandmemagazine.be\/fr\/wp-content\/uploads\/2015\/07\/vacances_grands_parents.jpg","datePublished":"2019-08-02T03:48:13+00:00","author":{"@id":"https:\/\/www.fiftyandmemagazine.be\/fr\/#\/schema\/person\/d73538edb012161ebf7d953b667bb15b"},"description":"Synonyme de rassemblement familial, de moments privil\u00e9gi\u00e9s chez les grands-parents ou de \u00ab panique \u00e0 bord \u00bb quand on n\u2019a pas trouv\u00e9 de solution pour \u00ab caser \u00bb les enfants, les vacances ressemblent parfois \u00e0 un v\u00e9ritable casse-t\u00eate.","breadcrumb":{"@id":"https:\/\/www.fiftyandmemagazine.be\/fr\/bien-etre\/famille\/vacances-grands-parents-sos#breadcrumb"},"inLanguage":"fr-FR","potentialAction":[{"@type":"ReadAction","target":["https:\/\/www.fiftyandmemagazine.be\/fr\/bien-etre\/famille\/vacances-grands-parents-sos"]}]},{"@type":"ImageObject","inLanguage":"fr-FR","@id":"https:\/\/www.fiftyandmemagazine.be\/fr\/bien-etre\/famille\/vacances-grands-parents-sos#primaryimage","url":"https:\/\/www.fiftyandmemagazine.be\/fr\/wp-content\/uploads\/2015\/07\/vacances_grands_parents.jpg","contentUrl":"https:\/\/www.fiftyandmemagazine.be\/fr\/wp-content\/uploads\/2015\/07\/vacances_grands_parents.jpg","width":1110,"height":740,"caption":"vacances grands-parents"},{"@type":"BreadcrumbList","@id":"https:\/\/www.fiftyandmemagazine.be\/fr\/bien-etre\/famille\/vacances-grands-parents-sos#breadcrumb","itemListElement":[{"@type":"ListItem","position":1,"name":"Bien-\u00catre","item":"https:\/\/www.fiftyandmemagazine.be\/fr\/bien-etre"},{"@type":"ListItem","position":2,"name":"Famille"}]},{"@type":"WebSite","@id":"https:\/\/www.fiftyandmemagazine.be\/fr\/#website","url":"https:\/\/www.fiftyandmemagazine.be\/fr\/","name":"Fifty &amp; Me MAGAZINE","description":"Et si la vie commen\u00e7ait \u00e0 50 ans ?","potentialAction":[{"@type":"SearchAction","target":{"@type":"EntryPoint","urlTemplate":"https:\/\/www.fiftyandmemagazine.be\/fr\/?s={search_term_string}"},"query-input":{"@type":"PropertyValueSpecification","valueRequired":true,"valueName":"search_term_string"}}],"inLanguage":"fr-FR"},{"@type":"Person","@id":"https:\/\/www.fiftyandmemagazine.be\/fr\/#\/schema\/person\/d73538edb012161ebf7d953b667bb15b","name":"Ga\u00eblle Mauroit","url":"https:\/\/www.fiftyandmemagazine.be\/fr\/author\/gaelle"}]}},"modified_by":"Magali Duqu\u00e9","_links":{"self":[{"href":"https:\/\/www.fiftyandmemagazine.be\/fr\/wp-json\/wp\/v2\/posts\/4952","targetHints":{"allow":["GET"]}}],"collection":[{"href":"https:\/\/www.fiftyandmemagazine.be\/fr\/wp-json\/wp\/v2\/posts"}],"about":[{"href":"https:\/\/www.fiftyandmemagazine.be\/fr\/wp-json\/wp\/v2\/types\/post"}],"author":[{"embeddable":true,"href":"https:\/\/www.fiftyandmemagazine.be\/fr\/wp-json\/wp\/v2\/users\/2"}],"replies":[{"embeddable":true,"href":"https:\/\/www.fiftyandmemagazine.be\/fr\/wp-json\/wp\/v2\/comments?post=4952"}],"version-history":[{"count":5,"href":"https:\/\/www.fiftyandmemagazine.be\/fr\/wp-json\/wp\/v2\/posts\/4952\/revisions"}],"predecessor-version":[{"id":41671,"href":"https:\/\/www.fiftyandmemagazine.be\/fr\/wp-json\/wp\/v2\/posts\/4952\/revisions\/41671"}],"wp:featuredmedia":[{"embeddable":true,"href":"https:\/\/www.fiftyandmemagazine.be\/fr\/wp-json\/wp\/v2\/media\/35756"}],"wp:attachment":[{"href":"https:\/\/www.fiftyandmemagazine.be\/fr\/wp-json\/wp\/v2\/media?parent=4952"}],"wp:term":[{"taxonomy":"category","embeddable":true,"href":"https:\/\/www.fiftyandmemagazine.be\/fr\/wp-json\/wp\/v2\/categories?post=4952"},{"taxonomy":"post_tag","embeddable":true,"href":"https:\/\/www.fiftyandmemagazine.be\/fr\/wp-json\/wp\/v2\/tags?post=4952"}],"curies":[{"name":"wp","href":"https:\/\/api.w.org\/{rel}","templated":true}]}}