{"id":53618,"date":"2022-04-18T12:01:54","date_gmt":"2022-04-18T10:01:54","guid":{"rendered":"https:\/\/www.fiftyandmemagazine.be\/fr\/?p=53618"},"modified":"2022-04-15T16:03:15","modified_gmt":"2022-04-15T14:03:15","slug":"le-requiem-de-mozart-a-la-monnaie-de-bruxelles","status":"publish","type":"post","link":"https:\/\/www.fiftyandmemagazine.be\/fr\/culture\/agenda-culture\/le-requiem-de-mozart-a-la-monnaie-de-bruxelles","title":{"rendered":"Le Requiem de Mozart \u00e0 la Monnaie de Bruxelles"},"content":{"rendered":"<span class=\"span-reading-time rt-reading-time\" style=\"display: block;\"><span class=\"rt-label rt-prefix\">Reading Time: <\/span> <span class=\"rt-time\"> 2<\/span> <span class=\"rt-label rt-postfix\">minutes<\/span><\/span><p>Avec les deux ann\u00e9es de pand\u00e9mie et le conflit ukrainien, tout est r\u00e9uni pour nous pousser \u00e0 nous interroger sur l\u2019\u00e9tat du monde. Et (re)d\u00e9couvrir ce magnifique <strong>Requiem de Mozart.<\/strong> Un classique de la musique sacr\u00e9e qui nous invite, lui aussi , \u00e0 repenser la place de l\u2019homme sur Terre\u00a0: \u00ab\u00a0un primate ravageur au sommet de la cha\u00eene alimentaire\u00a0\u00bb. Une \u0153uvre qui sera jou\u00e9e \u00e0 la Monnaie ce printemps 2022. Une \u0153uvre \u00e9crite par un Mozart, mais qui n\u2019a pas eu le temps de la finir avant son d\u00e9c\u00e8s survenu le 5 d\u00e9cembre 1791. Une \u0153uvre qui se red\u00e9couvre, en laissant de c\u00f4t\u00e9 les th\u00e9ories complotistes qu\u2019elle v\u00e9hicule.<\/p>\n<h2><strong>Une mise en sc\u00e8ne joyeuse<\/strong><\/h2>\n<p>Avec une \u0153uvre telle que le Requiem de Mozart, loin d\u2019\u00eatre la plus positive, chacun pouvait s\u2019attendre \u00e0 une mise en sc\u00e8ne sombre et pesante. Tout le contraire du concept d\u00e9velopp\u00e9 par Romeo Castellucci, \u00e0 qui l\u2019on doit aussi la mise en sc\u00e8ne de <em>Jeanne d\u2019Arc au b\u00fbcher<\/em>. De cette \u0153uvre inachev\u00e9e, le metteur en sc\u00e8ne a d\u00e9cid\u00e9 d\u2019en faire un spectacle qui ne c\u00e9l\u00e8bre pas la mort. Mais qui, au contraire, r\u00e9v\u00e8le toute la beaut\u00e9 de la vie pass\u00e9e par le prisme de la fin in\u00e9luctable qui attend toutes choses. La c\u00e9l\u00e9bration de la vie sous toutes ses formes. Un spectacle qui ne manquera pas de surprendre. De questionner le spectateur, aux prises avec la mort au quotidien et bien souvent difficile \u00e0 admettre. Contrairement \u00e0 Mozart qui s\u2019en \u00e9tait fait, sinon une amie, du moins une compagne. Dans une lettre adress\u00e9e \u00e0 son p\u00e8re, W.A. Mozart n\u2019avait-il pas \u00e9crit ceci \u00a0: \u00ab\u00a0<em>comme la mort est l\u2019ultime \u00e9tape de notre vie, je me suis familiaris\u00e9 depuis quelques ann\u00e9es avec ce v\u00e9ritable et meilleur ami de l\u2019homme<\/em>.\u00a0\u00bb<br \/>\nDans ce spectacle, ce sont les perdants qui \u00e9crivent l\u2019histoire. Nous, les humains. Qui perdront \u00e0 la fin, face \u00e0 la Faucheuse.<\/p>\n<p>Un spectacle prometteur, pr\u00e9sent\u00e9 dans ce merveilleux \u00e9crin bruxellois qu\u2019est la Monnaie.<\/p>\n<h2><strong>Un casting id\u00e9al pour ce Requiem<\/strong><\/h2>\n<p>Outre le plaisir de revoir pour la sixi\u00e8me fois le metteur en sc\u00e8ne italien \u00e0 la Monnaie, ce Requiem offre au public la possibilit\u00e9 de savourer la ma\u00eetrise des musiciens pr\u00e9sents. Et non des moindres, comme le chef d\u2019orchestre fran\u00e7ais Rapha\u00ebl Pichon. Nouveau venu \u00e0 la Monnaie mais sp\u00e9cialiste reconnu de l\u2019\u0153uvre de Mozart.<br \/>\nUne musique sacr\u00e9e parfaitement adapt\u00e9e au talent du t\u00e9nor italien Anicio Zorzi Giustiniani, bien connu du public bruxellois, notamment pour son r\u00f4le d\u2019Ernesto tenu dans l\u2019op\u00e9ra <em>Don Pasquale<\/em> jou\u00e9 en 2018 \u00e0 Bruxelles. Famili\u00e8re elle aussi de la Monnaie, la soprano fran\u00e7aise Sandrine Piau sera au casting, tout comme Sara Mingardo, qui se chargera de la partie alto. Enfin, Luca Tittoto, lui aussi familier de la sc\u00e8ne bruxelloise, se chargera des solos pour basse.<\/p>\n<p><strong>Infos<\/strong>\u00a0: La Monnaie. 29 et 30 avril 2022. 3,5,6,8,10,11, 13 et 14 mai. Infos et achats des billets\u00a0: 032 (0)22291211<\/p>\n","protected":false},"excerpt":{"rendered":"<p><span class=\"span-reading-time rt-reading-time\" style=\"display: block;\"><span class=\"rt-label rt-prefix\">Reading Time: <\/span> <span class=\"rt-time\"> 2<\/span> <span class=\"rt-label rt-postfix\">minutes<\/span><\/span>Avec les deux ann\u00e9es de pand\u00e9mie et le conflit ukrainien, [&hellip;]<\/p>\n","protected":false},"author":18,"featured_media":53620,"comment_status":"open","ping_status":"closed","sticky":false,"template":"","format":"standard","meta":{"_lmt_disableupdate":"no","_lmt_disable":"","footnotes":""},"categories":[1129],"tags":[],"class_list":["post-53618","post","type-post","status-publish","format-standard","has-post-thumbnail","hentry","category-agenda-culture"],"yoast_head":"<!-- This site is optimized with the Yoast SEO plugin v26.3 - https:\/\/yoast.com\/wordpress\/plugins\/seo\/ -->\n<title>Le Requiem de Mozart \u00e0 la Monnaie de Bruxelles - Fifty &amp; Me MAGAZINE<\/title>\n<meta name=\"description\" content=\"Les amoureux de l\u2019\u0153uvre de Mozart seront \u00e0 la f\u00eate ce printemps. La Monnaie propose le fameux Requiem \u00e0 partir du 29 avril.\" \/>\n<meta name=\"robots\" content=\"index, follow, max-snippet:-1, max-image-preview:large, max-video-preview:-1\" \/>\n<link rel=\"canonical\" href=\"https:\/\/www.fiftyandmemagazine.be\/fr\/culture\/agenda-culture\/le-requiem-de-mozart-a-la-monnaie-de-bruxelles\" \/>\n<meta property=\"og:locale\" content=\"fr_FR\" \/>\n<meta property=\"og:type\" content=\"article\" \/>\n<meta property=\"og:title\" content=\"Le Requiem de Mozart \u00e0 la Monnaie de Bruxelles - Fifty &amp; Me MAGAZINE\" \/>\n<meta property=\"og:description\" content=\"Les amoureux de l\u2019\u0153uvre de Mozart seront \u00e0 la f\u00eate ce printemps. La Monnaie propose le fameux Requiem \u00e0 partir du 29 avril.\" \/>\n<meta property=\"og:url\" content=\"https:\/\/www.fiftyandmemagazine.be\/fr\/culture\/agenda-culture\/le-requiem-de-mozart-a-la-monnaie-de-bruxelles\" \/>\n<meta property=\"og:site_name\" content=\"Fifty &amp; Me MAGAZINE\" \/>\n<meta property=\"article:published_time\" content=\"2022-04-18T10:01:54+00:00\" \/>\n<meta property=\"og:image\" content=\"https:\/\/www.fiftyandmemagazine.be\/fr\/wp-content\/uploads\/2022\/04\/requiem.jpg\" \/>\n\t<meta property=\"og:image:width\" content=\"1110\" \/>\n\t<meta property=\"og:image:height\" content=\"500\" \/>\n\t<meta property=\"og:image:type\" content=\"image\/jpeg\" \/>\n<meta name=\"author\" content=\"Lauren Soukiassian\" \/>\n<meta name=\"twitter:card\" content=\"summary_large_image\" \/>\n<meta name=\"twitter:label1\" content=\"\u00c9crit par\" \/>\n\t<meta name=\"twitter:data1\" content=\"Lauren Soukiassian\" \/>\n\t<meta name=\"twitter:label2\" content=\"Dur\u00e9e de lecture estim\u00e9e\" \/>\n\t<meta name=\"twitter:data2\" content=\"3 minutes\" \/>\n<script type=\"application\/ld+json\" class=\"yoast-schema-graph\">{\"@context\":\"https:\/\/schema.org\",\"@graph\":[{\"@type\":\"WebPage\",\"@id\":\"https:\/\/www.fiftyandmemagazine.be\/fr\/culture\/agenda-culture\/le-requiem-de-mozart-a-la-monnaie-de-bruxelles\",\"url\":\"https:\/\/www.fiftyandmemagazine.be\/fr\/culture\/agenda-culture\/le-requiem-de-mozart-a-la-monnaie-de-bruxelles\",\"name\":\"Le Requiem de Mozart \u00e0 la Monnaie de Bruxelles - Fifty &amp; Me MAGAZINE\",\"isPartOf\":{\"@id\":\"https:\/\/www.fiftyandmemagazine.be\/fr\/#website\"},\"primaryImageOfPage\":{\"@id\":\"https:\/\/www.fiftyandmemagazine.be\/fr\/culture\/agenda-culture\/le-requiem-de-mozart-a-la-monnaie-de-bruxelles#primaryimage\"},\"image\":{\"@id\":\"https:\/\/www.fiftyandmemagazine.be\/fr\/culture\/agenda-culture\/le-requiem-de-mozart-a-la-monnaie-de-bruxelles#primaryimage\"},\"thumbnailUrl\":\"https:\/\/www.fiftyandmemagazine.be\/fr\/wp-content\/uploads\/2022\/04\/requiem.jpg\",\"datePublished\":\"2022-04-18T10:01:54+00:00\",\"author\":{\"@id\":\"https:\/\/www.fiftyandmemagazine.be\/fr\/#\/schema\/person\/ebc87c29599dd51d1bb53bc5a497e45d\"},\"description\":\"Les amoureux de l\u2019\u0153uvre de Mozart seront \u00e0 la f\u00eate ce printemps. La Monnaie propose le fameux Requiem \u00e0 partir du 29 avril.\",\"breadcrumb\":{\"@id\":\"https:\/\/www.fiftyandmemagazine.be\/fr\/culture\/agenda-culture\/le-requiem-de-mozart-a-la-monnaie-de-bruxelles#breadcrumb\"},\"inLanguage\":\"fr-FR\",\"potentialAction\":[{\"@type\":\"ReadAction\",\"target\":[\"https:\/\/www.fiftyandmemagazine.be\/fr\/culture\/agenda-culture\/le-requiem-de-mozart-a-la-monnaie-de-bruxelles\"]}]},{\"@type\":\"ImageObject\",\"inLanguage\":\"fr-FR\",\"@id\":\"https:\/\/www.fiftyandmemagazine.be\/fr\/culture\/agenda-culture\/le-requiem-de-mozart-a-la-monnaie-de-bruxelles#primaryimage\",\"url\":\"https:\/\/www.fiftyandmemagazine.be\/fr\/wp-content\/uploads\/2022\/04\/requiem.jpg\",\"contentUrl\":\"https:\/\/www.fiftyandmemagazine.be\/fr\/wp-content\/uploads\/2022\/04\/requiem.jpg\",\"width\":1110,\"height\":500,\"caption\":\"requiem\"},{\"@type\":\"BreadcrumbList\",\"@id\":\"https:\/\/www.fiftyandmemagazine.be\/fr\/culture\/agenda-culture\/le-requiem-de-mozart-a-la-monnaie-de-bruxelles#breadcrumb\",\"itemListElement\":[{\"@type\":\"ListItem\",\"position\":1,\"name\":\"Culture\",\"item\":\"https:\/\/www.fiftyandmemagazine.be\/fr\/culture\"},{\"@type\":\"ListItem\",\"position\":2,\"name\":\"Agenda\",\"item\":\"https:\/\/www.fiftyandmemagazine.be\/fr\/culture\/agenda-culture\"},{\"@type\":\"ListItem\",\"position\":3,\"name\":\"Le Requiem de Mozart \u00e0 la Monnaie de Bruxelles\"}]},{\"@type\":\"WebSite\",\"@id\":\"https:\/\/www.fiftyandmemagazine.be\/fr\/#website\",\"url\":\"https:\/\/www.fiftyandmemagazine.be\/fr\/\",\"name\":\"Fifty &amp; Me MAGAZINE\",\"description\":\"Et si la vie commen\u00e7ait \u00e0 50 ans ?\",\"potentialAction\":[{\"@type\":\"SearchAction\",\"target\":{\"@type\":\"EntryPoint\",\"urlTemplate\":\"https:\/\/www.fiftyandmemagazine.be\/fr\/?s={search_term_string}\"},\"query-input\":{\"@type\":\"PropertyValueSpecification\",\"valueRequired\":true,\"valueName\":\"search_term_string\"}}],\"inLanguage\":\"fr-FR\"},{\"@type\":\"Person\",\"@id\":\"https:\/\/www.fiftyandmemagazine.be\/fr\/#\/schema\/person\/ebc87c29599dd51d1bb53bc5a497e45d\",\"name\":\"Lauren Soukiassian\",\"url\":\"https:\/\/www.fiftyandmemagazine.be\/fr\/author\/lauren\"}]}<\/script>\n<!-- \/ Yoast SEO plugin. -->","yoast_head_json":{"title":"Le Requiem de Mozart \u00e0 la Monnaie de Bruxelles - Fifty &amp; Me MAGAZINE","description":"Les amoureux de l\u2019\u0153uvre de Mozart seront \u00e0 la f\u00eate ce printemps. La Monnaie propose le fameux Requiem \u00e0 partir du 29 avril.","robots":{"index":"index","follow":"follow","max-snippet":"max-snippet:-1","max-image-preview":"max-image-preview:large","max-video-preview":"max-video-preview:-1"},"canonical":"https:\/\/www.fiftyandmemagazine.be\/fr\/culture\/agenda-culture\/le-requiem-de-mozart-a-la-monnaie-de-bruxelles","og_locale":"fr_FR","og_type":"article","og_title":"Le Requiem de Mozart \u00e0 la Monnaie de Bruxelles - Fifty &amp; Me MAGAZINE","og_description":"Les amoureux de l\u2019\u0153uvre de Mozart seront \u00e0 la f\u00eate ce printemps. La Monnaie propose le fameux Requiem \u00e0 partir du 29 avril.","og_url":"https:\/\/www.fiftyandmemagazine.be\/fr\/culture\/agenda-culture\/le-requiem-de-mozart-a-la-monnaie-de-bruxelles","og_site_name":"Fifty &amp; Me MAGAZINE","article_published_time":"2022-04-18T10:01:54+00:00","og_image":[{"width":1110,"height":500,"url":"https:\/\/www.fiftyandmemagazine.be\/fr\/wp-content\/uploads\/2022\/04\/requiem.jpg","type":"image\/jpeg"}],"author":"Lauren Soukiassian","twitter_card":"summary_large_image","twitter_misc":{"\u00c9crit par":"Lauren Soukiassian","Dur\u00e9e de lecture estim\u00e9e":"3 minutes"},"schema":{"@context":"https:\/\/schema.org","@graph":[{"@type":"WebPage","@id":"https:\/\/www.fiftyandmemagazine.be\/fr\/culture\/agenda-culture\/le-requiem-de-mozart-a-la-monnaie-de-bruxelles","url":"https:\/\/www.fiftyandmemagazine.be\/fr\/culture\/agenda-culture\/le-requiem-de-mozart-a-la-monnaie-de-bruxelles","name":"Le Requiem de Mozart \u00e0 la Monnaie de Bruxelles - Fifty &amp; Me MAGAZINE","isPartOf":{"@id":"https:\/\/www.fiftyandmemagazine.be\/fr\/#website"},"primaryImageOfPage":{"@id":"https:\/\/www.fiftyandmemagazine.be\/fr\/culture\/agenda-culture\/le-requiem-de-mozart-a-la-monnaie-de-bruxelles#primaryimage"},"image":{"@id":"https:\/\/www.fiftyandmemagazine.be\/fr\/culture\/agenda-culture\/le-requiem-de-mozart-a-la-monnaie-de-bruxelles#primaryimage"},"thumbnailUrl":"https:\/\/www.fiftyandmemagazine.be\/fr\/wp-content\/uploads\/2022\/04\/requiem.jpg","datePublished":"2022-04-18T10:01:54+00:00","author":{"@id":"https:\/\/www.fiftyandmemagazine.be\/fr\/#\/schema\/person\/ebc87c29599dd51d1bb53bc5a497e45d"},"description":"Les amoureux de l\u2019\u0153uvre de Mozart seront \u00e0 la f\u00eate ce printemps. La Monnaie propose le fameux Requiem \u00e0 partir du 29 avril.","breadcrumb":{"@id":"https:\/\/www.fiftyandmemagazine.be\/fr\/culture\/agenda-culture\/le-requiem-de-mozart-a-la-monnaie-de-bruxelles#breadcrumb"},"inLanguage":"fr-FR","potentialAction":[{"@type":"ReadAction","target":["https:\/\/www.fiftyandmemagazine.be\/fr\/culture\/agenda-culture\/le-requiem-de-mozart-a-la-monnaie-de-bruxelles"]}]},{"@type":"ImageObject","inLanguage":"fr-FR","@id":"https:\/\/www.fiftyandmemagazine.be\/fr\/culture\/agenda-culture\/le-requiem-de-mozart-a-la-monnaie-de-bruxelles#primaryimage","url":"https:\/\/www.fiftyandmemagazine.be\/fr\/wp-content\/uploads\/2022\/04\/requiem.jpg","contentUrl":"https:\/\/www.fiftyandmemagazine.be\/fr\/wp-content\/uploads\/2022\/04\/requiem.jpg","width":1110,"height":500,"caption":"requiem"},{"@type":"BreadcrumbList","@id":"https:\/\/www.fiftyandmemagazine.be\/fr\/culture\/agenda-culture\/le-requiem-de-mozart-a-la-monnaie-de-bruxelles#breadcrumb","itemListElement":[{"@type":"ListItem","position":1,"name":"Culture","item":"https:\/\/www.fiftyandmemagazine.be\/fr\/culture"},{"@type":"ListItem","position":2,"name":"Agenda","item":"https:\/\/www.fiftyandmemagazine.be\/fr\/culture\/agenda-culture"},{"@type":"ListItem","position":3,"name":"Le Requiem de Mozart \u00e0 la Monnaie de Bruxelles"}]},{"@type":"WebSite","@id":"https:\/\/www.fiftyandmemagazine.be\/fr\/#website","url":"https:\/\/www.fiftyandmemagazine.be\/fr\/","name":"Fifty &amp; Me MAGAZINE","description":"Et si la vie commen\u00e7ait \u00e0 50 ans ?","potentialAction":[{"@type":"SearchAction","target":{"@type":"EntryPoint","urlTemplate":"https:\/\/www.fiftyandmemagazine.be\/fr\/?s={search_term_string}"},"query-input":{"@type":"PropertyValueSpecification","valueRequired":true,"valueName":"search_term_string"}}],"inLanguage":"fr-FR"},{"@type":"Person","@id":"https:\/\/www.fiftyandmemagazine.be\/fr\/#\/schema\/person\/ebc87c29599dd51d1bb53bc5a497e45d","name":"Lauren Soukiassian","url":"https:\/\/www.fiftyandmemagazine.be\/fr\/author\/lauren"}]}},"modified_by":"Lauren Soukiassian","_links":{"self":[{"href":"https:\/\/www.fiftyandmemagazine.be\/fr\/wp-json\/wp\/v2\/posts\/53618","targetHints":{"allow":["GET"]}}],"collection":[{"href":"https:\/\/www.fiftyandmemagazine.be\/fr\/wp-json\/wp\/v2\/posts"}],"about":[{"href":"https:\/\/www.fiftyandmemagazine.be\/fr\/wp-json\/wp\/v2\/types\/post"}],"author":[{"embeddable":true,"href":"https:\/\/www.fiftyandmemagazine.be\/fr\/wp-json\/wp\/v2\/users\/18"}],"replies":[{"embeddable":true,"href":"https:\/\/www.fiftyandmemagazine.be\/fr\/wp-json\/wp\/v2\/comments?post=53618"}],"version-history":[{"count":2,"href":"https:\/\/www.fiftyandmemagazine.be\/fr\/wp-json\/wp\/v2\/posts\/53618\/revisions"}],"predecessor-version":[{"id":53621,"href":"https:\/\/www.fiftyandmemagazine.be\/fr\/wp-json\/wp\/v2\/posts\/53618\/revisions\/53621"}],"wp:featuredmedia":[{"embeddable":true,"href":"https:\/\/www.fiftyandmemagazine.be\/fr\/wp-json\/wp\/v2\/media\/53620"}],"wp:attachment":[{"href":"https:\/\/www.fiftyandmemagazine.be\/fr\/wp-json\/wp\/v2\/media?parent=53618"}],"wp:term":[{"taxonomy":"category","embeddable":true,"href":"https:\/\/www.fiftyandmemagazine.be\/fr\/wp-json\/wp\/v2\/categories?post=53618"},{"taxonomy":"post_tag","embeddable":true,"href":"https:\/\/www.fiftyandmemagazine.be\/fr\/wp-json\/wp\/v2\/tags?post=53618"}],"curies":[{"name":"wp","href":"https:\/\/api.w.org\/{rel}","templated":true}]}}