{"id":53915,"date":"2022-05-06T06:56:09","date_gmt":"2022-05-06T04:56:09","guid":{"rendered":"https:\/\/www.fiftyandmemagazine.be\/fr\/?p=53915"},"modified":"2022-04-27T10:56:59","modified_gmt":"2022-04-27T08:56:59","slug":"bea-ercolini-arreter-de-se-teindre-les-cheveux-procure-un-sentiment-de-liberte","status":"publish","type":"post","link":"https:\/\/www.fiftyandmemagazine.be\/fr\/bien-etre\/psycho\/bea-ercolini-arreter-de-se-teindre-les-cheveux-procure-un-sentiment-de-liberte","title":{"rendered":"B\u00e9a Ercolini : \u00ab Arr\u00eater de se teindre les cheveux procure un sentiment de libert\u00e9 \u00bb"},"content":{"rendered":"<span class=\"span-reading-time rt-reading-time\" style=\"display: block;\"><span class=\"rt-label rt-prefix\">Reading Time: <\/span> <span class=\"rt-time\"> 5<\/span> <span class=\"rt-label rt-postfix\">minutes<\/span><\/span><p><strong>B\u00e9a Ercolini<\/strong> (58 ans), fondatrice et ancienne r\u00e9dactrice en chef de ELLE Belgique, mais aussi cr\u00e9atrice de Beabee, un cercle f\u00e9minin (mais pas que) bas\u00e9 \u00e0 Bruxelles, a profit\u00e9 du confinement pour entamer la transition du brun au blanc. Et elle ne l&rsquo;a pas regrett\u00e9 un seul instant. L\u2019\u00e9l\u00e9ment d\u00e9clencheur pour B\u00e9a\u00a0? Le livre \u00ab\u00a0Une apparition\u00a0\u00bb, \u00e9crit en 2017 par son amie Sophie Fontanel. La journaliste de mode y raconte la d\u00e9sapprobation d\u2019une partie de son entourage devant sa d\u00e9cision d\u2019arr\u00eater les colorations. Or, ses cheveux gris lui ont permis de se sentir plus libre et plus sensuelle. Sur ces entrefaites, un nouvel homme est arriv\u00e9 dans la vie de B\u00e9a (\u00ab\u00a0certaines femmes changent de travail, moi j&rsquo;ai chang\u00e9 de mari\u00a0\u00bb). Et un <a href=\"https:\/\/www.fiftyandmemagazine.be\/fr\/beaute\/cheveux\/arracher-les-cheveux-blancs-bonne-ou-mauvaise-idee\" target=\"_blank\" rel=\"noopener\">cheveu blanc<\/a> a surgi dans sa chevelure brune lors de vacances en Gr\u00e8ce. Son compagnon l&rsquo;a retir\u00e9 et lui a demand\u00e9 ce que c\u2019\u00e9tait. \u00ab\u00a0J&rsquo;ai pris le cheveu en lui r\u00e9pondant que je devais refaire ma colo au plus vite.\u00a0\u00bb \u00ab\u00a0Mais pourquoi ? C&rsquo;est parfait comme \u00e7a !\u00a0\u00bb, a-t-il ajout\u00e9. Une transition qui aura pris trois ans.<\/p>\n<div id=\"attachment_53920\" style=\"width: 456px\" class=\"wp-caption aligncenter\"><img loading=\"lazy\" decoding=\"async\" aria-describedby=\"caption-attachment-53920\" class=\"wp-image-53920\" src=\"https:\/\/www.fiftyandmemagazine.be\/fr\/wp-content\/uploads\/2022\/04\/BEA_ERCOLINI_PORTRAIT_OCTO_2020_91721.jpg\" alt=\"B\u00e9a Ercolini\" width=\"446\" height=\"624\" srcset=\"https:\/\/www.fiftyandmemagazine.be\/fr\/wp-content\/uploads\/2022\/04\/BEA_ERCOLINI_PORTRAIT_OCTO_2020_91721.jpg 1072w, https:\/\/www.fiftyandmemagazine.be\/fr\/wp-content\/uploads\/2022\/04\/BEA_ERCOLINI_PORTRAIT_OCTO_2020_91721-768x1075.jpg 768w\" sizes=\"auto, (max-width: 446px) 100vw, 446px\" \/><p id=\"caption-attachment-53920\" class=\"wp-caption-text\">Cr\u00e9dits : Nathalie Gabay<\/p><\/div>\n<h2>Rencontre avec B\u00e9a Ercolini<\/h2>\n<h3><strong>Quand avez-vous d\u00e9couvert votre tout premier cheveu blanc ?<\/strong><\/h3>\n<p>J&rsquo;\u00e9tais assez jeune, j&rsquo;avais 23 ans. J&rsquo;avais les cheveux tr\u00e8s fonc\u00e9s, alors ce cheveu blanc s\u2019est vu tout de suite. J&rsquo;ai imm\u00e9diatement commenc\u00e9 \u00e0 me teindre les cheveux, et je l\u2019ai fait pendant plusieurs d\u00e9cennies, m\u00eame tous les quinze jours \u00e0 la fin.<\/p>\n<h3><strong>Mais aujourd\u2019hui, vous avez donc arr\u00eat\u00e9 les colorations.<\/strong><\/h3>\n<p>En effet. J\u2019ai commenc\u00e9 par les laisser pousser. Quand je regarde les photos de l\u2019\u00e9poque, je n&rsquo;arrive pas \u00e0 croire que j\u2019ai os\u00e9 mettre le nez dehors comme \u00e7a ! Je ressemblais \u00e0 Cruella d\u2019Enfer ! Ma coiffeuse, Ivona du Salon Velasquez, a vu les photos sur les r\u00e9seaux sociaux et m&rsquo;a appel\u00e9e pour me dire : \u00ab\u00a0B\u00e9a ! \u00c7a ne peut plus durer, il faut qu\u2019on fasse quelque chose !\u00a0\u00bb Elle a appliqu\u00e9 la technique de Jack Martin, \u00e7a a pris presque toute la journ\u00e9e. On a d\u00e9color\u00e9 mes cheveux et \u00e9limin\u00e9 toute coloration. Je me suis donc retrouv\u00e9e blonde avec des racines blanches, mais c&rsquo;\u00e9tait beaucoup plus doux. De plus, j&rsquo;ai toujours voulu \u00eatre blonde une fois dans ma vie, j\u2019ai donc pu vivre cette exp\u00e9rience pendant un an.<em> (Rires)<\/em><\/p>\n<h3><em>La technique de Jack Martin<\/em><\/h3>\n<p><em>Il commence par utiliser un extracteur de couleurs pour \u00e9liminer toute trace de coloration artificielle. Ensuite, tout en pr\u00e9servant les racines grises, Jack Martin d\u00e9colore le reste des cheveux. Ensuite, et c&rsquo;est l\u00e0 l&rsquo;astuce, il se base sur la couleur grise naturelle des cheveux pour choisir la nouvelle teinte. Il faut trois \u00e0 quatre centim\u00e8tres de racines naturelles pour que l\u2019analyse soit probante. Il r\u00e9cr\u00e9e ensuite le motif sur toute la chevelure.<\/em><\/p>\n<h3><strong>Comment a r\u00e9agi votre entourage ? <\/strong><\/h3>\n<p>Mes deux meilleures amies \u00e9taient contre. \u00c0 part \u00e7a, je n&rsquo;ai re\u00e7u que des compliments. Je veille \u00e0 ce que mes cheveux soient sains. Si je me tiens dans la lumi\u00e8re d&rsquo;une certaine fa\u00e7on, mes cheveux blancs semblent m\u00eame parfois la refl\u00e9ter d\u2019une fa\u00e7on unique. Et quand je me maquille un peu, je n&rsquo;ai certainement pas l\u2019air plus vieux. En fait, \u00e7a ne me d\u00e9range pas du tout : nous vieillissons tous. Mona Chollet l&rsquo;a magnifiquement d\u00e9crit dans le livre \u00ab\u00a0Sorci\u00e8res\u00a0\u00bb ; la sorci\u00e8re, un arch\u00e9type misogyne qui a souvent fini sur le b\u00fbcher, incarne selon l\u2019autrice une figure de pouvoir positif pour la femme contemporaine. Apr\u00e8s tout, cette figure symbolique repr\u00e9sentait exactement ce qu&rsquo;une femme ne devait pas devenir : c\u00e9libataire, sans enfant, et reconnaissable \u00e0 ses rides et ses cheveux blancs. Et si elle envahissait le territoire des hommes avec ses connaissances et ses comp\u00e9tences, elle \u00e9tait \u00e0 nouveau tax\u00e9e de sorci\u00e8re. Un livre tr\u00e8s int\u00e9ressant qui permet de comprendre pourquoi les femmes se sont toujours donn\u00e9 tant de mal pour rester jeunes.<\/p>\n<h3><strong>Le comportement des gens a-t-il chang\u00e9 ?<\/strong><\/h3>\n<p>Oui\u00a0! Depuis que j&rsquo;ai les cheveux blancs, il y a toujours un homme grand et fort qui m&rsquo;aide \u00e0 porter mon v\u00e9lo ou ma valise dans les transports en commun. Mais c&rsquo;est juste pratique ! <em>(Rires)<\/em><\/p>\n<h3><strong>\u00c7a fait quoi d&rsquo;arr\u00eater de se teindre les cheveux ?<\/strong><\/h3>\n<p>\u00c7a procure un sentiment de libert\u00e9. Par ailleurs, c&rsquo;est plus naturel : finis les produits chimiques n\u00e9fastes pour ma sant\u00e9, pour celle de mon coiffeur et pour la plan\u00e8te. Aujourd\u2019hui, je me sens plus ancr\u00e9e. Il me semble contradictoire de manger bio et d&rsquo;utiliser des traitements capillaires chimiques. Je retrouve \u00e9galement le plaisir de prendre soin de ma chevelure ; chaque soir, j\u2019applique un peu d&rsquo;huile de noix de coco sur les pointes, ce que je ne faisais jamais auparavant. \u00c7a s\u2019apparente \u00e0 une routine agr\u00e9able de soins de la peau.<\/p>\n<div id=\"attachment_53921\" style=\"width: 497px\" class=\"wp-caption aligncenter\"><img loading=\"lazy\" decoding=\"async\" aria-describedby=\"caption-attachment-53921\" class=\"wp-image-53921\" src=\"https:\/\/www.fiftyandmemagazine.be\/fr\/wp-content\/uploads\/2022\/04\/BEA_ERCOLINI_PORTRAIT_OCTO_2020_91861-1.jpg\" alt=\"B\u00e9a Ercolini\" width=\"487\" height=\"682\" srcset=\"https:\/\/www.fiftyandmemagazine.be\/fr\/wp-content\/uploads\/2022\/04\/BEA_ERCOLINI_PORTRAIT_OCTO_2020_91861-1.jpg 1071w, https:\/\/www.fiftyandmemagazine.be\/fr\/wp-content\/uploads\/2022\/04\/BEA_ERCOLINI_PORTRAIT_OCTO_2020_91861-1-768x1076.jpg 768w\" sizes=\"auto, (max-width: 487px) 100vw, 487px\" \/><p id=\"caption-attachment-53921\" class=\"wp-caption-text\">Cr\u00e9dits : Nathalie Gabay<\/p><\/div>\n<h3><strong>Avez-vous d\u00e9j\u00e0 envisag\u00e9 de vous reteindre les cheveux en brun ?<\/strong><\/h3>\n<p>Certainement pas. J&rsquo;ai dit que si je devais repasser par cette transition, je m&rsquo;installerais d&rsquo;abord dans un autre pays. <em>(Rires)<\/em>. Mais non, je n\u2019en ai aucune envie.<\/p>\n<h3><strong>Andie MacDowell, Helen Mirren et Jodie Foster ont toutes trois affich\u00e9 fi\u00e8rement une crini\u00e8re grise au Festival de Cannes cette ann\u00e9e. Qu&rsquo;en avez-vous pens\u00e9 ?<\/strong><\/h3>\n<p>Je me r\u00e9jouis surtout pour les jeunes g\u00e9n\u00e9rations. \u00c7a m\u2019a fait penser \u00e0 ma fille de 25 ans qui m\u2019a dit un jour qu&rsquo;elle ne se souciait plus tellement de son apparence ni de ce que les autres en pensent. Le fait que ces trois femmes aient foul\u00e9 le tapis rouge avec leurs rides et leurs cheveux gris constitue un grand pas en avant dans ce sens. Arr\u00eatez de vous pr\u00e9occuper de ce que les autres pensent de vous. Arr\u00eatez de rentrer le ventre. Ce n&rsquo;est pas \u00e7a la d\u00e9finition d\u2019\u00ab\u00a0\u00eatre belle\u00a0\u00bb. \u00catre belle, pour moi, c&rsquo;est avant tout une belle fa\u00e7on de bouger, un beau sourire, c\u2019est \u00eatre soi-m\u00eame&#8230; Et je pense d\u2019ailleurs que ces trois femmes ont d\u00fb se sentir libres. Parce que le syst\u00e8me \u00e0 Hollywood n&rsquo;est pas toujours juste. Vous saviez qu\u2019un budget est souvent pr\u00e9vu dans leur contrat pour la chirurgie plastique ? \u00e7a me semble affreux.<\/p>\n<h3><strong>Vous venez de dire que vous utilisiez de l&rsquo;huile de coco sur vos cheveux. Y a-t-il autre chose qui les rende si brillants ?<\/strong><\/h3>\n<p>Je n&rsquo;applique l&rsquo;huile de coco que sur les longueurs. J\u2019\u00e9vite de les laver trop souvent et j&rsquo;utilise Blonde Recharge de Wella, c\u2019est un conseil de mon coiffeur. La premi\u00e8re fois, j&rsquo;ai \u00e9t\u00e9 tr\u00e8s surprise par sa couleur, car ce shampooing est violet. Mais son effet sur les cheveux gris et blancs est stup\u00e9fiant ! Et c&rsquo;est tout&#8230; Je pense que leur brillance tient principalement au fait que je n\u2019utilise plus de produits chimiques.<\/p>\n<h3><strong>Et je suppose qu\u2019un mode de vie sain y contribue ?<\/strong><\/h3>\n<p>En effet. Autrefois, je vivais avec un homme qui travaillait dans le domaine des m\u00e9dicaments anti-\u00e2ge. Par cons\u00e9quent, je prends depuis longtemps des compl\u00e9ments : zinc, magn\u00e9sium, hormone thyro\u00efdienne, DHEA&#8230;<\/p>\n<h3><strong>Avez-vous des conseils \u00e0 donner aux femmes qui envisagent d&rsquo;arr\u00eater de se teindre les cheveux ?<\/strong><\/h3>\n<p>Suivez votre voix int\u00e9rieure. Se sentir pr\u00eate, c&rsquo;est l\u2019\u00eatre. J\u2019encourage toujours les femmes \u00e0 s&rsquo;\u00e9couter, mais je peux comprendre que quand on vit avec un partenaire qui n\u2019aime pas les cheveux gris, c&rsquo;est compliqu\u00e9. Alors il s&rsquo;agit d&rsquo;abord de le ou la convaincre. On ne compte plus les belles photos en ligne, sur Pinterest et sur Instagram, de femmes branch\u00e9es aux beaux cheveux gris ou blancs. Voil\u00e0 largement de quoi convaincre cette autre personne, voire vous-m\u00eame si vous en avez encore besoin. J&rsquo;ai eu la chance que mon mari me soutienne dans cette d\u00e9marche. Il m&rsquo;a vraiment encourag\u00e9e \u00e0 franchir le pas. Et je ne l&rsquo;ai jamais regrett\u00e9.<\/p>\n<p>Cr\u00e9dits Photo \u00e0 la une : Nathalie Gabay<\/p>\n","protected":false},"excerpt":{"rendered":"<p><span class=\"span-reading-time rt-reading-time\" style=\"display: block;\"><span class=\"rt-label rt-prefix\">Reading Time: <\/span> <span class=\"rt-time\"> 5<\/span> <span class=\"rt-label rt-postfix\">minutes<\/span><\/span>B\u00e9a Ercolini (58 ans), fondatrice et ancienne r\u00e9dactrice en chef [&hellip;]<\/p>\n","protected":false},"author":18,"featured_media":53923,"comment_status":"open","ping_status":"closed","sticky":false,"template":"","format":"standard","meta":{"_lmt_disableupdate":"no","_lmt_disable":"","footnotes":""},"categories":[1103],"tags":[],"class_list":["post-53915","post","type-post","status-publish","format-standard","has-post-thumbnail","hentry","category-psycho"],"yoast_head":"<!-- This site is optimized with the Yoast SEO plugin v26.3 - https:\/\/yoast.com\/wordpress\/plugins\/seo\/ -->\n<title>B\u00e9a Ercolini : \u00ab Arr\u00eater de se teindre les cheveux procure un sentiment de libert\u00e9 \u00bb - Fifty &amp; Me MAGAZINE<\/title>\n<meta name=\"description\" content=\"Assumer pleinement ses cheveux gris ou les teindre ? C&#039;est un dilemme digne d\u2019Hamlet. B\u00e9a Ercolini nous raconte sa transition en douceur...\" \/>\n<meta name=\"robots\" content=\"index, follow, max-snippet:-1, max-image-preview:large, max-video-preview:-1\" \/>\n<link rel=\"canonical\" href=\"https:\/\/www.fiftyandmemagazine.be\/fr\/bien-etre\/psycho\/bea-ercolini-arreter-de-se-teindre-les-cheveux-procure-un-sentiment-de-liberte\" \/>\n<meta property=\"og:locale\" content=\"fr_FR\" \/>\n<meta property=\"og:type\" content=\"article\" \/>\n<meta property=\"og:title\" content=\"B\u00e9a Ercolini : \u00ab Arr\u00eater de se teindre les cheveux procure un sentiment de libert\u00e9 \u00bb - Fifty &amp; Me MAGAZINE\" \/>\n<meta property=\"og:description\" content=\"Assumer pleinement ses cheveux gris ou les teindre ? C&#039;est un dilemme digne d\u2019Hamlet. B\u00e9a Ercolini nous raconte sa transition en douceur...\" \/>\n<meta property=\"og:url\" content=\"https:\/\/www.fiftyandmemagazine.be\/fr\/bien-etre\/psycho\/bea-ercolini-arreter-de-se-teindre-les-cheveux-procure-un-sentiment-de-liberte\" \/>\n<meta property=\"og:site_name\" content=\"Fifty &amp; Me MAGAZINE\" \/>\n<meta property=\"article:published_time\" content=\"2022-05-06T04:56:09+00:00\" \/>\n<meta property=\"og:image\" content=\"https:\/\/www.fiftyandmemagazine.be\/fr\/wp-content\/uploads\/2022\/04\/bea_ercolini-1.jpg\" \/>\n\t<meta property=\"og:image:width\" content=\"1110\" \/>\n\t<meta property=\"og:image:height\" content=\"500\" \/>\n\t<meta property=\"og:image:type\" content=\"image\/jpeg\" \/>\n<meta name=\"author\" content=\"Lauren Soukiassian\" \/>\n<meta name=\"twitter:card\" content=\"summary_large_image\" \/>\n<meta name=\"twitter:label1\" content=\"\u00c9crit par\" \/>\n\t<meta name=\"twitter:data1\" content=\"Lauren Soukiassian\" \/>\n\t<meta name=\"twitter:label2\" content=\"Dur\u00e9e de lecture estim\u00e9e\" \/>\n\t<meta name=\"twitter:data2\" content=\"7 minutes\" \/>\n<script type=\"application\/ld+json\" class=\"yoast-schema-graph\">{\"@context\":\"https:\/\/schema.org\",\"@graph\":[{\"@type\":\"WebPage\",\"@id\":\"https:\/\/www.fiftyandmemagazine.be\/fr\/bien-etre\/psycho\/bea-ercolini-arreter-de-se-teindre-les-cheveux-procure-un-sentiment-de-liberte\",\"url\":\"https:\/\/www.fiftyandmemagazine.be\/fr\/bien-etre\/psycho\/bea-ercolini-arreter-de-se-teindre-les-cheveux-procure-un-sentiment-de-liberte\",\"name\":\"B\u00e9a Ercolini : \u00ab Arr\u00eater de se teindre les cheveux procure un sentiment de libert\u00e9 \u00bb - Fifty &amp; Me MAGAZINE\",\"isPartOf\":{\"@id\":\"https:\/\/www.fiftyandmemagazine.be\/fr\/#website\"},\"primaryImageOfPage\":{\"@id\":\"https:\/\/www.fiftyandmemagazine.be\/fr\/bien-etre\/psycho\/bea-ercolini-arreter-de-se-teindre-les-cheveux-procure-un-sentiment-de-liberte#primaryimage\"},\"image\":{\"@id\":\"https:\/\/www.fiftyandmemagazine.be\/fr\/bien-etre\/psycho\/bea-ercolini-arreter-de-se-teindre-les-cheveux-procure-un-sentiment-de-liberte#primaryimage\"},\"thumbnailUrl\":\"https:\/\/www.fiftyandmemagazine.be\/fr\/wp-content\/uploads\/2022\/04\/bea_ercolini-1.jpg\",\"datePublished\":\"2022-05-06T04:56:09+00:00\",\"author\":{\"@id\":\"https:\/\/www.fiftyandmemagazine.be\/fr\/#\/schema\/person\/ebc87c29599dd51d1bb53bc5a497e45d\"},\"description\":\"Assumer pleinement ses cheveux gris ou les teindre ? C'est un dilemme digne d\u2019Hamlet. B\u00e9a Ercolini nous raconte sa transition en douceur...\",\"breadcrumb\":{\"@id\":\"https:\/\/www.fiftyandmemagazine.be\/fr\/bien-etre\/psycho\/bea-ercolini-arreter-de-se-teindre-les-cheveux-procure-un-sentiment-de-liberte#breadcrumb\"},\"inLanguage\":\"fr-FR\",\"potentialAction\":[{\"@type\":\"ReadAction\",\"target\":[\"https:\/\/www.fiftyandmemagazine.be\/fr\/bien-etre\/psycho\/bea-ercolini-arreter-de-se-teindre-les-cheveux-procure-un-sentiment-de-liberte\"]}]},{\"@type\":\"ImageObject\",\"inLanguage\":\"fr-FR\",\"@id\":\"https:\/\/www.fiftyandmemagazine.be\/fr\/bien-etre\/psycho\/bea-ercolini-arreter-de-se-teindre-les-cheveux-procure-un-sentiment-de-liberte#primaryimage\",\"url\":\"https:\/\/www.fiftyandmemagazine.be\/fr\/wp-content\/uploads\/2022\/04\/bea_ercolini-1.jpg\",\"contentUrl\":\"https:\/\/www.fiftyandmemagazine.be\/fr\/wp-content\/uploads\/2022\/04\/bea_ercolini-1.jpg\",\"width\":1110,\"height\":500,\"caption\":\"b\u00e9a ercolini\"},{\"@type\":\"BreadcrumbList\",\"@id\":\"https:\/\/www.fiftyandmemagazine.be\/fr\/bien-etre\/psycho\/bea-ercolini-arreter-de-se-teindre-les-cheveux-procure-un-sentiment-de-liberte#breadcrumb\",\"itemListElement\":[{\"@type\":\"ListItem\",\"position\":1,\"name\":\"Bien-\u00catre\",\"item\":\"https:\/\/www.fiftyandmemagazine.be\/fr\/bien-etre\"},{\"@type\":\"ListItem\",\"position\":2,\"name\":\"Psycho\",\"item\":\"https:\/\/www.fiftyandmemagazine.be\/fr\/bien-etre\/psycho\"},{\"@type\":\"ListItem\",\"position\":3,\"name\":\"B\u00e9a Ercolini : \u00ab Arr\u00eater de se teindre les cheveux procure un sentiment de libert\u00e9 \u00bb\"}]},{\"@type\":\"WebSite\",\"@id\":\"https:\/\/www.fiftyandmemagazine.be\/fr\/#website\",\"url\":\"https:\/\/www.fiftyandmemagazine.be\/fr\/\",\"name\":\"Fifty &amp; Me MAGAZINE\",\"description\":\"Et si la vie commen\u00e7ait \u00e0 50 ans ?\",\"potentialAction\":[{\"@type\":\"SearchAction\",\"target\":{\"@type\":\"EntryPoint\",\"urlTemplate\":\"https:\/\/www.fiftyandmemagazine.be\/fr\/?s={search_term_string}\"},\"query-input\":{\"@type\":\"PropertyValueSpecification\",\"valueRequired\":true,\"valueName\":\"search_term_string\"}}],\"inLanguage\":\"fr-FR\"},{\"@type\":\"Person\",\"@id\":\"https:\/\/www.fiftyandmemagazine.be\/fr\/#\/schema\/person\/ebc87c29599dd51d1bb53bc5a497e45d\",\"name\":\"Lauren Soukiassian\",\"url\":\"https:\/\/www.fiftyandmemagazine.be\/fr\/author\/lauren\"}]}<\/script>\n<!-- \/ Yoast SEO plugin. -->","yoast_head_json":{"title":"B\u00e9a Ercolini : \u00ab Arr\u00eater de se teindre les cheveux procure un sentiment de libert\u00e9 \u00bb - Fifty &amp; Me MAGAZINE","description":"Assumer pleinement ses cheveux gris ou les teindre ? C'est un dilemme digne d\u2019Hamlet. B\u00e9a Ercolini nous raconte sa transition en douceur...","robots":{"index":"index","follow":"follow","max-snippet":"max-snippet:-1","max-image-preview":"max-image-preview:large","max-video-preview":"max-video-preview:-1"},"canonical":"https:\/\/www.fiftyandmemagazine.be\/fr\/bien-etre\/psycho\/bea-ercolini-arreter-de-se-teindre-les-cheveux-procure-un-sentiment-de-liberte","og_locale":"fr_FR","og_type":"article","og_title":"B\u00e9a Ercolini : \u00ab Arr\u00eater de se teindre les cheveux procure un sentiment de libert\u00e9 \u00bb - Fifty &amp; Me MAGAZINE","og_description":"Assumer pleinement ses cheveux gris ou les teindre ? C'est un dilemme digne d\u2019Hamlet. B\u00e9a Ercolini nous raconte sa transition en douceur...","og_url":"https:\/\/www.fiftyandmemagazine.be\/fr\/bien-etre\/psycho\/bea-ercolini-arreter-de-se-teindre-les-cheveux-procure-un-sentiment-de-liberte","og_site_name":"Fifty &amp; Me MAGAZINE","article_published_time":"2022-05-06T04:56:09+00:00","og_image":[{"width":1110,"height":500,"url":"https:\/\/www.fiftyandmemagazine.be\/fr\/wp-content\/uploads\/2022\/04\/bea_ercolini-1.jpg","type":"image\/jpeg"}],"author":"Lauren Soukiassian","twitter_card":"summary_large_image","twitter_misc":{"\u00c9crit par":"Lauren Soukiassian","Dur\u00e9e de lecture estim\u00e9e":"7 minutes"},"schema":{"@context":"https:\/\/schema.org","@graph":[{"@type":"WebPage","@id":"https:\/\/www.fiftyandmemagazine.be\/fr\/bien-etre\/psycho\/bea-ercolini-arreter-de-se-teindre-les-cheveux-procure-un-sentiment-de-liberte","url":"https:\/\/www.fiftyandmemagazine.be\/fr\/bien-etre\/psycho\/bea-ercolini-arreter-de-se-teindre-les-cheveux-procure-un-sentiment-de-liberte","name":"B\u00e9a Ercolini : \u00ab Arr\u00eater de se teindre les cheveux procure un sentiment de libert\u00e9 \u00bb - Fifty &amp; Me MAGAZINE","isPartOf":{"@id":"https:\/\/www.fiftyandmemagazine.be\/fr\/#website"},"primaryImageOfPage":{"@id":"https:\/\/www.fiftyandmemagazine.be\/fr\/bien-etre\/psycho\/bea-ercolini-arreter-de-se-teindre-les-cheveux-procure-un-sentiment-de-liberte#primaryimage"},"image":{"@id":"https:\/\/www.fiftyandmemagazine.be\/fr\/bien-etre\/psycho\/bea-ercolini-arreter-de-se-teindre-les-cheveux-procure-un-sentiment-de-liberte#primaryimage"},"thumbnailUrl":"https:\/\/www.fiftyandmemagazine.be\/fr\/wp-content\/uploads\/2022\/04\/bea_ercolini-1.jpg","datePublished":"2022-05-06T04:56:09+00:00","author":{"@id":"https:\/\/www.fiftyandmemagazine.be\/fr\/#\/schema\/person\/ebc87c29599dd51d1bb53bc5a497e45d"},"description":"Assumer pleinement ses cheveux gris ou les teindre ? C'est un dilemme digne d\u2019Hamlet. B\u00e9a Ercolini nous raconte sa transition en douceur...","breadcrumb":{"@id":"https:\/\/www.fiftyandmemagazine.be\/fr\/bien-etre\/psycho\/bea-ercolini-arreter-de-se-teindre-les-cheveux-procure-un-sentiment-de-liberte#breadcrumb"},"inLanguage":"fr-FR","potentialAction":[{"@type":"ReadAction","target":["https:\/\/www.fiftyandmemagazine.be\/fr\/bien-etre\/psycho\/bea-ercolini-arreter-de-se-teindre-les-cheveux-procure-un-sentiment-de-liberte"]}]},{"@type":"ImageObject","inLanguage":"fr-FR","@id":"https:\/\/www.fiftyandmemagazine.be\/fr\/bien-etre\/psycho\/bea-ercolini-arreter-de-se-teindre-les-cheveux-procure-un-sentiment-de-liberte#primaryimage","url":"https:\/\/www.fiftyandmemagazine.be\/fr\/wp-content\/uploads\/2022\/04\/bea_ercolini-1.jpg","contentUrl":"https:\/\/www.fiftyandmemagazine.be\/fr\/wp-content\/uploads\/2022\/04\/bea_ercolini-1.jpg","width":1110,"height":500,"caption":"b\u00e9a ercolini"},{"@type":"BreadcrumbList","@id":"https:\/\/www.fiftyandmemagazine.be\/fr\/bien-etre\/psycho\/bea-ercolini-arreter-de-se-teindre-les-cheveux-procure-un-sentiment-de-liberte#breadcrumb","itemListElement":[{"@type":"ListItem","position":1,"name":"Bien-\u00catre","item":"https:\/\/www.fiftyandmemagazine.be\/fr\/bien-etre"},{"@type":"ListItem","position":2,"name":"Psycho","item":"https:\/\/www.fiftyandmemagazine.be\/fr\/bien-etre\/psycho"},{"@type":"ListItem","position":3,"name":"B\u00e9a Ercolini : \u00ab Arr\u00eater de se teindre les cheveux procure un sentiment de libert\u00e9 \u00bb"}]},{"@type":"WebSite","@id":"https:\/\/www.fiftyandmemagazine.be\/fr\/#website","url":"https:\/\/www.fiftyandmemagazine.be\/fr\/","name":"Fifty &amp; Me MAGAZINE","description":"Et si la vie commen\u00e7ait \u00e0 50 ans ?","potentialAction":[{"@type":"SearchAction","target":{"@type":"EntryPoint","urlTemplate":"https:\/\/www.fiftyandmemagazine.be\/fr\/?s={search_term_string}"},"query-input":{"@type":"PropertyValueSpecification","valueRequired":true,"valueName":"search_term_string"}}],"inLanguage":"fr-FR"},{"@type":"Person","@id":"https:\/\/www.fiftyandmemagazine.be\/fr\/#\/schema\/person\/ebc87c29599dd51d1bb53bc5a497e45d","name":"Lauren Soukiassian","url":"https:\/\/www.fiftyandmemagazine.be\/fr\/author\/lauren"}]}},"modified_by":"Lauren Soukiassian","_links":{"self":[{"href":"https:\/\/www.fiftyandmemagazine.be\/fr\/wp-json\/wp\/v2\/posts\/53915","targetHints":{"allow":["GET"]}}],"collection":[{"href":"https:\/\/www.fiftyandmemagazine.be\/fr\/wp-json\/wp\/v2\/posts"}],"about":[{"href":"https:\/\/www.fiftyandmemagazine.be\/fr\/wp-json\/wp\/v2\/types\/post"}],"author":[{"embeddable":true,"href":"https:\/\/www.fiftyandmemagazine.be\/fr\/wp-json\/wp\/v2\/users\/18"}],"replies":[{"embeddable":true,"href":"https:\/\/www.fiftyandmemagazine.be\/fr\/wp-json\/wp\/v2\/comments?post=53915"}],"version-history":[{"count":5,"href":"https:\/\/www.fiftyandmemagazine.be\/fr\/wp-json\/wp\/v2\/posts\/53915\/revisions"}],"predecessor-version":[{"id":53924,"href":"https:\/\/www.fiftyandmemagazine.be\/fr\/wp-json\/wp\/v2\/posts\/53915\/revisions\/53924"}],"wp:featuredmedia":[{"embeddable":true,"href":"https:\/\/www.fiftyandmemagazine.be\/fr\/wp-json\/wp\/v2\/media\/53923"}],"wp:attachment":[{"href":"https:\/\/www.fiftyandmemagazine.be\/fr\/wp-json\/wp\/v2\/media?parent=53915"}],"wp:term":[{"taxonomy":"category","embeddable":true,"href":"https:\/\/www.fiftyandmemagazine.be\/fr\/wp-json\/wp\/v2\/categories?post=53915"},{"taxonomy":"post_tag","embeddable":true,"href":"https:\/\/www.fiftyandmemagazine.be\/fr\/wp-json\/wp\/v2\/tags?post=53915"}],"curies":[{"name":"wp","href":"https:\/\/api.w.org\/{rel}","templated":true}]}}