{"id":6139,"date":"2016-01-29T09:30:57","date_gmt":"2016-01-29T08:30:57","guid":{"rendered":"http:\/\/www.life-magazine.be\/fr\/?p=6139"},"modified":"2018-03-07T15:11:59","modified_gmt":"2018-03-07T14:11:59","slug":"beau-et-bien-a-la-fois","status":"publish","type":"post","link":"https:\/\/www.fiftyandmemagazine.be\/fr\/bien-etre\/home\/beau-et-bien-a-la-fois","title":{"rendered":"Beau et bien \u00e0 la fois"},"content":{"rendered":"<span class=\"span-reading-time rt-reading-time\" style=\"display: block;\"><span class=\"rt-label rt-prefix\">Reading Time: <\/span> <span class=\"rt-time\"> 2<\/span> <span class=\"rt-label rt-postfix\">minutes<\/span><\/span><p style=\"text-align: justify;\"><strong><span style=\"color: #ff6600;\">L<\/span>\u2019am\u00e9nagement et l\u2019organisation des espaces de bureaux rel\u00e8vent autant de consid\u00e9rations esth\u00e9tiques que de crit\u00e8res fonctionnels. La fonction cr\u00e9e la forme. Sachant que notre environnement de travail influe directement sur notre rendement, autant en tenir compte directement.<\/strong><\/p>\n<p style=\"text-align: right;\"><em>Par Raoul Buyle<\/em><\/p>\n<h2 style=\"text-align: left;\"><span style=\"color: #ff6600;\"><strong>Depuis 50 ans<\/strong><\/span><\/h2>\n<p style=\"text-align: justify;\">Avec ses rangements et ses bureaux relevables m\u00e9caniquement, USM apporte une r\u00e9ponse aux nouveaux d\u00e9fis du monde professionnel\u00a0: ergonomie des postes de travail, adaptation aux diff\u00e9rents besoins, d\u00e9veloppement durable\u00a0; c\/o Must \u2013 <a href=\"http:\/\/www.must-online.be\" target=\"_blank\">www.must-online.be<\/a><\/p>\n<p><img loading=\"lazy\" decoding=\"async\" class=\"  wp-image-6143 aligncenter\" src=\"http:\/\/www.life-magazine.be\/fr\/wp-content\/uploads\/2015\/07\/2-Hulsta-Home-Office-Mega-design-life-magazine.jpg\" alt=\"(2)-Hulsta-Home-Office-Mega-design-life-magazine\" width=\"226\" height=\"297\" srcset=\"https:\/\/www.fiftyandmemagazine.be\/fr\/wp-content\/uploads\/2015\/07\/2-Hulsta-Home-Office-Mega-design-life-magazine.jpg 600w, https:\/\/www.fiftyandmemagazine.be\/fr\/wp-content\/uploads\/2015\/07\/2-Hulsta-Home-Office-Mega-design-life-magazine-315x415.jpg 315w\" sizes=\"auto, (max-width: 226px) 100vw, 226px\" \/><\/p>\n<h2><span style=\"color: #ff6600;\"><strong>Travailler chez soi<\/strong><\/span><\/h2>\n<p style=\"text-align: justify;\">Mobilier et am\u00e9nagement H\u00fclsta Home Office Mega Design\u00a0; <a href=\"http:\/\/www.huelsta.be\" target=\"_blank\">www.huelsta.be<\/a><\/p>\n<p><img loading=\"lazy\" decoding=\"async\" class=\"  wp-image-6144 aligncenter\" src=\"http:\/\/www.life-magazine.be\/fr\/wp-content\/uploads\/2015\/07\/3-MDF-Italia-Desk-Composition-life-magazine.jpg\" alt=\"(3)-MDF-Italia-Desk-Composition-life-magazine\" width=\"346\" height=\"231\" srcset=\"https:\/\/www.fiftyandmemagazine.be\/fr\/wp-content\/uploads\/2015\/07\/3-MDF-Italia-Desk-Composition-life-magazine.jpg 600w, https:\/\/www.fiftyandmemagazine.be\/fr\/wp-content\/uploads\/2015\/07\/3-MDF-Italia-Desk-Composition-life-magazine-315x210.jpg 315w, https:\/\/www.fiftyandmemagazine.be\/fr\/wp-content\/uploads\/2015\/07\/3-MDF-Italia-Desk-Composition-life-magazine-450x300.jpg 450w\" sizes=\"auto, (max-width: 346px) 100vw, 346px\" \/><\/p>\n<h2><span style=\"color: #ff6600;\"><strong>Classicisme moderne<\/strong><\/span><\/h2>\n<p style=\"text-align: justify;\">Aussi \u00e0 l\u2019aise dans le r\u00e9sidentiel que dans les am\u00e9nagements d\u2019espaces de travail, le mobilier MDF Italia associe le beau au fonctionnel dans un esprit de sobri\u00e9t\u00e9 parfaitement ma\u00eetris\u00e9\u00a0; <a href=\"http:\/\/www.mdfitalia.it\" target=\"_blank\">www.mdfitalia.it<\/a><\/p>\n<h2><img loading=\"lazy\" decoding=\"async\" class=\"  wp-image-6148 aligncenter\" src=\"http:\/\/www.life-magazine.be\/fr\/wp-content\/uploads\/2015\/07\/4-ceka-office-furniture-life-magazine.jpg\" alt=\"(4)-ceka-office-furniture-life-magazine\" width=\"338\" height=\"250\" srcset=\"https:\/\/www.fiftyandmemagazine.be\/fr\/wp-content\/uploads\/2015\/07\/4-ceka-office-furniture-life-magazine.jpg 600w, https:\/\/www.fiftyandmemagazine.be\/fr\/wp-content\/uploads\/2015\/07\/4-ceka-office-furniture-life-magazine-315x234.jpg 315w\" sizes=\"auto, (max-width: 338px) 100vw, 338px\" \/><\/h2>\n<h2><span style=\"color: #ff6600;\"><strong><span style=\"color: #ff6600;\"><br \/>\nEn parfaite harmonie<\/span><\/strong><\/span><\/h2>\n<p style=\"text-align: justify;\">Du chic et de la rigueur jusque dans l\u2019am\u00e9nagement du bureau, le travail de Bruno Thiebauld est l\u2019un des plus aboutis de la nouvelle g\u00e9n\u00e9ration des d\u00e9corateurs bruxellois<\/p>\n<h2><img loading=\"lazy\" decoding=\"async\" class=\"  wp-image-6153 aligncenter\" src=\"http:\/\/www.life-magazine.be\/fr\/wp-content\/uploads\/2015\/07\/8-usm-executive-office_1-life-magazine.jpg\" alt=\"(8)-usm-executive-office_1-life-magazine\" width=\"364\" height=\"246\" srcset=\"https:\/\/www.fiftyandmemagazine.be\/fr\/wp-content\/uploads\/2015\/07\/8-usm-executive-office_1-life-magazine.jpg 600w, https:\/\/www.fiftyandmemagazine.be\/fr\/wp-content\/uploads\/2015\/07\/8-usm-executive-office_1-life-magazine-315x213.jpg 315w\" sizes=\"auto, (max-width: 364px) 100vw, 364px\" \/><\/h2>\n<h2><span style=\"color: #ff6600;\"><strong>Moderne \u00e0 vie <\/strong><\/span><\/h2>\n<p style=\"text-align: justify;\">Expos\u00e9e dans les plus grands mus\u00e9es du monde, la lampe Pipistrello de l\u2019architecte Gae Aulenti (ici, en version mini) est devenue culte. On l\u2019a aim\u00e9e hier, on l\u2019aime toujours aujourd\u2019hui\u00a0; <a href=\"http:\/\/www.martinelliluce.it\" target=\"_blank\">www.martinelliluce.it<\/a><\/p>\n<p style=\"text-align: justify;\"><img loading=\"lazy\" decoding=\"async\" class=\"  wp-image-6154 aligncenter\" src=\"http:\/\/www.life-magazine.be\/fr\/wp-content\/uploads\/2015\/07\/9-MINI-PIPISTRELLO-Martinelli-Luce-life-magazine.jpg\" alt=\"(9)-MINI-PIPISTRELLO-(Martinelli-Luce)-life-magazine\" width=\"377\" height=\"251\" srcset=\"https:\/\/www.fiftyandmemagazine.be\/fr\/wp-content\/uploads\/2015\/07\/9-MINI-PIPISTRELLO-Martinelli-Luce-life-magazine.jpg 600w, https:\/\/www.fiftyandmemagazine.be\/fr\/wp-content\/uploads\/2015\/07\/9-MINI-PIPISTRELLO-Martinelli-Luce-life-magazine-315x210.jpg 315w, https:\/\/www.fiftyandmemagazine.be\/fr\/wp-content\/uploads\/2015\/07\/9-MINI-PIPISTRELLO-Martinelli-Luce-life-magazine-450x300.jpg 450w\" sizes=\"auto, (max-width: 377px) 100vw, 377px\" \/><\/p>\n<hr \/>\n<p><em>Article paru dans le Art&amp;D\u00e9coration n\u00b0507<\/em><\/p>\n","protected":false},"excerpt":{"rendered":"<p><span class=\"span-reading-time rt-reading-time\" style=\"display: block;\"><span class=\"rt-label rt-prefix\">Reading Time: <\/span> <span class=\"rt-time\"> 2<\/span> <span class=\"rt-label rt-postfix\">minutes<\/span><\/span>L\u2019am\u00e9nagement et l\u2019organisation des espaces de bureaux rel\u00e8vent autant de consid\u00e9rations esth\u00e9tiques que de crit\u00e8res fonctionnels. La fonction cr\u00e9e la forme. Sachant que notre environnement de travail influe directement sur notre rendement, autant en tenir compte directement.<\/p>\n","protected":false},"author":2,"featured_media":6159,"comment_status":"open","ping_status":"closed","sticky":false,"template":"","format":"standard","meta":{"_lmt_disableupdate":"","_lmt_disable":"","footnotes":""},"categories":[1136],"tags":[271],"class_list":["post-6139","post","type-post","status-publish","format-standard","has-post-thumbnail","hentry","category-home","tag-decoration"],"yoast_head":"<!-- This site is optimized with the Yoast SEO plugin v26.3 - https:\/\/yoast.com\/wordpress\/plugins\/seo\/ -->\n<title>Beau et bien \u00e0 la fois - Fifty &amp; Me MAGAZINE<\/title>\n<meta name=\"robots\" content=\"index, follow, max-snippet:-1, max-image-preview:large, max-video-preview:-1\" \/>\n<link rel=\"canonical\" href=\"https:\/\/www.fiftyandmemagazine.be\/fr\/bien-etre\/home\/beau-et-bien-a-la-fois\" \/>\n<meta property=\"og:locale\" content=\"fr_FR\" \/>\n<meta property=\"og:type\" content=\"article\" \/>\n<meta property=\"og:title\" content=\"Beau et bien \u00e0 la fois - Fifty &amp; Me MAGAZINE\" \/>\n<meta property=\"og:description\" content=\"Reading Time:  2 minutesL\u2019am\u00e9nagement et l\u2019organisation des espaces de bureaux rel\u00e8vent autant de consid\u00e9rations esth\u00e9tiques que de crit\u00e8res fonctionnels. La fonction cr\u00e9e la forme. Sachant que notre environnement de travail influe directement sur notre rendement, autant en tenir compte directement.\" \/>\n<meta property=\"og:url\" content=\"https:\/\/www.fiftyandmemagazine.be\/fr\/bien-etre\/home\/beau-et-bien-a-la-fois\" \/>\n<meta property=\"og:site_name\" content=\"Fifty &amp; Me MAGAZINE\" \/>\n<meta property=\"article:published_time\" content=\"2016-01-29T08:30:57+00:00\" \/>\n<meta property=\"article:modified_time\" content=\"2018-03-07T14:11:59+00:00\" \/>\n<meta property=\"og:image\" content=\"https:\/\/www.fiftyandmemagazine.be\/fr\/wp-content\/uploads\/2015\/07\/une-life-magazine-art-et-deco.jpg\" \/>\n\t<meta property=\"og:image:width\" content=\"600\" \/>\n\t<meta property=\"og:image:height\" content=\"520\" \/>\n\t<meta property=\"og:image:type\" content=\"image\/jpeg\" \/>\n<meta name=\"author\" content=\"Ga\u00eblle Mauroit\" \/>\n<meta name=\"twitter:card\" content=\"summary_large_image\" \/>\n<meta name=\"twitter:label1\" content=\"\u00c9crit par\" \/>\n\t<meta name=\"twitter:data1\" content=\"Ga\u00eblle Mauroit\" \/>\n\t<meta name=\"twitter:label2\" content=\"Dur\u00e9e de lecture estim\u00e9e\" \/>\n\t<meta name=\"twitter:data2\" content=\"1 minute\" \/>\n<script type=\"application\/ld+json\" class=\"yoast-schema-graph\">{\"@context\":\"https:\/\/schema.org\",\"@graph\":[{\"@type\":\"WebPage\",\"@id\":\"https:\/\/www.fiftyandmemagazine.be\/fr\/bien-etre\/home\/beau-et-bien-a-la-fois\",\"url\":\"https:\/\/www.fiftyandmemagazine.be\/fr\/bien-etre\/home\/beau-et-bien-a-la-fois\",\"name\":\"Beau et bien \u00e0 la fois - Fifty &amp; Me MAGAZINE\",\"isPartOf\":{\"@id\":\"https:\/\/www.fiftyandmemagazine.be\/fr\/#website\"},\"primaryImageOfPage\":{\"@id\":\"https:\/\/www.fiftyandmemagazine.be\/fr\/bien-etre\/home\/beau-et-bien-a-la-fois#primaryimage\"},\"image\":{\"@id\":\"https:\/\/www.fiftyandmemagazine.be\/fr\/bien-etre\/home\/beau-et-bien-a-la-fois#primaryimage\"},\"thumbnailUrl\":\"https:\/\/www.fiftyandmemagazine.be\/fr\/wp-content\/uploads\/2015\/07\/une-life-magazine-art-et-deco.jpg\",\"datePublished\":\"2016-01-29T08:30:57+00:00\",\"dateModified\":\"2018-03-07T14:11:59+00:00\",\"author\":{\"@id\":\"https:\/\/www.fiftyandmemagazine.be\/fr\/#\/schema\/person\/d73538edb012161ebf7d953b667bb15b\"},\"breadcrumb\":{\"@id\":\"https:\/\/www.fiftyandmemagazine.be\/fr\/bien-etre\/home\/beau-et-bien-a-la-fois#breadcrumb\"},\"inLanguage\":\"fr-FR\",\"potentialAction\":[{\"@type\":\"ReadAction\",\"target\":[\"https:\/\/www.fiftyandmemagazine.be\/fr\/bien-etre\/home\/beau-et-bien-a-la-fois\"]}]},{\"@type\":\"ImageObject\",\"inLanguage\":\"fr-FR\",\"@id\":\"https:\/\/www.fiftyandmemagazine.be\/fr\/bien-etre\/home\/beau-et-bien-a-la-fois#primaryimage\",\"url\":\"https:\/\/www.fiftyandmemagazine.be\/fr\/wp-content\/uploads\/2015\/07\/une-life-magazine-art-et-deco.jpg\",\"contentUrl\":\"https:\/\/www.fiftyandmemagazine.be\/fr\/wp-content\/uploads\/2015\/07\/une-life-magazine-art-et-deco.jpg\",\"width\":600,\"height\":520},{\"@type\":\"BreadcrumbList\",\"@id\":\"https:\/\/www.fiftyandmemagazine.be\/fr\/bien-etre\/home\/beau-et-bien-a-la-fois#breadcrumb\",\"itemListElement\":[{\"@type\":\"ListItem\",\"position\":1,\"name\":\"Bien-\u00catre\",\"item\":\"https:\/\/www.fiftyandmemagazine.be\/fr\/bien-etre\"},{\"@type\":\"ListItem\",\"position\":2,\"name\":\"Home\",\"item\":\"https:\/\/www.fiftyandmemagazine.be\/fr\/bien-etre\/home\"},{\"@type\":\"ListItem\",\"position\":3,\"name\":\"Beau et bien \u00e0 la fois\"}]},{\"@type\":\"WebSite\",\"@id\":\"https:\/\/www.fiftyandmemagazine.be\/fr\/#website\",\"url\":\"https:\/\/www.fiftyandmemagazine.be\/fr\/\",\"name\":\"Fifty &amp; Me MAGAZINE\",\"description\":\"Et si la vie commen\u00e7ait \u00e0 50 ans ?\",\"potentialAction\":[{\"@type\":\"SearchAction\",\"target\":{\"@type\":\"EntryPoint\",\"urlTemplate\":\"https:\/\/www.fiftyandmemagazine.be\/fr\/?s={search_term_string}\"},\"query-input\":{\"@type\":\"PropertyValueSpecification\",\"valueRequired\":true,\"valueName\":\"search_term_string\"}}],\"inLanguage\":\"fr-FR\"},{\"@type\":\"Person\",\"@id\":\"https:\/\/www.fiftyandmemagazine.be\/fr\/#\/schema\/person\/d73538edb012161ebf7d953b667bb15b\",\"name\":\"Ga\u00eblle Mauroit\",\"url\":\"https:\/\/www.fiftyandmemagazine.be\/fr\/author\/gaelle\"}]}<\/script>\n<!-- \/ Yoast SEO plugin. -->","yoast_head_json":{"title":"Beau et bien \u00e0 la fois - Fifty &amp; Me MAGAZINE","robots":{"index":"index","follow":"follow","max-snippet":"max-snippet:-1","max-image-preview":"max-image-preview:large","max-video-preview":"max-video-preview:-1"},"canonical":"https:\/\/www.fiftyandmemagazine.be\/fr\/bien-etre\/home\/beau-et-bien-a-la-fois","og_locale":"fr_FR","og_type":"article","og_title":"Beau et bien \u00e0 la fois - Fifty &amp; Me MAGAZINE","og_description":"Reading Time:  2 minutesL\u2019am\u00e9nagement et l\u2019organisation des espaces de bureaux rel\u00e8vent autant de consid\u00e9rations esth\u00e9tiques que de crit\u00e8res fonctionnels. La fonction cr\u00e9e la forme. Sachant que notre environnement de travail influe directement sur notre rendement, autant en tenir compte directement.","og_url":"https:\/\/www.fiftyandmemagazine.be\/fr\/bien-etre\/home\/beau-et-bien-a-la-fois","og_site_name":"Fifty &amp; Me MAGAZINE","article_published_time":"2016-01-29T08:30:57+00:00","article_modified_time":"2018-03-07T14:11:59+00:00","og_image":[{"width":600,"height":520,"url":"https:\/\/www.fiftyandmemagazine.be\/fr\/wp-content\/uploads\/2015\/07\/une-life-magazine-art-et-deco.jpg","type":"image\/jpeg"}],"author":"Ga\u00eblle Mauroit","twitter_card":"summary_large_image","twitter_misc":{"\u00c9crit par":"Ga\u00eblle Mauroit","Dur\u00e9e de lecture estim\u00e9e":"1 minute"},"schema":{"@context":"https:\/\/schema.org","@graph":[{"@type":"WebPage","@id":"https:\/\/www.fiftyandmemagazine.be\/fr\/bien-etre\/home\/beau-et-bien-a-la-fois","url":"https:\/\/www.fiftyandmemagazine.be\/fr\/bien-etre\/home\/beau-et-bien-a-la-fois","name":"Beau et bien \u00e0 la fois - Fifty &amp; Me MAGAZINE","isPartOf":{"@id":"https:\/\/www.fiftyandmemagazine.be\/fr\/#website"},"primaryImageOfPage":{"@id":"https:\/\/www.fiftyandmemagazine.be\/fr\/bien-etre\/home\/beau-et-bien-a-la-fois#primaryimage"},"image":{"@id":"https:\/\/www.fiftyandmemagazine.be\/fr\/bien-etre\/home\/beau-et-bien-a-la-fois#primaryimage"},"thumbnailUrl":"https:\/\/www.fiftyandmemagazine.be\/fr\/wp-content\/uploads\/2015\/07\/une-life-magazine-art-et-deco.jpg","datePublished":"2016-01-29T08:30:57+00:00","dateModified":"2018-03-07T14:11:59+00:00","author":{"@id":"https:\/\/www.fiftyandmemagazine.be\/fr\/#\/schema\/person\/d73538edb012161ebf7d953b667bb15b"},"breadcrumb":{"@id":"https:\/\/www.fiftyandmemagazine.be\/fr\/bien-etre\/home\/beau-et-bien-a-la-fois#breadcrumb"},"inLanguage":"fr-FR","potentialAction":[{"@type":"ReadAction","target":["https:\/\/www.fiftyandmemagazine.be\/fr\/bien-etre\/home\/beau-et-bien-a-la-fois"]}]},{"@type":"ImageObject","inLanguage":"fr-FR","@id":"https:\/\/www.fiftyandmemagazine.be\/fr\/bien-etre\/home\/beau-et-bien-a-la-fois#primaryimage","url":"https:\/\/www.fiftyandmemagazine.be\/fr\/wp-content\/uploads\/2015\/07\/une-life-magazine-art-et-deco.jpg","contentUrl":"https:\/\/www.fiftyandmemagazine.be\/fr\/wp-content\/uploads\/2015\/07\/une-life-magazine-art-et-deco.jpg","width":600,"height":520},{"@type":"BreadcrumbList","@id":"https:\/\/www.fiftyandmemagazine.be\/fr\/bien-etre\/home\/beau-et-bien-a-la-fois#breadcrumb","itemListElement":[{"@type":"ListItem","position":1,"name":"Bien-\u00catre","item":"https:\/\/www.fiftyandmemagazine.be\/fr\/bien-etre"},{"@type":"ListItem","position":2,"name":"Home","item":"https:\/\/www.fiftyandmemagazine.be\/fr\/bien-etre\/home"},{"@type":"ListItem","position":3,"name":"Beau et bien \u00e0 la fois"}]},{"@type":"WebSite","@id":"https:\/\/www.fiftyandmemagazine.be\/fr\/#website","url":"https:\/\/www.fiftyandmemagazine.be\/fr\/","name":"Fifty &amp; Me MAGAZINE","description":"Et si la vie commen\u00e7ait \u00e0 50 ans ?","potentialAction":[{"@type":"SearchAction","target":{"@type":"EntryPoint","urlTemplate":"https:\/\/www.fiftyandmemagazine.be\/fr\/?s={search_term_string}"},"query-input":{"@type":"PropertyValueSpecification","valueRequired":true,"valueName":"search_term_string"}}],"inLanguage":"fr-FR"},{"@type":"Person","@id":"https:\/\/www.fiftyandmemagazine.be\/fr\/#\/schema\/person\/d73538edb012161ebf7d953b667bb15b","name":"Ga\u00eblle Mauroit","url":"https:\/\/www.fiftyandmemagazine.be\/fr\/author\/gaelle"}]}},"modified_by":"Laurie Deboelpaep","_links":{"self":[{"href":"https:\/\/www.fiftyandmemagazine.be\/fr\/wp-json\/wp\/v2\/posts\/6139","targetHints":{"allow":["GET"]}}],"collection":[{"href":"https:\/\/www.fiftyandmemagazine.be\/fr\/wp-json\/wp\/v2\/posts"}],"about":[{"href":"https:\/\/www.fiftyandmemagazine.be\/fr\/wp-json\/wp\/v2\/types\/post"}],"author":[{"embeddable":true,"href":"https:\/\/www.fiftyandmemagazine.be\/fr\/wp-json\/wp\/v2\/users\/2"}],"replies":[{"embeddable":true,"href":"https:\/\/www.fiftyandmemagazine.be\/fr\/wp-json\/wp\/v2\/comments?post=6139"}],"version-history":[{"count":0,"href":"https:\/\/www.fiftyandmemagazine.be\/fr\/wp-json\/wp\/v2\/posts\/6139\/revisions"}],"wp:featuredmedia":[{"embeddable":true,"href":"https:\/\/www.fiftyandmemagazine.be\/fr\/wp-json\/wp\/v2\/media\/6159"}],"wp:attachment":[{"href":"https:\/\/www.fiftyandmemagazine.be\/fr\/wp-json\/wp\/v2\/media?parent=6139"}],"wp:term":[{"taxonomy":"category","embeddable":true,"href":"https:\/\/www.fiftyandmemagazine.be\/fr\/wp-json\/wp\/v2\/categories?post=6139"},{"taxonomy":"post_tag","embeddable":true,"href":"https:\/\/www.fiftyandmemagazine.be\/fr\/wp-json\/wp\/v2\/tags?post=6139"}],"curies":[{"name":"wp","href":"https:\/\/api.w.org\/{rel}","templated":true}]}}