{"id":6180,"date":"2015-12-07T09:38:57","date_gmt":"2015-12-07T08:38:57","guid":{"rendered":"http:\/\/www.life-magazine.be\/fr\/?p=6180"},"modified":"2018-12-14T11:22:43","modified_gmt":"2018-12-14T10:22:43","slug":"lesprit-de-famille-ca-se-fete","status":"publish","type":"post","link":"https:\/\/www.fiftyandmemagazine.be\/fr\/bien-etre\/lesprit-de-famille-ca-se-fete","title":{"rendered":"F\u00eates : L&rsquo;esprit de famille, CA SE F\u00caTE!"},"content":{"rendered":"<span class=\"span-reading-time rt-reading-time\" style=\"display: block;\"><span class=\"rt-label rt-prefix\">Reading Time: <\/span> <span class=\"rt-time\"> 3<\/span> <span class=\"rt-label rt-postfix\">minutes<\/span><\/span><p style=\"text-align: justify;\"><strong><span style=\"color: #ff6600;\">T<\/span>radition oblige \u2013 mais faut-il que ce soit une obligation\u00a0? \u2013 No\u00ebl signe le rassemblement des familles. Mais aussi, il faut bien le dire, une solitude parfois exacerb\u00e9e pour ceux et celles qui se sentent isol\u00e9s de leur famille.<\/strong><\/p>\n<p style=\"text-align: justify;\"><strong>Les quinquas ont cette mission-l\u00e0, de rassembler les a\u00een\u00e9s et les plus jeunes, pour que No\u00ebl soit vraiment le point de rencontre qui (re)donnera des couleurs \u00e0 \u00ab\u00a0l\u2019esprit de famille\u00a0\u00bb\u00a0!<\/strong><\/p>\n<p style=\"text-align: right;\"><em>Par Martine Dory\u00a0<\/em><\/p>\n<p style=\"text-align: left;\"><img loading=\"lazy\" decoding=\"async\" class=\" size-full wp-image-6182 aligncenter\" src=\"http:\/\/www.life-magazine.be\/fr\/wp-content\/uploads\/2015\/07\/l-esprit-de-famille-life-magazine.jpg\" alt=\"l-esprit-de-famille-life-magazine\" width=\"600\" height=\"400\" srcset=\"https:\/\/www.fiftyandmemagazine.be\/fr\/wp-content\/uploads\/2015\/07\/l-esprit-de-famille-life-magazine.jpg 600w, https:\/\/www.fiftyandmemagazine.be\/fr\/wp-content\/uploads\/2015\/07\/l-esprit-de-famille-life-magazine-315x210.jpg 315w, https:\/\/www.fiftyandmemagazine.be\/fr\/wp-content\/uploads\/2015\/07\/l-esprit-de-famille-life-magazine-450x300.jpg 450w\" sizes=\"auto, (max-width: 600px) 100vw, 600px\" \/><\/p>\n<h2><span style=\"color: #ff6600;\"><strong>C\u2019est quoi l\u2019esprit de famille\u00a0?<\/strong><\/span><\/h2>\n<p style=\"text-align: justify;\">C\u2019est un peu le diapason sur lequel s\u2019accordent toutes les voix de la tribu et qui fait vibrer le sentiment d\u2019appartenance.<\/p>\n<h2 style=\"text-align: justify;\"><span style=\"color: #ff6600;\">Microtrottoir\u00a0:<\/span><\/h2>\n<p style=\"text-align: justify;\"><em>Ca ne s\u2019explique pas<\/em>, <em>mais c\u2019est ce qui, sur le registre de l\u2019humour, nous fait d\u00e9marrer au quart de tour et qui devient plaisanterie d\u2019initi\u00e9\u2026 Impossible \u00e0 suivre pour ceux qui ne le sont pas\u00a0!\u00a0(Quentin) <\/em><\/p>\n<p style=\"text-align: justify;\">Pour Nadia, c\u2019est plus une histoire de liens subtils. <em>On n\u2019a pas besoin de se voir souvent et pourtant, quand on se rassemble, c\u2019est comme si on ne s\u2019\u00e9tait jamais quitt\u00e9s\u00a0! <\/em><\/p>\n<p style=\"text-align: justify;\">Charlotte, elle, pr\u00e9f\u00e8re \u00e9voquer des valeurs communes\u00a0: <em>J\u2019aime bien me replonger dans la famille \u00e0 No\u00ebl. C\u2019est comme si je refaisais le plein de valeurs, de rep\u00e8res. C\u2019est hyper important pour nous mais aussi pour nos enfants qui sentent, per\u00e7oivent, absorbent ces valeurs qui donnent du sens \u00e0 la vie. <\/em><\/p>\n<h2 style=\"text-align: justify;\"><span style=\"color: #ff6600;\"><strong>Soyez exquis\u00a0! <\/strong><\/span><\/h2>\n<p style=\"text-align: justify;\">Pour que l\u2019esprit r\u00e8gne en ma\u00eetre dans la famille, en particulier \u00e0 No\u00ebl, stop aux critiques et aux r\u00e8glements de compte\u00a0! Et vous qui, par votre exp\u00e9rience de vie, avez une connaissance de l\u2019\u00e2me humaine, fiez-vous au philosophe quand il dit\u00a0: \u00ab\u00a0<em>Tout ce qui est exquis m\u00fbrit lentement<\/em>\u00a0\u00a0\u00bb (Arthur Schopenhauer). Vous voil\u00e0 pr\u00e9venu(e)\u00a0! Mieux vaut partager sa saveur que ses rancoeurs, c\u2019est tout b\u00e9n\u00e9fice pour vos rides\u2026 Soyez exquis, c\u2019est le meilleur soin anti-\u00e2ge\u00a0!<\/p>\n<h2 style=\"text-align: justify;\"><span style=\"color: #ff6600;\"><strong>N\u2019emp\u00eache\u2026<\/strong><\/span><\/h2>\n<p style=\"text-align: justify;\">Aigreur et amertume sont souvent au rendez-vous. Ne versons pas dans l\u2019ang\u00e9lisme, nous sommes nombreux \u00e0 avoir v\u00e9cu des soirs de No\u00ebl qui ont mal tourn\u00e9\u2026<\/p>\n<p style=\"text-align: justify;\">Comment l\u2019\u00e9viter\u00a0? M\u00eame si tout n\u2019est pas en votre pouvoir (eh non\u2026), il y a des petits trucs qu\u2019on peut mettre en place, mine de rien. Un des grands coupables de l\u2019\u00e9chauffement des esprits, c\u2019est l\u2019alcool. L\u2019ap\u00e9ritif qui se prolonge lors du d\u00e9ballage des cadeaux, le repas qui met les petits plats dans les grands, vins compris, et c\u2019est parti pour les r\u00e8glements de compte. Tous \u00e0 l\u2019eau\u00a0? Bien s\u00fbr que non\u00a0! Mais on peut aussi mettre de l\u2019eau \u00e0 table et \u00e0 l\u2019ap\u00e9ro. Et pour susciter l\u2019envie, varions les plaisirs. Choisissons-la avec et sans bulles, dans des bouteilles originales, de diff\u00e9rentes formes et couleurs\u2026 On peut aussi soigner l\u2019organisation de la soir\u00e9e\u00a0: moins de cadeaux, crise oblige, donc moins de courses \u00e9perdues dans les magasins, donc moins de stress, moins de fatigue, plus de sous\u2026 et moins de trafic sur eBay apr\u00e8s les f\u00eates pour revendre ce qu\u2019on n\u2019a pas aim\u00e9\u00a0!<\/p>\n<h2 style=\"text-align: justify;\"><span style=\"color: #ff6600;\"><strong>Et pourquoi pas un GRAND cadeau commun\u00a0? <\/strong><\/span><\/h2>\n<p style=\"text-align: justify;\">On s\u2019offre un m\u00e9ga week-end pendant l\u2019\u00e9t\u00e9\u00a0dans un g\u00eete, un h\u00f4tel, une p\u00e9niche, une roulotte, un ch\u00e2teau\u2026 pour se revoir hors contexte scolaire et de f\u00eates\u2026 pour faire la f\u00eate ensemble, justement. Ou bien, plus fort encore, on s\u2019offre tous ensemble un week-end de CNV (communication non violente) pour apprendre le b.a.-ba d\u2019une communication empathique.<\/p>\n<p style=\"text-align: justify;\"><strong><em>Tout \u00e7a a \u00e9videmment un co\u00fbt\u2026<\/em><\/strong><\/p>\n<p style=\"text-align: justify;\">On fera tr\u00f4ner au milieu de la table, ou dans le hall, ou pr\u00e8s de la chemin\u00e9e, une tirelire rigolote o\u00f9 chacun versera son \u00e9cot pour participer \u00e0 ce super projet. LE bon plan pour booster l\u2019esprit de famille\u00a0!<\/p>\n<h2 style=\"text-align: justify;\"><span style=\"color: #ff6600;\"><strong>On passe \u00e0 table <\/strong><\/span><\/h2>\n<p style=\"text-align: justify;\">Chic, l\u2019heure est \u00e0 l\u2019\u00e9conomie et aux plats simples, avec des produits bien de chez nous\u00a0! Dehors les mets lourds et un temps \u00e0 table qui n\u2019en finit pas\u00a0! Saveurs au menu\u00a0! L\u00e9g\u00e8ret\u00e9 et joie de vivre vont de pair. On peut m\u00eame, entre les plats, pousser la chansonnette (on ne chante plus assez dans les chaumi\u00e8res\u00a0!) et \u00e9couter les in\u00e9vitables blagues de l\u2019oncle Pierrot.<\/p>\n<p style=\"text-align: justify;\">Et puis, n\u2019oublions pas cette jolie coutume qui est de pr\u00e9voir une place \u00e0 table pour l\u2019invit\u00e9 surprise\u00a0! C\u2019est aussi \u00e7a, l\u2019esprit de famille, c\u2019est ouvrir son coeur et sa porte\u2026<\/p>\n<h2 style=\"text-align: justify;\"><span style=\"color: #ff6600;\"><strong>Et apr\u00e8s\u00a0? <\/strong><\/span><\/h2>\n<p style=\"text-align: justify;\">On joue\u2026 Une partie de jeu de soci\u00e9t\u00e9 en \u00e9quipes, rien de tel pour mettre de l\u2019ambiance, s\u2019amuser et\u2026 d\u00e9ployer ce bel esprit de famille que tout le monde vous envie\u00a0!<\/p>\n<h1 style=\"text-align: justify;\">\u00a0<img loading=\"lazy\" decoding=\"async\" class=\" size-full wp-image-6181 aligncenter\" src=\"http:\/\/www.life-magazine.be\/fr\/wp-content\/uploads\/2015\/07\/esprit-de-famille-life-magazine.jpg\" alt=\"esprit-de-famille-life-magazine\" width=\"600\" height=\"520\" srcset=\"https:\/\/www.fiftyandmemagazine.be\/fr\/wp-content\/uploads\/2015\/07\/esprit-de-famille-life-magazine.jpg 600w, https:\/\/www.fiftyandmemagazine.be\/fr\/wp-content\/uploads\/2015\/07\/esprit-de-famille-life-magazine-160x139.jpg 160w, https:\/\/www.fiftyandmemagazine.be\/fr\/wp-content\/uploads\/2015\/07\/esprit-de-famille-life-magazine-315x273.jpg 315w\" sizes=\"auto, (max-width: 600px) 100vw, 600px\" \/><\/h1>\n<h2 style=\"text-align: justify;\"><span style=\"color: #ff6600;\"><strong>Qu\u2019est-ce que vous faites \u00e0 No\u00ebl\u00a0? <\/strong><\/span><\/h2>\n<p style=\"text-align: justify;\">Vous ne savez pas encore\u00a0? Venez chez nous, on se serrera, on aura chaud, notre tribu a encore une petite place dans son tipi\u2026<\/p>\n<hr \/>\n<p style=\"text-align: justify;\">\n","protected":false},"excerpt":{"rendered":"<p><span class=\"span-reading-time rt-reading-time\" style=\"display: block;\"><span class=\"rt-label rt-prefix\">Reading Time: <\/span> <span class=\"rt-time\"> 3<\/span> <span class=\"rt-label rt-postfix\">minutes<\/span><\/span>Tradition oblige \u2013 mais faut-il que ce soit une obligation ? \u2013 No\u00ebl signe le rassemblement des familles. Mais aussi, il faut bien le dire, une solitude parfois exacerb\u00e9e pour ceux et celles qui se sentent isol\u00e9s de leur famille&#8230;<\/p>\n<p>Les quinquas ont cette mission-l\u00e0, de rassembler les a\u00een\u00e9s et les plus jeunes, pour que No\u00ebl soit vraiment le point de rencontre qui (re)donnera des couleurs \u00e0 \u00ab l\u2019esprit de famille \u00bb !<\/p>\n","protected":false},"author":2,"featured_media":6183,"comment_status":"open","ping_status":"closed","sticky":false,"template":"","format":"standard","meta":{"_lmt_disableupdate":"","_lmt_disable":"","footnotes":""},"categories":[3],"tags":[786],"class_list":["post-6180","post","type-post","status-publish","format-standard","has-post-thumbnail","hentry","category-bien-etre","tag-senior"],"yoast_head":"<!-- This site is optimized with the Yoast SEO plugin v26.3 - https:\/\/yoast.com\/wordpress\/plugins\/seo\/ -->\n<title>F\u00eates : L&#039;esprit de famille, CA SE F\u00caTE! - Fifty &amp; Me MAGAZINE<\/title>\n<meta name=\"robots\" content=\"index, follow, max-snippet:-1, max-image-preview:large, max-video-preview:-1\" \/>\n<link rel=\"canonical\" href=\"https:\/\/www.fiftyandmemagazine.be\/fr\/bien-etre\/lesprit-de-famille-ca-se-fete\" \/>\n<meta property=\"og:locale\" content=\"fr_FR\" \/>\n<meta property=\"og:type\" content=\"article\" \/>\n<meta property=\"og:title\" content=\"F\u00eates : L&#039;esprit de famille, CA SE F\u00caTE! - Fifty &amp; Me MAGAZINE\" \/>\n<meta property=\"og:description\" content=\"Reading Time:  3 minutesTradition oblige \u2013 mais faut-il que ce soit une obligation ? \u2013 No\u00ebl signe le rassemblement des familles. Mais aussi, il faut bien le dire, une solitude parfois exacerb\u00e9e pour ceux et celles qui se sentent isol\u00e9s de leur famille...  Les quinquas ont cette mission-l\u00e0, de rassembler les a\u00een\u00e9s et les plus jeunes, pour que No\u00ebl soit vraiment le point de rencontre qui (re)donnera des couleurs \u00e0 \u00ab l\u2019esprit de famille \u00bb !\" \/>\n<meta property=\"og:url\" content=\"https:\/\/www.fiftyandmemagazine.be\/fr\/bien-etre\/lesprit-de-famille-ca-se-fete\" \/>\n<meta property=\"og:site_name\" content=\"Fifty &amp; Me MAGAZINE\" \/>\n<meta property=\"article:published_time\" content=\"2015-12-07T08:38:57+00:00\" \/>\n<meta property=\"article:modified_time\" content=\"2018-12-14T10:22:43+00:00\" \/>\n<meta property=\"og:image\" content=\"https:\/\/www.fiftyandmemagazine.be\/fr\/wp-content\/uploads\/2015\/07\/noel-life-magazine.jpg\" \/>\n\t<meta property=\"og:image:width\" content=\"600\" \/>\n\t<meta property=\"og:image:height\" content=\"520\" \/>\n\t<meta property=\"og:image:type\" content=\"image\/jpeg\" \/>\n<meta name=\"author\" content=\"Ga\u00eblle Mauroit\" \/>\n<meta name=\"twitter:card\" content=\"summary_large_image\" \/>\n<meta name=\"twitter:label1\" content=\"\u00c9crit par\" \/>\n\t<meta name=\"twitter:data1\" content=\"Ga\u00eblle Mauroit\" \/>\n\t<meta name=\"twitter:label2\" content=\"Dur\u00e9e de lecture estim\u00e9e\" \/>\n\t<meta name=\"twitter:data2\" content=\"4 minutes\" \/>\n<script type=\"application\/ld+json\" class=\"yoast-schema-graph\">{\"@context\":\"https:\/\/schema.org\",\"@graph\":[{\"@type\":\"WebPage\",\"@id\":\"https:\/\/www.fiftyandmemagazine.be\/fr\/bien-etre\/lesprit-de-famille-ca-se-fete\",\"url\":\"https:\/\/www.fiftyandmemagazine.be\/fr\/bien-etre\/lesprit-de-famille-ca-se-fete\",\"name\":\"F\u00eates : L'esprit de famille, CA SE F\u00caTE! - Fifty &amp; Me MAGAZINE\",\"isPartOf\":{\"@id\":\"https:\/\/www.fiftyandmemagazine.be\/fr\/#website\"},\"primaryImageOfPage\":{\"@id\":\"https:\/\/www.fiftyandmemagazine.be\/fr\/bien-etre\/lesprit-de-famille-ca-se-fete#primaryimage\"},\"image\":{\"@id\":\"https:\/\/www.fiftyandmemagazine.be\/fr\/bien-etre\/lesprit-de-famille-ca-se-fete#primaryimage\"},\"thumbnailUrl\":\"https:\/\/www.fiftyandmemagazine.be\/fr\/wp-content\/uploads\/2015\/07\/noel-life-magazine.jpg\",\"datePublished\":\"2015-12-07T08:38:57+00:00\",\"dateModified\":\"2018-12-14T10:22:43+00:00\",\"author\":{\"@id\":\"https:\/\/www.fiftyandmemagazine.be\/fr\/#\/schema\/person\/d73538edb012161ebf7d953b667bb15b\"},\"breadcrumb\":{\"@id\":\"https:\/\/www.fiftyandmemagazine.be\/fr\/bien-etre\/lesprit-de-famille-ca-se-fete#breadcrumb\"},\"inLanguage\":\"fr-FR\",\"potentialAction\":[{\"@type\":\"ReadAction\",\"target\":[\"https:\/\/www.fiftyandmemagazine.be\/fr\/bien-etre\/lesprit-de-famille-ca-se-fete\"]}]},{\"@type\":\"ImageObject\",\"inLanguage\":\"fr-FR\",\"@id\":\"https:\/\/www.fiftyandmemagazine.be\/fr\/bien-etre\/lesprit-de-famille-ca-se-fete#primaryimage\",\"url\":\"https:\/\/www.fiftyandmemagazine.be\/fr\/wp-content\/uploads\/2015\/07\/noel-life-magazine.jpg\",\"contentUrl\":\"https:\/\/www.fiftyandmemagazine.be\/fr\/wp-content\/uploads\/2015\/07\/noel-life-magazine.jpg\",\"width\":600,\"height\":520},{\"@type\":\"BreadcrumbList\",\"@id\":\"https:\/\/www.fiftyandmemagazine.be\/fr\/bien-etre\/lesprit-de-famille-ca-se-fete#breadcrumb\",\"itemListElement\":[{\"@type\":\"ListItem\",\"position\":1,\"name\":\"Bien-\u00catre\",\"item\":\"https:\/\/www.fiftyandmemagazine.be\/fr\/bien-etre\"},{\"@type\":\"ListItem\",\"position\":2,\"name\":\"F\u00eates : L&rsquo;esprit de famille, CA SE F\u00caTE!\"}]},{\"@type\":\"WebSite\",\"@id\":\"https:\/\/www.fiftyandmemagazine.be\/fr\/#website\",\"url\":\"https:\/\/www.fiftyandmemagazine.be\/fr\/\",\"name\":\"Fifty &amp; Me MAGAZINE\",\"description\":\"Et si la vie commen\u00e7ait \u00e0 50 ans ?\",\"potentialAction\":[{\"@type\":\"SearchAction\",\"target\":{\"@type\":\"EntryPoint\",\"urlTemplate\":\"https:\/\/www.fiftyandmemagazine.be\/fr\/?s={search_term_string}\"},\"query-input\":{\"@type\":\"PropertyValueSpecification\",\"valueRequired\":true,\"valueName\":\"search_term_string\"}}],\"inLanguage\":\"fr-FR\"},{\"@type\":\"Person\",\"@id\":\"https:\/\/www.fiftyandmemagazine.be\/fr\/#\/schema\/person\/d73538edb012161ebf7d953b667bb15b\",\"name\":\"Ga\u00eblle Mauroit\",\"url\":\"https:\/\/www.fiftyandmemagazine.be\/fr\/author\/gaelle\"}]}<\/script>\n<!-- \/ Yoast SEO plugin. -->","yoast_head_json":{"title":"F\u00eates : L'esprit de famille, CA SE F\u00caTE! - Fifty &amp; Me MAGAZINE","robots":{"index":"index","follow":"follow","max-snippet":"max-snippet:-1","max-image-preview":"max-image-preview:large","max-video-preview":"max-video-preview:-1"},"canonical":"https:\/\/www.fiftyandmemagazine.be\/fr\/bien-etre\/lesprit-de-famille-ca-se-fete","og_locale":"fr_FR","og_type":"article","og_title":"F\u00eates : L'esprit de famille, CA SE F\u00caTE! - Fifty &amp; Me MAGAZINE","og_description":"Reading Time:  3 minutesTradition oblige \u2013 mais faut-il que ce soit une obligation ? \u2013 No\u00ebl signe le rassemblement des familles. Mais aussi, il faut bien le dire, une solitude parfois exacerb\u00e9e pour ceux et celles qui se sentent isol\u00e9s de leur famille...  Les quinquas ont cette mission-l\u00e0, de rassembler les a\u00een\u00e9s et les plus jeunes, pour que No\u00ebl soit vraiment le point de rencontre qui (re)donnera des couleurs \u00e0 \u00ab l\u2019esprit de famille \u00bb !","og_url":"https:\/\/www.fiftyandmemagazine.be\/fr\/bien-etre\/lesprit-de-famille-ca-se-fete","og_site_name":"Fifty &amp; Me MAGAZINE","article_published_time":"2015-12-07T08:38:57+00:00","article_modified_time":"2018-12-14T10:22:43+00:00","og_image":[{"width":600,"height":520,"url":"https:\/\/www.fiftyandmemagazine.be\/fr\/wp-content\/uploads\/2015\/07\/noel-life-magazine.jpg","type":"image\/jpeg"}],"author":"Ga\u00eblle Mauroit","twitter_card":"summary_large_image","twitter_misc":{"\u00c9crit par":"Ga\u00eblle Mauroit","Dur\u00e9e de lecture estim\u00e9e":"4 minutes"},"schema":{"@context":"https:\/\/schema.org","@graph":[{"@type":"WebPage","@id":"https:\/\/www.fiftyandmemagazine.be\/fr\/bien-etre\/lesprit-de-famille-ca-se-fete","url":"https:\/\/www.fiftyandmemagazine.be\/fr\/bien-etre\/lesprit-de-famille-ca-se-fete","name":"F\u00eates : L'esprit de famille, CA SE F\u00caTE! - Fifty &amp; Me MAGAZINE","isPartOf":{"@id":"https:\/\/www.fiftyandmemagazine.be\/fr\/#website"},"primaryImageOfPage":{"@id":"https:\/\/www.fiftyandmemagazine.be\/fr\/bien-etre\/lesprit-de-famille-ca-se-fete#primaryimage"},"image":{"@id":"https:\/\/www.fiftyandmemagazine.be\/fr\/bien-etre\/lesprit-de-famille-ca-se-fete#primaryimage"},"thumbnailUrl":"https:\/\/www.fiftyandmemagazine.be\/fr\/wp-content\/uploads\/2015\/07\/noel-life-magazine.jpg","datePublished":"2015-12-07T08:38:57+00:00","dateModified":"2018-12-14T10:22:43+00:00","author":{"@id":"https:\/\/www.fiftyandmemagazine.be\/fr\/#\/schema\/person\/d73538edb012161ebf7d953b667bb15b"},"breadcrumb":{"@id":"https:\/\/www.fiftyandmemagazine.be\/fr\/bien-etre\/lesprit-de-famille-ca-se-fete#breadcrumb"},"inLanguage":"fr-FR","potentialAction":[{"@type":"ReadAction","target":["https:\/\/www.fiftyandmemagazine.be\/fr\/bien-etre\/lesprit-de-famille-ca-se-fete"]}]},{"@type":"ImageObject","inLanguage":"fr-FR","@id":"https:\/\/www.fiftyandmemagazine.be\/fr\/bien-etre\/lesprit-de-famille-ca-se-fete#primaryimage","url":"https:\/\/www.fiftyandmemagazine.be\/fr\/wp-content\/uploads\/2015\/07\/noel-life-magazine.jpg","contentUrl":"https:\/\/www.fiftyandmemagazine.be\/fr\/wp-content\/uploads\/2015\/07\/noel-life-magazine.jpg","width":600,"height":520},{"@type":"BreadcrumbList","@id":"https:\/\/www.fiftyandmemagazine.be\/fr\/bien-etre\/lesprit-de-famille-ca-se-fete#breadcrumb","itemListElement":[{"@type":"ListItem","position":1,"name":"Bien-\u00catre","item":"https:\/\/www.fiftyandmemagazine.be\/fr\/bien-etre"},{"@type":"ListItem","position":2,"name":"F\u00eates : L&rsquo;esprit de famille, CA SE F\u00caTE!"}]},{"@type":"WebSite","@id":"https:\/\/www.fiftyandmemagazine.be\/fr\/#website","url":"https:\/\/www.fiftyandmemagazine.be\/fr\/","name":"Fifty &amp; Me MAGAZINE","description":"Et si la vie commen\u00e7ait \u00e0 50 ans ?","potentialAction":[{"@type":"SearchAction","target":{"@type":"EntryPoint","urlTemplate":"https:\/\/www.fiftyandmemagazine.be\/fr\/?s={search_term_string}"},"query-input":{"@type":"PropertyValueSpecification","valueRequired":true,"valueName":"search_term_string"}}],"inLanguage":"fr-FR"},{"@type":"Person","@id":"https:\/\/www.fiftyandmemagazine.be\/fr\/#\/schema\/person\/d73538edb012161ebf7d953b667bb15b","name":"Ga\u00eblle Mauroit","url":"https:\/\/www.fiftyandmemagazine.be\/fr\/author\/gaelle"}]}},"modified_by":"Magali Duqu\u00e9","_links":{"self":[{"href":"https:\/\/www.fiftyandmemagazine.be\/fr\/wp-json\/wp\/v2\/posts\/6180","targetHints":{"allow":["GET"]}}],"collection":[{"href":"https:\/\/www.fiftyandmemagazine.be\/fr\/wp-json\/wp\/v2\/posts"}],"about":[{"href":"https:\/\/www.fiftyandmemagazine.be\/fr\/wp-json\/wp\/v2\/types\/post"}],"author":[{"embeddable":true,"href":"https:\/\/www.fiftyandmemagazine.be\/fr\/wp-json\/wp\/v2\/users\/2"}],"replies":[{"embeddable":true,"href":"https:\/\/www.fiftyandmemagazine.be\/fr\/wp-json\/wp\/v2\/comments?post=6180"}],"version-history":[{"count":1,"href":"https:\/\/www.fiftyandmemagazine.be\/fr\/wp-json\/wp\/v2\/posts\/6180\/revisions"}],"predecessor-version":[{"id":38467,"href":"https:\/\/www.fiftyandmemagazine.be\/fr\/wp-json\/wp\/v2\/posts\/6180\/revisions\/38467"}],"wp:featuredmedia":[{"embeddable":true,"href":"https:\/\/www.fiftyandmemagazine.be\/fr\/wp-json\/wp\/v2\/media\/6183"}],"wp:attachment":[{"href":"https:\/\/www.fiftyandmemagazine.be\/fr\/wp-json\/wp\/v2\/media?parent=6180"}],"wp:term":[{"taxonomy":"category","embeddable":true,"href":"https:\/\/www.fiftyandmemagazine.be\/fr\/wp-json\/wp\/v2\/categories?post=6180"},{"taxonomy":"post_tag","embeddable":true,"href":"https:\/\/www.fiftyandmemagazine.be\/fr\/wp-json\/wp\/v2\/tags?post=6180"}],"curies":[{"name":"wp","href":"https:\/\/api.w.org\/{rel}","templated":true}]}}