{"id":63472,"date":"2025-09-24T11:52:03","date_gmt":"2025-09-24T09:52:03","guid":{"rendered":"https:\/\/www.fiftyandmemagazine.be\/fr\/?p=63472"},"modified":"2025-09-23T14:52:22","modified_gmt":"2025-09-23T12:52:22","slug":"cheveux-gris-blancs-ou-argentes-oser-sa-vraie-couleur","status":"publish","type":"post","link":"https:\/\/www.fiftyandmemagazine.be\/fr\/beaute\/cheveux\/cheveux-gris-blancs-ou-argentes-oser-sa-vraie-couleur","title":{"rendered":"Cheveux gris, blancs ou argent\u00e9s : oser sa vraie couleur !"},"content":{"rendered":"<span class=\"span-reading-time rt-reading-time\" style=\"display: block;\"><span class=\"rt-label rt-prefix\">Reading Time: <\/span> <span class=\"rt-time\"> 2<\/span> <span class=\"rt-label rt-postfix\">minutes<\/span><\/span><h3 data-start=\"713\" data-end=\"755\">Bien plus qu\u2019un choix capillaire<\/h3>\n<p data-start=\"757\" data-end=\"1164\">Arr\u00eater les colorations, c\u2019est souvent v\u00e9cu comme un pari. Celui d\u2019oser se regarder autrement, de d\u00e9fier le regard des autres, parfois m\u00eame celui que l\u2019on porte sur soi. Car les cheveux blancs, encore aujourd\u2019hui, continuent de faire d\u00e9bat : sur un homme, c\u2019est distingu\u00e9 ; sur une femme, c\u2019est \u00ab\u00a0laisser-aller\u00a0\u00bb\u2026 \u00e0 moins d\u2019\u00eatre tr\u00e8s bien maquill\u00e9e, styl\u00e9e, appr\u00eat\u00e9e. Bref : conditionnellement acceptable.<\/p>\n<p data-start=\"1166\" data-end=\"1437\">Pourtant, les choses bougent. Et \u00e0 50 ans, l\u2019envie de coh\u00e9rence et de v\u00e9rit\u00e9 prend le dessus. On ne veut plus tricher. On veut respirer, all\u00e9ger la charge mentale (et la racine visible tous les quinze jours), laisser enfin \u00e9merger sa vraie couleur. Litt\u00e9ralement.<\/p>\n<h3 data-start=\"1444\" data-end=\"1481\">Une beaut\u00e9 qui s\u2019impose autrement<\/h3>\n<p data-start=\"1483\" data-end=\"1815\">Contrairement aux id\u00e9es re\u00e7ues, les cheveux gris ou blancs ne ternissent pas un visage. Bien au contraire : ils r\u00e9v\u00e8lent les traits, les yeux, la carnation. Ils n\u00e9cessitent simplement une harmonisation diff\u00e9rente \u2014 un maquillage plus lumineux, des v\u00eatements qui subliment plut\u00f4t que camouflent, une coupe moderne et soign\u00e9e.<\/p>\n<p data-start=\"1817\" data-end=\"1995\">C\u2019est une beaut\u00e9 plus sculpturale, plus contrast\u00e9e, qui demande moins de ruses\u2026 mais plus de pr\u00e9sence \u00e0 soi. Ce n\u2019est plus la couleur qui fait l\u2019effet, c\u2019est l\u2019assurance.<\/p>\n<h3 data-start=\"2002\" data-end=\"2035\">Le grand virage psychologique<\/h3>\n<p data-start=\"2037\" data-end=\"2350\">Passer au gris, c\u2019est souvent passer une \u00e9tape int\u00e9rieure. Certaines y arrivent d\u2019un coup, d\u2019autres par paliers. Il faut parfois traverser l\u2019inconfort du \u00ab\u00a0ni-fait ni-\u00e0-faire\u00a0\u00bb, des m\u00e8ches rebelles, des jugements ext\u00e9rieurs. Mais au bout ? Une sensation rare : celle d\u2019\u00eatre pleinement align\u00e9e avec soi-m\u00eame.<\/p>\n<p data-start=\"2352\" data-end=\"2423\">Car sous la racine grise, il y a souvent une histoire de lib\u00e9ration :<\/p>\n<ul data-start=\"2424\" data-end=\"2579\">\n<li data-start=\"2424\" data-end=\"2469\">\n<p data-start=\"2426\" data-end=\"2469\">de la pression d\u2019\u00eatre \u00ab\u00a0jeune \u00e0 tout prix\u00a0\u00bb<\/p>\n<\/li>\n<li data-start=\"2470\" data-end=\"2503\">\n<p data-start=\"2472\" data-end=\"2503\">du diktat des standards fig\u00e9s<\/p>\n<\/li>\n<li data-start=\"2504\" data-end=\"2579\">\n<p data-start=\"2506\" data-end=\"2579\">de la peur de \u00ab\u00a0se laisser aller\u00a0\u00bb (alors qu\u2019on se laisse enfin tranquille)<\/p>\n<\/li>\n<\/ul>\n<p data-start=\"2581\" data-end=\"2702\">C\u2019est un acte presque militant \u2014 non pas contre la f\u00e9minit\u00e9, mais pour une f\u00e9minit\u00e9 r\u00e9invent\u00e9e, apais\u00e9e, plus ancr\u00e9e.<\/p>\n<h3 data-start=\"2709\" data-end=\"2760\">3 rep\u00e8res pour franchir le pas en beaut\u00e9<\/h3>\n<p data-start=\"2762\" data-end=\"3099\"><strong data-start=\"2762\" data-end=\"2812\">1. Se faire accompagner par un coiffeur expert<\/strong><br data-start=\"2812\" data-end=\"2815\" \/>Tous les gris ne se valent pas. Certains cheveux blanchissent par m\u00e8ches, d\u2019autres en halo, certains deviennent argent\u00e9s, d\u2019autres poivre et sel. Un bon professionnel saura cr\u00e9er une transition harmonieuse, par des balayages invers\u00e9s, une coupe structur\u00e9e ou un soin repigmentant.<\/p>\n<p data-start=\"3101\" data-end=\"3365\"><strong data-start=\"3101\" data-end=\"3137\">2. Adapter sa routine capillaire<\/strong><br data-start=\"3137\" data-end=\"3140\" \/>Les cheveux gris sont souvent plus secs, plus poreux. Il faut les chouchouter avec des soins hydratants, protecteurs et anti-jaunissement.<\/p>\n<p data-start=\"3367\" data-end=\"3601\"><strong data-start=\"3367\" data-end=\"3402\">3. Revoir sa palette\u2026 avec joie<\/strong><br data-start=\"3402\" data-end=\"3405\" \/>Des teintes plus douces ou plus vives, un rouge \u00e0 l\u00e8vres qui fait p\u00e9tiller, un bijou qui illumine. C&rsquo;est aussi l&rsquo;occasion de r\u00e9inventer son style, de jouer \u00e0 nouveau. Comme un nouveau chapitre esth\u00e9tique.<\/p>\n<h3 data-start=\"3608\" data-end=\"3643\">Et si c\u2019\u00e9tait un acte d\u2019amour ?<\/h3>\n<p data-start=\"3645\" data-end=\"3889\">Loin d\u2019un renoncement, le choix du naturel est peut-\u00eatre l\u2019acte de beaut\u00e9 le plus moderne qui soit. Il dit : \u00ab\u00a0Je ne me cache plus.\u00a0\u00bb Il affirme : \u00ab\u00a0Je n\u2019ai plus rien \u00e0 prouver.\u00a0\u00bb Il murmure : \u00ab\u00a0Je me plais telle que je suis, ici et maintenant.\u00a0\u00bbEt si la vraie jeunesse, ce n\u2019\u00e9tait pas celle que l\u2019on essaie de retenir\u2026 mais celle que l\u2019on ose r\u00e9v\u00e9ler, m\u00e8che apr\u00e8s m\u00e8che ?<\/p>\n","protected":false},"excerpt":{"rendered":"<p><span class=\"span-reading-time rt-reading-time\" style=\"display: block;\"><span class=\"rt-label rt-prefix\">Reading Time: <\/span> <span class=\"rt-time\"> 2<\/span> <span class=\"rt-label rt-postfix\">minutes<\/span><\/span>Bien plus qu\u2019un choix capillaire Arr\u00eater les colorations, c\u2019est souvent [&hellip;]<\/p>\n","protected":false},"author":24,"featured_media":63837,"comment_status":"open","ping_status":"closed","sticky":false,"template":"","format":"standard","meta":{"_lmt_disableupdate":"no","_lmt_disable":"","footnotes":""},"categories":[1114],"tags":[],"class_list":["post-63472","post","type-post","status-publish","format-standard","has-post-thumbnail","hentry","category-cheveux"],"yoast_head":"<!-- This site is optimized with the Yoast SEO plugin v26.3 - https:\/\/yoast.com\/wordpress\/plugins\/seo\/ -->\n<title>Cheveux gris, blancs ou argent\u00e9s : oser sa vraie couleur ! - Fifty &amp; Me MAGAZINE<\/title>\n<meta name=\"description\" content=\"Loin d\u2019un renoncement, le choix du naturel est peut-\u00eatre l\u2019acte de beaut\u00e9 le plus moderne qui soit. Il dit : &quot;Je ne me cache plus.&quot;\" \/>\n<meta name=\"robots\" content=\"index, follow, max-snippet:-1, max-image-preview:large, max-video-preview:-1\" \/>\n<link rel=\"canonical\" href=\"https:\/\/www.fiftyandmemagazine.be\/fr\/beaute\/cheveux\/cheveux-gris-blancs-ou-argentes-oser-sa-vraie-couleur\" \/>\n<meta property=\"og:locale\" content=\"fr_FR\" \/>\n<meta property=\"og:type\" content=\"article\" \/>\n<meta property=\"og:title\" content=\"Cheveux gris, blancs ou argent\u00e9s : oser sa vraie couleur ! - Fifty &amp; Me MAGAZINE\" \/>\n<meta property=\"og:description\" content=\"Loin d\u2019un renoncement, le choix du naturel est peut-\u00eatre l\u2019acte de beaut\u00e9 le plus moderne qui soit. Il dit : &quot;Je ne me cache plus.&quot;\" \/>\n<meta property=\"og:url\" content=\"https:\/\/www.fiftyandmemagazine.be\/fr\/beaute\/cheveux\/cheveux-gris-blancs-ou-argentes-oser-sa-vraie-couleur\" \/>\n<meta property=\"og:site_name\" content=\"Fifty &amp; Me MAGAZINE\" \/>\n<meta property=\"article:published_time\" content=\"2025-09-24T09:52:03+00:00\" \/>\n<meta property=\"og:image\" content=\"https:\/\/www.fiftyandmemagazine.be\/fr\/wp-content\/uploads\/2025\/09\/chatgpt-image-23-sept-2025-14-50-57.jpg\" \/>\n\t<meta property=\"og:image:width\" content=\"1536\" \/>\n\t<meta property=\"og:image:height\" content=\"1024\" \/>\n\t<meta property=\"og:image:type\" content=\"image\/jpeg\" \/>\n<meta name=\"author\" content=\"Magali Duqu\u00e9\" \/>\n<meta name=\"twitter:card\" content=\"summary_large_image\" \/>\n<meta name=\"twitter:label1\" content=\"\u00c9crit par\" \/>\n\t<meta name=\"twitter:data1\" content=\"Magali Duqu\u00e9\" \/>\n\t<meta name=\"twitter:label2\" content=\"Dur\u00e9e de lecture estim\u00e9e\" \/>\n\t<meta name=\"twitter:data2\" content=\"3 minutes\" \/>\n<script type=\"application\/ld+json\" class=\"yoast-schema-graph\">{\"@context\":\"https:\/\/schema.org\",\"@graph\":[{\"@type\":\"WebPage\",\"@id\":\"https:\/\/www.fiftyandmemagazine.be\/fr\/beaute\/cheveux\/cheveux-gris-blancs-ou-argentes-oser-sa-vraie-couleur\",\"url\":\"https:\/\/www.fiftyandmemagazine.be\/fr\/beaute\/cheveux\/cheveux-gris-blancs-ou-argentes-oser-sa-vraie-couleur\",\"name\":\"Cheveux gris, blancs ou argent\u00e9s : oser sa vraie couleur ! - Fifty &amp; Me MAGAZINE\",\"isPartOf\":{\"@id\":\"https:\/\/www.fiftyandmemagazine.be\/fr\/#website\"},\"primaryImageOfPage\":{\"@id\":\"https:\/\/www.fiftyandmemagazine.be\/fr\/beaute\/cheveux\/cheveux-gris-blancs-ou-argentes-oser-sa-vraie-couleur#primaryimage\"},\"image\":{\"@id\":\"https:\/\/www.fiftyandmemagazine.be\/fr\/beaute\/cheveux\/cheveux-gris-blancs-ou-argentes-oser-sa-vraie-couleur#primaryimage\"},\"thumbnailUrl\":\"https:\/\/www.fiftyandmemagazine.be\/fr\/wp-content\/uploads\/2025\/09\/chatgpt-image-23-sept-2025-14-50-57.jpg\",\"datePublished\":\"2025-09-24T09:52:03+00:00\",\"author\":{\"@id\":\"https:\/\/www.fiftyandmemagazine.be\/fr\/#\/schema\/person\/2e5af1642eba6ca5bc1a3b57188ddb21\"},\"description\":\"Loin d\u2019un renoncement, le choix du naturel est peut-\u00eatre l\u2019acte de beaut\u00e9 le plus moderne qui soit. Il dit : \\\"Je ne me cache plus.\\\"\",\"breadcrumb\":{\"@id\":\"https:\/\/www.fiftyandmemagazine.be\/fr\/beaute\/cheveux\/cheveux-gris-blancs-ou-argentes-oser-sa-vraie-couleur#breadcrumb\"},\"inLanguage\":\"fr-FR\",\"potentialAction\":[{\"@type\":\"ReadAction\",\"target\":[\"https:\/\/www.fiftyandmemagazine.be\/fr\/beaute\/cheveux\/cheveux-gris-blancs-ou-argentes-oser-sa-vraie-couleur\"]}]},{\"@type\":\"ImageObject\",\"inLanguage\":\"fr-FR\",\"@id\":\"https:\/\/www.fiftyandmemagazine.be\/fr\/beaute\/cheveux\/cheveux-gris-blancs-ou-argentes-oser-sa-vraie-couleur#primaryimage\",\"url\":\"https:\/\/www.fiftyandmemagazine.be\/fr\/wp-content\/uploads\/2025\/09\/chatgpt-image-23-sept-2025-14-50-57.jpg\",\"contentUrl\":\"https:\/\/www.fiftyandmemagazine.be\/fr\/wp-content\/uploads\/2025\/09\/chatgpt-image-23-sept-2025-14-50-57.jpg\",\"width\":1536,\"height\":1024},{\"@type\":\"BreadcrumbList\",\"@id\":\"https:\/\/www.fiftyandmemagazine.be\/fr\/beaute\/cheveux\/cheveux-gris-blancs-ou-argentes-oser-sa-vraie-couleur#breadcrumb\",\"itemListElement\":[{\"@type\":\"ListItem\",\"position\":1,\"name\":\"Beaut\u00e9\",\"item\":\"https:\/\/www.fiftyandmemagazine.be\/fr\/beaute\"},{\"@type\":\"ListItem\",\"position\":2,\"name\":\"Cheveux\",\"item\":\"https:\/\/www.fiftyandmemagazine.be\/fr\/beaute\/cheveux\"},{\"@type\":\"ListItem\",\"position\":3,\"name\":\"Cheveux gris, blancs ou argent\u00e9s : oser sa vraie couleur !\"}]},{\"@type\":\"WebSite\",\"@id\":\"https:\/\/www.fiftyandmemagazine.be\/fr\/#website\",\"url\":\"https:\/\/www.fiftyandmemagazine.be\/fr\/\",\"name\":\"Fifty &amp; Me MAGAZINE\",\"description\":\"Et si la vie commen\u00e7ait \u00e0 50 ans ?\",\"potentialAction\":[{\"@type\":\"SearchAction\",\"target\":{\"@type\":\"EntryPoint\",\"urlTemplate\":\"https:\/\/www.fiftyandmemagazine.be\/fr\/?s={search_term_string}\"},\"query-input\":{\"@type\":\"PropertyValueSpecification\",\"valueRequired\":true,\"valueName\":\"search_term_string\"}}],\"inLanguage\":\"fr-FR\"},{\"@type\":\"Person\",\"@id\":\"https:\/\/www.fiftyandmemagazine.be\/fr\/#\/schema\/person\/2e5af1642eba6ca5bc1a3b57188ddb21\",\"name\":\"Magali Duqu\u00e9\",\"url\":\"https:\/\/www.fiftyandmemagazine.be\/fr\/author\/mdueditionventures-be\"}]}<\/script>\n<!-- \/ Yoast SEO plugin. -->","yoast_head_json":{"title":"Cheveux gris, blancs ou argent\u00e9s : oser sa vraie couleur ! - Fifty &amp; Me MAGAZINE","description":"Loin d\u2019un renoncement, le choix du naturel est peut-\u00eatre l\u2019acte de beaut\u00e9 le plus moderne qui soit. Il dit : \"Je ne me cache plus.\"","robots":{"index":"index","follow":"follow","max-snippet":"max-snippet:-1","max-image-preview":"max-image-preview:large","max-video-preview":"max-video-preview:-1"},"canonical":"https:\/\/www.fiftyandmemagazine.be\/fr\/beaute\/cheveux\/cheveux-gris-blancs-ou-argentes-oser-sa-vraie-couleur","og_locale":"fr_FR","og_type":"article","og_title":"Cheveux gris, blancs ou argent\u00e9s : oser sa vraie couleur ! - Fifty &amp; Me MAGAZINE","og_description":"Loin d\u2019un renoncement, le choix du naturel est peut-\u00eatre l\u2019acte de beaut\u00e9 le plus moderne qui soit. Il dit : \"Je ne me cache plus.\"","og_url":"https:\/\/www.fiftyandmemagazine.be\/fr\/beaute\/cheveux\/cheveux-gris-blancs-ou-argentes-oser-sa-vraie-couleur","og_site_name":"Fifty &amp; Me MAGAZINE","article_published_time":"2025-09-24T09:52:03+00:00","og_image":[{"width":1536,"height":1024,"url":"https:\/\/www.fiftyandmemagazine.be\/fr\/wp-content\/uploads\/2025\/09\/chatgpt-image-23-sept-2025-14-50-57.jpg","type":"image\/jpeg"}],"author":"Magali Duqu\u00e9","twitter_card":"summary_large_image","twitter_misc":{"\u00c9crit par":"Magali Duqu\u00e9","Dur\u00e9e de lecture estim\u00e9e":"3 minutes"},"schema":{"@context":"https:\/\/schema.org","@graph":[{"@type":"WebPage","@id":"https:\/\/www.fiftyandmemagazine.be\/fr\/beaute\/cheveux\/cheveux-gris-blancs-ou-argentes-oser-sa-vraie-couleur","url":"https:\/\/www.fiftyandmemagazine.be\/fr\/beaute\/cheveux\/cheveux-gris-blancs-ou-argentes-oser-sa-vraie-couleur","name":"Cheveux gris, blancs ou argent\u00e9s : oser sa vraie couleur ! - Fifty &amp; Me MAGAZINE","isPartOf":{"@id":"https:\/\/www.fiftyandmemagazine.be\/fr\/#website"},"primaryImageOfPage":{"@id":"https:\/\/www.fiftyandmemagazine.be\/fr\/beaute\/cheveux\/cheveux-gris-blancs-ou-argentes-oser-sa-vraie-couleur#primaryimage"},"image":{"@id":"https:\/\/www.fiftyandmemagazine.be\/fr\/beaute\/cheveux\/cheveux-gris-blancs-ou-argentes-oser-sa-vraie-couleur#primaryimage"},"thumbnailUrl":"https:\/\/www.fiftyandmemagazine.be\/fr\/wp-content\/uploads\/2025\/09\/chatgpt-image-23-sept-2025-14-50-57.jpg","datePublished":"2025-09-24T09:52:03+00:00","author":{"@id":"https:\/\/www.fiftyandmemagazine.be\/fr\/#\/schema\/person\/2e5af1642eba6ca5bc1a3b57188ddb21"},"description":"Loin d\u2019un renoncement, le choix du naturel est peut-\u00eatre l\u2019acte de beaut\u00e9 le plus moderne qui soit. Il dit : \"Je ne me cache plus.\"","breadcrumb":{"@id":"https:\/\/www.fiftyandmemagazine.be\/fr\/beaute\/cheveux\/cheveux-gris-blancs-ou-argentes-oser-sa-vraie-couleur#breadcrumb"},"inLanguage":"fr-FR","potentialAction":[{"@type":"ReadAction","target":["https:\/\/www.fiftyandmemagazine.be\/fr\/beaute\/cheveux\/cheveux-gris-blancs-ou-argentes-oser-sa-vraie-couleur"]}]},{"@type":"ImageObject","inLanguage":"fr-FR","@id":"https:\/\/www.fiftyandmemagazine.be\/fr\/beaute\/cheveux\/cheveux-gris-blancs-ou-argentes-oser-sa-vraie-couleur#primaryimage","url":"https:\/\/www.fiftyandmemagazine.be\/fr\/wp-content\/uploads\/2025\/09\/chatgpt-image-23-sept-2025-14-50-57.jpg","contentUrl":"https:\/\/www.fiftyandmemagazine.be\/fr\/wp-content\/uploads\/2025\/09\/chatgpt-image-23-sept-2025-14-50-57.jpg","width":1536,"height":1024},{"@type":"BreadcrumbList","@id":"https:\/\/www.fiftyandmemagazine.be\/fr\/beaute\/cheveux\/cheveux-gris-blancs-ou-argentes-oser-sa-vraie-couleur#breadcrumb","itemListElement":[{"@type":"ListItem","position":1,"name":"Beaut\u00e9","item":"https:\/\/www.fiftyandmemagazine.be\/fr\/beaute"},{"@type":"ListItem","position":2,"name":"Cheveux","item":"https:\/\/www.fiftyandmemagazine.be\/fr\/beaute\/cheveux"},{"@type":"ListItem","position":3,"name":"Cheveux gris, blancs ou argent\u00e9s : oser sa vraie couleur !"}]},{"@type":"WebSite","@id":"https:\/\/www.fiftyandmemagazine.be\/fr\/#website","url":"https:\/\/www.fiftyandmemagazine.be\/fr\/","name":"Fifty &amp; Me MAGAZINE","description":"Et si la vie commen\u00e7ait \u00e0 50 ans ?","potentialAction":[{"@type":"SearchAction","target":{"@type":"EntryPoint","urlTemplate":"https:\/\/www.fiftyandmemagazine.be\/fr\/?s={search_term_string}"},"query-input":{"@type":"PropertyValueSpecification","valueRequired":true,"valueName":"search_term_string"}}],"inLanguage":"fr-FR"},{"@type":"Person","@id":"https:\/\/www.fiftyandmemagazine.be\/fr\/#\/schema\/person\/2e5af1642eba6ca5bc1a3b57188ddb21","name":"Magali Duqu\u00e9","url":"https:\/\/www.fiftyandmemagazine.be\/fr\/author\/mdueditionventures-be"}]}},"modified_by":"Magali Duqu\u00e9","_links":{"self":[{"href":"https:\/\/www.fiftyandmemagazine.be\/fr\/wp-json\/wp\/v2\/posts\/63472","targetHints":{"allow":["GET"]}}],"collection":[{"href":"https:\/\/www.fiftyandmemagazine.be\/fr\/wp-json\/wp\/v2\/posts"}],"about":[{"href":"https:\/\/www.fiftyandmemagazine.be\/fr\/wp-json\/wp\/v2\/types\/post"}],"author":[{"embeddable":true,"href":"https:\/\/www.fiftyandmemagazine.be\/fr\/wp-json\/wp\/v2\/users\/24"}],"replies":[{"embeddable":true,"href":"https:\/\/www.fiftyandmemagazine.be\/fr\/wp-json\/wp\/v2\/comments?post=63472"}],"version-history":[{"count":2,"href":"https:\/\/www.fiftyandmemagazine.be\/fr\/wp-json\/wp\/v2\/posts\/63472\/revisions"}],"predecessor-version":[{"id":63836,"href":"https:\/\/www.fiftyandmemagazine.be\/fr\/wp-json\/wp\/v2\/posts\/63472\/revisions\/63836"}],"wp:featuredmedia":[{"embeddable":true,"href":"https:\/\/www.fiftyandmemagazine.be\/fr\/wp-json\/wp\/v2\/media\/63837"}],"wp:attachment":[{"href":"https:\/\/www.fiftyandmemagazine.be\/fr\/wp-json\/wp\/v2\/media?parent=63472"}],"wp:term":[{"taxonomy":"category","embeddable":true,"href":"https:\/\/www.fiftyandmemagazine.be\/fr\/wp-json\/wp\/v2\/categories?post=63472"},{"taxonomy":"post_tag","embeddable":true,"href":"https:\/\/www.fiftyandmemagazine.be\/fr\/wp-json\/wp\/v2\/tags?post=63472"}],"curies":[{"name":"wp","href":"https:\/\/api.w.org\/{rel}","templated":true}]}}