{"id":65271,"date":"2026-08-31T07:57:40","date_gmt":"2026-08-31T05:57:40","guid":{"rendered":"https:\/\/www.fiftyandmemagazine.be\/fr\/?p=65271"},"modified":"2026-08-31T09:26:01","modified_gmt":"2026-08-31T07:26:01","slug":"cancer-comprendre-les-causes-et-reduire-les-risques","status":"publish","type":"post","link":"https:\/\/www.fiftyandmemagazine.be\/fr\/sante\/cancer-comprendre-les-causes-et-reduire-les-risques","title":{"rendered":"Cancer : comprendre les causes et r\u00e9duire les risques"},"content":{"rendered":"<span class=\"span-reading-time rt-reading-time\" style=\"display: block;\"><span class=\"rt-label rt-prefix\">Reading Time: <\/span> <span class=\"rt-time\"> 3<\/span> <span class=\"rt-label rt-postfix\">minutes<\/span><\/span><p data-start=\"484\" data-end=\"933\">Le Dr Philippe Westerlinck propose un regard r\u00e9solument accessible sur l&rsquo;une des maladies les plus redout\u00e9es de notre \u00e9poque. Son ambition n&rsquo;est ni de culpabiliser, ni de promettre l&rsquo;impossible. Elle est bien plus pr\u00e9cieuse : donner \u00e0 chacun les cl\u00e9s pour comprendre ce qui influence r\u00e9ellement le risque de d\u00e9velopper un cancer.<\/p>\n<h2 data-section-id=\"suq351\" data-start=\"935\" data-end=\"973\">La pr\u00e9vention, un formidable levier<\/h2>\n<p data-start=\"975\" data-end=\"1245\">On entend souvent que le cancer est une question de malchance. Si une part de hasard existe bel et bien, elle n&rsquo;explique pas tout. Les connaissances scientifiques accumul\u00e9es ces derni\u00e8res d\u00e9cennies montrent que de nombreux facteurs de risque sont aujourd&rsquo;hui identifi\u00e9s.<\/p>\n<p data-start=\"1247\" data-end=\"1564\">Selon les estimations reprises dans l&rsquo;ouvrage, jusqu&rsquo;\u00e0 <strong data-start=\"1302\" data-end=\"1345\">90 % des cancers pourraient \u00eatre \u00e9vit\u00e9s<\/strong> gr\u00e2ce \u00e0 une meilleure pr\u00e9vention. Un chiffre qui interpelle et qui rappelle surtout combien nos habitudes quotidiennes, notre environnement ou encore nos conditions de travail jouent un r\u00f4le essentiel dans notre sant\u00e9.<\/p>\n<p data-start=\"1566\" data-end=\"1721\">Loin de faire porter toute la responsabilit\u00e9 sur les individus, le Dr Westerlinck invite \u00e0 comprendre ces m\u00e9canismes afin de faire des choix plus \u00e9clair\u00e9s.<\/p>\n<h2 data-section-id=\"g5lyj2\" data-start=\"1723\" data-end=\"1757\">Des gestes simples qui comptent<\/h2>\n<p data-start=\"1759\" data-end=\"1866\">L&rsquo;un des m\u00e9rites du livre est de traduire des donn\u00e9es scientifiques parfois complexes en conseils concrets.<\/p>\n<p data-start=\"1868\" data-end=\"1933\">Ainsi, certaines habitudes peuvent avoir un impact significatif :<\/p>\n<ul data-start=\"1935\" data-end=\"2345\">\n<li data-section-id=\"liu07i\" data-start=\"1935\" data-end=\"2035\">boire suffisamment d&rsquo;eau pourrait r\u00e9duire de mani\u00e8re importante le risque de cancer de la vessie ;<\/li>\n<li data-section-id=\"u35qyf\" data-start=\"2036\" data-end=\"2158\">pratiquer environ deux heures d&rsquo;activit\u00e9 physique par semaine contribuerait d\u00e9j\u00e0 \u00e0 diminuer le risque global de cancer ;<\/li>\n<li data-section-id=\"1bghl4i\" data-start=\"2159\" data-end=\"2345\">le travail de nuit, souvent sous-estim\u00e9, est aujourd&rsquo;hui reconnu comme un facteur augmentant le risque de plusieurs cancers, notamment en raison des perturbations du rythme biologique.<\/li>\n<\/ul>\n<p data-start=\"2347\" data-end=\"2560\">Ces exemples illustrent une id\u00e9e essentielle : la pr\u00e9vention ne repose pas sur des changements spectaculaires, mais sur une accumulation de petits choix qui, au fil des ann\u00e9es, peuvent faire une r\u00e9elle diff\u00e9rence.<\/p>\n<h2 data-section-id=\"tduh8d\" data-start=\"2562\" data-end=\"2592\">Comprendre plut\u00f4t que subir<\/h2>\n<p data-start=\"2594\" data-end=\"2799\">L&rsquo;ouvrage aborde \u00e9galement les autres facteurs de risque : les pr\u00e9dispositions g\u00e9n\u00e9tiques, l&rsquo;alimentation, le tabac, l&rsquo;alcool, les expositions professionnelles ou encore certains facteurs environnementaux.<\/p>\n<p data-start=\"2801\" data-end=\"3011\">Le ton est rassurant sans \u00eatre simpliste. Le cancer n&rsquo;est jamais pr\u00e9sent\u00e9 comme une maladie que l&rsquo;on pourrait \u00e9viter avec certitude. Il rappelle au contraire qu&rsquo;aucune mesure ne garantit une protection absolue.<\/p>\n<p data-start=\"3013\" data-end=\"3323\">En revanche, mieux conna\u00eetre les m\u00e9canismes qui favorisent son apparition permet de reprendre une part de contr\u00f4le sur sa sant\u00e9. Une approche particuli\u00e8rement pertinente \u00e0 une \u00e9poque o\u00f9 la m\u00e9decine pr\u00e9ventive occupe une place croissante dans les politiques de sant\u00e9 comme dans les pr\u00e9occupations individuelles.<\/p>\n<h2 data-section-id=\"ul2h0t\" data-start=\"3325\" data-end=\"3361\">Au plus pr\u00e8s du terrain<\/h2>\n<p data-start=\"3363\" data-end=\"3691\">Le Dr Philippe Westerlinck conna\u00eet le cancer autant par la recherche que par la pratique clinique. Radio-oncologue au CHU de Li\u00e8ge, il accompagne quotidiennement des patients atteints de cancers du sein et du poumon. Son go\u00fbt pour la vulgarisation scientifique l&rsquo;a \u00e9galement conduit \u00e0 d\u00e9velopper l&rsquo;application Cancer Risk Calculator, t\u00e9l\u00e9charg\u00e9e par plus de 110 000 utilisateurs, qui permet d&rsquo;estimer son risque personnel de cancer \u00e0 partir de diff\u00e9rents facteurs connus.<\/p>\n<p data-start=\"3953\" data-end=\"4110\">Cette double expertise, scientifique et p\u00e9dagogique, donne au livre une cr\u00e9dibilit\u00e9 pr\u00e9cieuse tout en le rendant particuli\u00e8rement accessible au grand public.<\/p>\n<h2 data-section-id=\"1ommqmu\" data-start=\"4112\" data-end=\"4146\">Un livre qui donne envie d&rsquo;agir<\/h2>\n<p data-start=\"4148\" data-end=\"4375\">\u00c0 partir de cinquante ans, la question de la pr\u00e9vention prend souvent une dimension nouvelle. On devient plus attentif \u00e0 sa sant\u00e9, aux examens de d\u00e9pistage, \u00e0 son alimentation, \u00e0 son activit\u00e9 physique ou \u00e0 son \u00e9quilibre de vie.<\/p>\n<p data-start=\"4377\" data-end=\"4753\">Sans jamais c\u00e9der au catastrophisme, <em data-start=\"4414\" data-end=\"4472\">Le cancer : comprendre les causes et r\u00e9duire les risques<\/em> rappelle qu&rsquo;il n&rsquo;est jamais trop tard pour adopter des habitudes b\u00e9n\u00e9fiques. Parce que chaque geste compte, parce que mieux comprendre permet souvent de mieux choisir, cet ouvrage s&rsquo;inscrit dans une d\u00e9marche profond\u00e9ment positive : transformer la connaissance en pouvoir d&rsquo;action.<\/p>\n<p data-start=\"4755\" data-end=\"4840\">Un message porteur d&rsquo;espoir, fond\u00e9 sur la science et r\u00e9solument tourn\u00e9 vers l&rsquo;avenir.<\/p>\n<p data-start=\"4755\" data-end=\"4840\"><img loading=\"lazy\" decoding=\"async\" class=\" wp-image-65274 aligncenter\" src=\"https:\/\/www.fiftyandmemagazine.be\/fr\/wp-content\/uploads\/2026\/08\/unnamed-10.jpg\" alt=\"\" width=\"500\" height=\"766\" srcset=\"https:\/\/www.fiftyandmemagazine.be\/fr\/wp-content\/uploads\/2026\/08\/unnamed-10.jpg 887w, https:\/\/www.fiftyandmemagazine.be\/fr\/wp-content\/uploads\/2026\/08\/unnamed-10-768x1177.jpg 768w\" sizes=\"auto, (max-width: 500px) 100vw, 500px\" \/><\/p>\n<p style=\"text-align: center;\" data-start=\"4866\" data-end=\"5034\" data-is-last-node=\"\" data-is-only-node=\"\"><em><strong data-start=\"4866\" data-end=\"4926\">Le cancer : comprendre les causes et r\u00e9duire les risques<\/strong><\/em><br data-start=\"4926\" data-end=\"4929\" \/><em>Dr Philippe Westerlinck<\/em><br data-start=\"4956\" data-end=\"4959\" \/><em>\u00c9ditions Racine<\/em><br data-start=\"4974\" data-end=\"4977\" \/><em>288 pages<\/em><br data-start=\"5017\" data-end=\"5020\" \/><em>25,99 \u20ac<\/em><\/p>\n","protected":false},"excerpt":{"rendered":"<p><span class=\"span-reading-time rt-reading-time\" style=\"display: block;\"><span class=\"rt-label rt-prefix\">Reading Time: <\/span> <span class=\"rt-time\"> 3<\/span> <span class=\"rt-label rt-postfix\">minutes<\/span><\/span>Le Dr Philippe Westerlinck propose un regard r\u00e9solument accessible sur [&hellip;]<\/p>\n","protected":false},"author":24,"featured_media":65276,"comment_status":"open","ping_status":"closed","sticky":false,"template":"","format":"standard","meta":{"_lmt_disableupdate":"no","_lmt_disable":"","footnotes":""},"categories":[1065],"tags":[],"class_list":["post-65271","post","type-post","status-publish","format-standard","has-post-thumbnail","hentry","category-sante"],"yoast_head":"<!-- This site is optimized with the Yoast SEO plugin v26.3 - https:\/\/yoast.com\/wordpress\/plugins\/seo\/ -->\n<title>Cancer : comprendre les causes et r\u00e9duire les risques - Fifty &amp; Me MAGAZINE<\/title>\n<meta name=\"description\" content=\"Le nouveau livre du Dr Philippe Westerlinck remet la pr\u00e9vention au c\u0153ur de notre pouvoir d&#039;agir.\u00a0\" \/>\n<meta name=\"robots\" content=\"index, follow, max-snippet:-1, max-image-preview:large, max-video-preview:-1\" \/>\n<link rel=\"canonical\" href=\"https:\/\/www.fiftyandmemagazine.be\/fr\/sante\/cancer-comprendre-les-causes-et-reduire-les-risques\" \/>\n<meta property=\"og:locale\" content=\"fr_FR\" \/>\n<meta property=\"og:type\" content=\"article\" \/>\n<meta property=\"og:title\" content=\"Cancer : comprendre les causes et r\u00e9duire les risques - Fifty &amp; Me MAGAZINE\" \/>\n<meta property=\"og:description\" content=\"Le nouveau livre du Dr Philippe Westerlinck remet la pr\u00e9vention au c\u0153ur de notre pouvoir d&#039;agir.\u00a0\" \/>\n<meta property=\"og:url\" content=\"https:\/\/www.fiftyandmemagazine.be\/fr\/sante\/cancer-comprendre-les-causes-et-reduire-les-risques\" \/>\n<meta property=\"og:site_name\" content=\"Fifty &amp; Me MAGAZINE\" \/>\n<meta property=\"article:published_time\" content=\"2026-08-31T05:57:40+00:00\" \/>\n<meta property=\"article:modified_time\" content=\"2026-08-31T07:26:01+00:00\" \/>\n<meta property=\"og:image\" content=\"https:\/\/www.fiftyandmemagazine.be\/fr\/wp-content\/uploads\/2026\/08\/shutterstock-2688608343.jpg\" \/>\n\t<meta property=\"og:image:width\" content=\"6581\" \/>\n\t<meta property=\"og:image:height\" content=\"4387\" \/>\n\t<meta property=\"og:image:type\" content=\"image\/jpeg\" \/>\n<meta name=\"author\" content=\"Magali Duqu\u00e9\" \/>\n<meta name=\"twitter:card\" content=\"summary_large_image\" \/>\n<meta name=\"twitter:label1\" content=\"\u00c9crit par\" \/>\n\t<meta name=\"twitter:data1\" content=\"Magali Duqu\u00e9\" \/>\n\t<meta name=\"twitter:label2\" content=\"Dur\u00e9e de lecture estim\u00e9e\" \/>\n\t<meta name=\"twitter:data2\" content=\"4 minutes\" \/>\n<script type=\"application\/ld+json\" class=\"yoast-schema-graph\">{\"@context\":\"https:\/\/schema.org\",\"@graph\":[{\"@type\":\"WebPage\",\"@id\":\"https:\/\/www.fiftyandmemagazine.be\/fr\/sante\/cancer-comprendre-les-causes-et-reduire-les-risques\",\"url\":\"https:\/\/www.fiftyandmemagazine.be\/fr\/sante\/cancer-comprendre-les-causes-et-reduire-les-risques\",\"name\":\"Cancer : comprendre les causes et r\u00e9duire les risques - Fifty &amp; Me MAGAZINE\",\"isPartOf\":{\"@id\":\"https:\/\/www.fiftyandmemagazine.be\/fr\/#website\"},\"primaryImageOfPage\":{\"@id\":\"https:\/\/www.fiftyandmemagazine.be\/fr\/sante\/cancer-comprendre-les-causes-et-reduire-les-risques#primaryimage\"},\"image\":{\"@id\":\"https:\/\/www.fiftyandmemagazine.be\/fr\/sante\/cancer-comprendre-les-causes-et-reduire-les-risques#primaryimage\"},\"thumbnailUrl\":\"https:\/\/www.fiftyandmemagazine.be\/fr\/wp-content\/uploads\/2026\/08\/shutterstock-2688608343.jpg\",\"datePublished\":\"2026-08-31T05:57:40+00:00\",\"dateModified\":\"2026-08-31T07:26:01+00:00\",\"author\":{\"@id\":\"https:\/\/www.fiftyandmemagazine.be\/fr\/#\/schema\/person\/2e5af1642eba6ca5bc1a3b57188ddb21\"},\"description\":\"Le nouveau livre du Dr Philippe Westerlinck remet la pr\u00e9vention au c\u0153ur de notre pouvoir d'agir.\u00a0\",\"breadcrumb\":{\"@id\":\"https:\/\/www.fiftyandmemagazine.be\/fr\/sante\/cancer-comprendre-les-causes-et-reduire-les-risques#breadcrumb\"},\"inLanguage\":\"fr-FR\",\"potentialAction\":[{\"@type\":\"ReadAction\",\"target\":[\"https:\/\/www.fiftyandmemagazine.be\/fr\/sante\/cancer-comprendre-les-causes-et-reduire-les-risques\"]}]},{\"@type\":\"ImageObject\",\"inLanguage\":\"fr-FR\",\"@id\":\"https:\/\/www.fiftyandmemagazine.be\/fr\/sante\/cancer-comprendre-les-causes-et-reduire-les-risques#primaryimage\",\"url\":\"https:\/\/www.fiftyandmemagazine.be\/fr\/wp-content\/uploads\/2026\/08\/shutterstock-2688608343.jpg\",\"contentUrl\":\"https:\/\/www.fiftyandmemagazine.be\/fr\/wp-content\/uploads\/2026\/08\/shutterstock-2688608343.jpg\",\"width\":6581,\"height\":4387},{\"@type\":\"BreadcrumbList\",\"@id\":\"https:\/\/www.fiftyandmemagazine.be\/fr\/sante\/cancer-comprendre-les-causes-et-reduire-les-risques#breadcrumb\",\"itemListElement\":[{\"@type\":\"ListItem\",\"position\":1,\"name\":\"Sant\u00e9\",\"item\":\"https:\/\/www.fiftyandmemagazine.be\/fr\/sante\"},{\"@type\":\"ListItem\",\"position\":2,\"name\":\"Cancer : comprendre les causes et r\u00e9duire les risques\"}]},{\"@type\":\"WebSite\",\"@id\":\"https:\/\/www.fiftyandmemagazine.be\/fr\/#website\",\"url\":\"https:\/\/www.fiftyandmemagazine.be\/fr\/\",\"name\":\"Fifty &amp; Me MAGAZINE\",\"description\":\"Et si la vie commen\u00e7ait \u00e0 50 ans ?\",\"potentialAction\":[{\"@type\":\"SearchAction\",\"target\":{\"@type\":\"EntryPoint\",\"urlTemplate\":\"https:\/\/www.fiftyandmemagazine.be\/fr\/?s={search_term_string}\"},\"query-input\":{\"@type\":\"PropertyValueSpecification\",\"valueRequired\":true,\"valueName\":\"search_term_string\"}}],\"inLanguage\":\"fr-FR\"},{\"@type\":\"Person\",\"@id\":\"https:\/\/www.fiftyandmemagazine.be\/fr\/#\/schema\/person\/2e5af1642eba6ca5bc1a3b57188ddb21\",\"name\":\"Magali Duqu\u00e9\",\"url\":\"https:\/\/www.fiftyandmemagazine.be\/fr\/author\/mdueditionventures-be\"}]}<\/script>\n<!-- \/ Yoast SEO plugin. -->","yoast_head_json":{"title":"Cancer : comprendre les causes et r\u00e9duire les risques - Fifty &amp; Me MAGAZINE","description":"Le nouveau livre du Dr Philippe Westerlinck remet la pr\u00e9vention au c\u0153ur de notre pouvoir d'agir.\u00a0","robots":{"index":"index","follow":"follow","max-snippet":"max-snippet:-1","max-image-preview":"max-image-preview:large","max-video-preview":"max-video-preview:-1"},"canonical":"https:\/\/www.fiftyandmemagazine.be\/fr\/sante\/cancer-comprendre-les-causes-et-reduire-les-risques","og_locale":"fr_FR","og_type":"article","og_title":"Cancer : comprendre les causes et r\u00e9duire les risques - Fifty &amp; Me MAGAZINE","og_description":"Le nouveau livre du Dr Philippe Westerlinck remet la pr\u00e9vention au c\u0153ur de notre pouvoir d'agir.\u00a0","og_url":"https:\/\/www.fiftyandmemagazine.be\/fr\/sante\/cancer-comprendre-les-causes-et-reduire-les-risques","og_site_name":"Fifty &amp; Me MAGAZINE","article_published_time":"2026-08-31T05:57:40+00:00","article_modified_time":"2026-08-31T07:26:01+00:00","og_image":[{"url":"https:\/\/www.fiftyandmemagazine.be\/fr\/wp-content\/uploads\/2026\/08\/shutterstock-2688608343.jpg","width":6581,"height":4387,"type":"image\/jpeg"}],"author":"Magali Duqu\u00e9","twitter_card":"summary_large_image","twitter_misc":{"\u00c9crit par":"Magali Duqu\u00e9","Dur\u00e9e de lecture estim\u00e9e":"4 minutes"},"schema":{"@context":"https:\/\/schema.org","@graph":[{"@type":"WebPage","@id":"https:\/\/www.fiftyandmemagazine.be\/fr\/sante\/cancer-comprendre-les-causes-et-reduire-les-risques","url":"https:\/\/www.fiftyandmemagazine.be\/fr\/sante\/cancer-comprendre-les-causes-et-reduire-les-risques","name":"Cancer : comprendre les causes et r\u00e9duire les risques - Fifty &amp; Me MAGAZINE","isPartOf":{"@id":"https:\/\/www.fiftyandmemagazine.be\/fr\/#website"},"primaryImageOfPage":{"@id":"https:\/\/www.fiftyandmemagazine.be\/fr\/sante\/cancer-comprendre-les-causes-et-reduire-les-risques#primaryimage"},"image":{"@id":"https:\/\/www.fiftyandmemagazine.be\/fr\/sante\/cancer-comprendre-les-causes-et-reduire-les-risques#primaryimage"},"thumbnailUrl":"https:\/\/www.fiftyandmemagazine.be\/fr\/wp-content\/uploads\/2026\/08\/shutterstock-2688608343.jpg","datePublished":"2026-08-31T05:57:40+00:00","dateModified":"2026-08-31T07:26:01+00:00","author":{"@id":"https:\/\/www.fiftyandmemagazine.be\/fr\/#\/schema\/person\/2e5af1642eba6ca5bc1a3b57188ddb21"},"description":"Le nouveau livre du Dr Philippe Westerlinck remet la pr\u00e9vention au c\u0153ur de notre pouvoir d'agir.\u00a0","breadcrumb":{"@id":"https:\/\/www.fiftyandmemagazine.be\/fr\/sante\/cancer-comprendre-les-causes-et-reduire-les-risques#breadcrumb"},"inLanguage":"fr-FR","potentialAction":[{"@type":"ReadAction","target":["https:\/\/www.fiftyandmemagazine.be\/fr\/sante\/cancer-comprendre-les-causes-et-reduire-les-risques"]}]},{"@type":"ImageObject","inLanguage":"fr-FR","@id":"https:\/\/www.fiftyandmemagazine.be\/fr\/sante\/cancer-comprendre-les-causes-et-reduire-les-risques#primaryimage","url":"https:\/\/www.fiftyandmemagazine.be\/fr\/wp-content\/uploads\/2026\/08\/shutterstock-2688608343.jpg","contentUrl":"https:\/\/www.fiftyandmemagazine.be\/fr\/wp-content\/uploads\/2026\/08\/shutterstock-2688608343.jpg","width":6581,"height":4387},{"@type":"BreadcrumbList","@id":"https:\/\/www.fiftyandmemagazine.be\/fr\/sante\/cancer-comprendre-les-causes-et-reduire-les-risques#breadcrumb","itemListElement":[{"@type":"ListItem","position":1,"name":"Sant\u00e9","item":"https:\/\/www.fiftyandmemagazine.be\/fr\/sante"},{"@type":"ListItem","position":2,"name":"Cancer : comprendre les causes et r\u00e9duire les risques"}]},{"@type":"WebSite","@id":"https:\/\/www.fiftyandmemagazine.be\/fr\/#website","url":"https:\/\/www.fiftyandmemagazine.be\/fr\/","name":"Fifty &amp; Me MAGAZINE","description":"Et si la vie commen\u00e7ait \u00e0 50 ans ?","potentialAction":[{"@type":"SearchAction","target":{"@type":"EntryPoint","urlTemplate":"https:\/\/www.fiftyandmemagazine.be\/fr\/?s={search_term_string}"},"query-input":{"@type":"PropertyValueSpecification","valueRequired":true,"valueName":"search_term_string"}}],"inLanguage":"fr-FR"},{"@type":"Person","@id":"https:\/\/www.fiftyandmemagazine.be\/fr\/#\/schema\/person\/2e5af1642eba6ca5bc1a3b57188ddb21","name":"Magali Duqu\u00e9","url":"https:\/\/www.fiftyandmemagazine.be\/fr\/author\/mdueditionventures-be"}]}},"modified_by":"Magali Duqu\u00e9","_links":{"self":[{"href":"https:\/\/www.fiftyandmemagazine.be\/fr\/wp-json\/wp\/v2\/posts\/65271","targetHints":{"allow":["GET"]}}],"collection":[{"href":"https:\/\/www.fiftyandmemagazine.be\/fr\/wp-json\/wp\/v2\/posts"}],"about":[{"href":"https:\/\/www.fiftyandmemagazine.be\/fr\/wp-json\/wp\/v2\/types\/post"}],"author":[{"embeddable":true,"href":"https:\/\/www.fiftyandmemagazine.be\/fr\/wp-json\/wp\/v2\/users\/24"}],"replies":[{"embeddable":true,"href":"https:\/\/www.fiftyandmemagazine.be\/fr\/wp-json\/wp\/v2\/comments?post=65271"}],"version-history":[{"count":3,"href":"https:\/\/www.fiftyandmemagazine.be\/fr\/wp-json\/wp\/v2\/posts\/65271\/revisions"}],"predecessor-version":[{"id":65275,"href":"https:\/\/www.fiftyandmemagazine.be\/fr\/wp-json\/wp\/v2\/posts\/65271\/revisions\/65275"}],"wp:featuredmedia":[{"embeddable":true,"href":"https:\/\/www.fiftyandmemagazine.be\/fr\/wp-json\/wp\/v2\/media\/65276"}],"wp:attachment":[{"href":"https:\/\/www.fiftyandmemagazine.be\/fr\/wp-json\/wp\/v2\/media?parent=65271"}],"wp:term":[{"taxonomy":"category","embeddable":true,"href":"https:\/\/www.fiftyandmemagazine.be\/fr\/wp-json\/wp\/v2\/categories?post=65271"},{"taxonomy":"post_tag","embeddable":true,"href":"https:\/\/www.fiftyandmemagazine.be\/fr\/wp-json\/wp\/v2\/tags?post=65271"}],"curies":[{"name":"wp","href":"https:\/\/api.w.org\/{rel}","templated":true}]}}