{"id":65416,"date":"2026-09-04T13:09:48","date_gmt":"2026-09-04T11:09:48","guid":{"rendered":"https:\/\/www.fiftyandmemagazine.be\/fr\/?p=65416"},"modified":"2026-09-04T13:09:48","modified_gmt":"2026-09-04T11:09:48","slug":"face-yoga-quelques-minutes-par-jour-pour-prendre-soin-de-soi","status":"publish","type":"post","link":"https:\/\/www.fiftyandmemagazine.be\/fr\/beaute\/face-yoga-quelques-minutes-par-jour-pour-prendre-soin-de-soi","title":{"rendered":"Face yoga : Quelques minutes par jour pour prendre soin de soi"},"content":{"rendered":"<span class=\"span-reading-time rt-reading-time\" style=\"display: block;\"><span class=\"rt-label rt-prefix\">Reading Time: <\/span> <span class=\"rt-time\"> 2<\/span> <span class=\"rt-label rt-postfix\">minutes<\/span><\/span><p class=\"isSelectedEnd\">En int\u00e9grant \u00e9galement la respiration et la visualisation, <a href=\"http:\/\/www.faceyogavole.com\" target=\"_blank\" rel=\"noopener\">Face Yoga Vole<\/a> va au-del\u00e0 de l\u2019apparence : la pratique invite \u00e0 rel\u00e2cher les tensions, \u00e0 se recentrer et \u00e0 retrouver un meilleur \u00e9quilibre int\u00e9rieur. Quelques minutes par jour suffisent ainsi pour accorder de l\u2019attention \u00e0 son visage\u2026 et \u00e0 soi-m\u00eame.<\/p>\n<h3>Beaut\u00e9 durable : l&rsquo;\u00e9quilibre entre bien-\u00eatre et \u00e9thique<\/h3>\n<p class=\"isSelectedEnd\">Le Face Yoga s\u2019inscrit dans une approche holistique et durable de la beaut\u00e9, attentive \u00e0 la fois \u00e0 la sant\u00e9 de la peau, au bien-\u00eatre et \u00e0 l\u2019environnement.<\/p>\n<p class=\"isSelectedEnd\">Bien plus qu\u2019une simple routine esth\u00e9tique, cette pratique nous invite \u00e0 nous reconnecter \u00e0 notre visage et \u00e0 porter sur nous-m\u00eames un regard plus doux et bienveillant. Les gestes, la respiration et les moments de pause qu\u2019elle instaure peuvent contribuer \u00e0 apaiser les tensions et le stress, tout en favorisant un \u00e9tat d\u2019esprit plus calme et positif.<\/p>\n<p class=\"isSelectedEnd\">Associ\u00e9 \u00e0 des soins naturels, le Face Yoga trouve \u00e9galement sa place dans une routine beaut\u00e9 plus consciente. Les massages et exercices stimulent la circulation, accompagnent les m\u00e9canismes naturels de la peau et mobilisent les muscles du visage. L\u2019objectif : entretenir leur vitalit\u00e9 et leur fermet\u00e9, tout en privil\u00e9giant une approche non invasive.<\/p>\n<p class=\"isSelectedEnd\">Cette m\u00e9thode offre ainsi une alternative simple pour celles et ceux qui souhaitent limiter le recours \u00e0 des interventions esth\u00e9tiques ou \u00e0 une accumulation de soins parfois co\u00fbteux. Une autre mani\u00e8re d\u2019envisager la beaut\u00e9 : plus douce, plus accessible et davantage tourn\u00e9e vers le long terme.<\/p>\n<p class=\"isSelectedEnd\">Adopter le Face Yoga, c\u2019est finalement choisir une pratique \u00e0 la crois\u00e9e de la beaut\u00e9 et du bien-\u00eatre, qui demande peu de mat\u00e9riel et seulement quelques minutes de son temps. Une approche naturelle et responsable, en accord avec une vision plus durable de la beaut\u00e9.<\/p>\n<h3>Investir en soi ne co\u00fbte rien\u2026 si ce n\u2019est un peu de temps<\/h3>\n<p class=\"isSelectedEnd\">Quelques minutes suffisent pour r\u00e9veiller les muscles du visage, d\u00e9tendre les traits et s\u2019accorder un moment rien qu\u2019\u00e0 soi. Lors d\u2019une s\u00e9ance, d\u00e9couvrez comment fonctionne votre visage et apprenez des gestes simples pour stimuler, tonifier et d\u00e9tendre ses muscles au quotidien. Une routine facile \u00e0 int\u00e9grer dans votre journ\u00e9e pour entretenir la tonicit\u00e9 du visage et accompagner la peau au fil du temps. On s&rsquo;y met ?<\/p>\n<p>&nbsp;<\/p>\n","protected":false},"excerpt":{"rendered":"<p><span class=\"span-reading-time rt-reading-time\" style=\"display: block;\"><span class=\"rt-label rt-prefix\">Reading Time: <\/span> <span class=\"rt-time\"> 2<\/span> <span class=\"rt-label rt-postfix\">minutes<\/span><\/span>En int\u00e9grant \u00e9galement la respiration et la visualisation, Face Yoga [&hellip;]<\/p>\n","protected":false},"author":24,"featured_media":65418,"comment_status":"open","ping_status":"closed","sticky":false,"template":"","format":"standard","meta":{"_lmt_disableupdate":"no","_lmt_disable":"","footnotes":""},"categories":[1113,1112,1107],"tags":[],"class_list":["post-65416","post","type-post","status-publish","format-standard","has-post-thumbnail","hentry","category-anti-age","category-beaute","category-bien-vieillir"],"yoast_head":"<!-- This site is optimized with the Yoast SEO plugin v26.3 - https:\/\/yoast.com\/wordpress\/plugins\/seo\/ -->\n<title>Face yoga : Quelques minutes par jour pour prendre soin de soi - Fifty &amp; Me MAGAZINE<\/title>\n<meta name=\"description\" content=\"Une routine facile \u00e0 int\u00e9grer dans votre journ\u00e9e pour entretenir la tonicit\u00e9 du visage et accompagner la peau au fil du temps. On s&#039;y met ?\" \/>\n<meta name=\"robots\" content=\"index, follow, max-snippet:-1, max-image-preview:large, max-video-preview:-1\" \/>\n<link rel=\"canonical\" href=\"https:\/\/www.fiftyandmemagazine.be\/fr\/beaute\/face-yoga-quelques-minutes-par-jour-pour-prendre-soin-de-soi\" \/>\n<meta property=\"og:locale\" content=\"fr_FR\" \/>\n<meta property=\"og:type\" content=\"article\" \/>\n<meta property=\"og:title\" content=\"Face yoga : Quelques minutes par jour pour prendre soin de soi - Fifty &amp; Me MAGAZINE\" \/>\n<meta property=\"og:description\" content=\"Une routine facile \u00e0 int\u00e9grer dans votre journ\u00e9e pour entretenir la tonicit\u00e9 du visage et accompagner la peau au fil du temps. On s&#039;y met ?\" \/>\n<meta property=\"og:url\" content=\"https:\/\/www.fiftyandmemagazine.be\/fr\/beaute\/face-yoga-quelques-minutes-par-jour-pour-prendre-soin-de-soi\" \/>\n<meta property=\"og:site_name\" content=\"Fifty &amp; Me MAGAZINE\" \/>\n<meta property=\"article:published_time\" content=\"2026-09-04T11:09:48+00:00\" \/>\n<meta property=\"og:image\" content=\"https:\/\/www.fiftyandmemagazine.be\/fr\/wp-content\/uploads\/2026\/09\/chatgpt-image-4-sept-2026-13-08-55.jpg\" \/>\n\t<meta property=\"og:image:width\" content=\"1536\" \/>\n\t<meta property=\"og:image:height\" content=\"1024\" \/>\n\t<meta property=\"og:image:type\" content=\"image\/jpeg\" \/>\n<meta name=\"author\" content=\"Magali Duqu\u00e9\" \/>\n<meta name=\"twitter:card\" content=\"summary_large_image\" \/>\n<meta name=\"twitter:label1\" content=\"\u00c9crit par\" \/>\n\t<meta name=\"twitter:data1\" content=\"Magali Duqu\u00e9\" \/>\n\t<meta name=\"twitter:label2\" content=\"Dur\u00e9e de lecture estim\u00e9e\" \/>\n\t<meta name=\"twitter:data2\" content=\"3 minutes\" \/>\n<script type=\"application\/ld+json\" class=\"yoast-schema-graph\">{\"@context\":\"https:\/\/schema.org\",\"@graph\":[{\"@type\":\"WebPage\",\"@id\":\"https:\/\/www.fiftyandmemagazine.be\/fr\/beaute\/face-yoga-quelques-minutes-par-jour-pour-prendre-soin-de-soi\",\"url\":\"https:\/\/www.fiftyandmemagazine.be\/fr\/beaute\/face-yoga-quelques-minutes-par-jour-pour-prendre-soin-de-soi\",\"name\":\"Face yoga : Quelques minutes par jour pour prendre soin de soi - Fifty &amp; Me MAGAZINE\",\"isPartOf\":{\"@id\":\"https:\/\/www.fiftyandmemagazine.be\/fr\/#website\"},\"primaryImageOfPage\":{\"@id\":\"https:\/\/www.fiftyandmemagazine.be\/fr\/beaute\/face-yoga-quelques-minutes-par-jour-pour-prendre-soin-de-soi#primaryimage\"},\"image\":{\"@id\":\"https:\/\/www.fiftyandmemagazine.be\/fr\/beaute\/face-yoga-quelques-minutes-par-jour-pour-prendre-soin-de-soi#primaryimage\"},\"thumbnailUrl\":\"https:\/\/www.fiftyandmemagazine.be\/fr\/wp-content\/uploads\/2026\/09\/chatgpt-image-4-sept-2026-13-08-55.jpg\",\"datePublished\":\"2026-09-04T11:09:48+00:00\",\"author\":{\"@id\":\"https:\/\/www.fiftyandmemagazine.be\/fr\/#\/schema\/person\/2e5af1642eba6ca5bc1a3b57188ddb21\"},\"description\":\"Une routine facile \u00e0 int\u00e9grer dans votre journ\u00e9e pour entretenir la tonicit\u00e9 du visage et accompagner la peau au fil du temps. On s'y met ?\",\"breadcrumb\":{\"@id\":\"https:\/\/www.fiftyandmemagazine.be\/fr\/beaute\/face-yoga-quelques-minutes-par-jour-pour-prendre-soin-de-soi#breadcrumb\"},\"inLanguage\":\"fr-FR\",\"potentialAction\":[{\"@type\":\"ReadAction\",\"target\":[\"https:\/\/www.fiftyandmemagazine.be\/fr\/beaute\/face-yoga-quelques-minutes-par-jour-pour-prendre-soin-de-soi\"]}]},{\"@type\":\"ImageObject\",\"inLanguage\":\"fr-FR\",\"@id\":\"https:\/\/www.fiftyandmemagazine.be\/fr\/beaute\/face-yoga-quelques-minutes-par-jour-pour-prendre-soin-de-soi#primaryimage\",\"url\":\"https:\/\/www.fiftyandmemagazine.be\/fr\/wp-content\/uploads\/2026\/09\/chatgpt-image-4-sept-2026-13-08-55.jpg\",\"contentUrl\":\"https:\/\/www.fiftyandmemagazine.be\/fr\/wp-content\/uploads\/2026\/09\/chatgpt-image-4-sept-2026-13-08-55.jpg\",\"width\":1536,\"height\":1024},{\"@type\":\"BreadcrumbList\",\"@id\":\"https:\/\/www.fiftyandmemagazine.be\/fr\/beaute\/face-yoga-quelques-minutes-par-jour-pour-prendre-soin-de-soi#breadcrumb\",\"itemListElement\":[{\"@type\":\"ListItem\",\"position\":1,\"name\":\"Beaut\u00e9\",\"item\":\"https:\/\/www.fiftyandmemagazine.be\/fr\/beaute\"},{\"@type\":\"ListItem\",\"position\":2,\"name\":\"Face yoga : Quelques minutes par jour pour prendre soin de soi\"}]},{\"@type\":\"WebSite\",\"@id\":\"https:\/\/www.fiftyandmemagazine.be\/fr\/#website\",\"url\":\"https:\/\/www.fiftyandmemagazine.be\/fr\/\",\"name\":\"Fifty &amp; Me MAGAZINE\",\"description\":\"Et si la vie commen\u00e7ait \u00e0 50 ans ?\",\"potentialAction\":[{\"@type\":\"SearchAction\",\"target\":{\"@type\":\"EntryPoint\",\"urlTemplate\":\"https:\/\/www.fiftyandmemagazine.be\/fr\/?s={search_term_string}\"},\"query-input\":{\"@type\":\"PropertyValueSpecification\",\"valueRequired\":true,\"valueName\":\"search_term_string\"}}],\"inLanguage\":\"fr-FR\"},{\"@type\":\"Person\",\"@id\":\"https:\/\/www.fiftyandmemagazine.be\/fr\/#\/schema\/person\/2e5af1642eba6ca5bc1a3b57188ddb21\",\"name\":\"Magali Duqu\u00e9\",\"url\":\"https:\/\/www.fiftyandmemagazine.be\/fr\/author\/mdueditionventures-be\"}]}<\/script>\n<!-- \/ Yoast SEO plugin. -->","yoast_head_json":{"title":"Face yoga : Quelques minutes par jour pour prendre soin de soi - Fifty &amp; Me MAGAZINE","description":"Une routine facile \u00e0 int\u00e9grer dans votre journ\u00e9e pour entretenir la tonicit\u00e9 du visage et accompagner la peau au fil du temps. On s'y met ?","robots":{"index":"index","follow":"follow","max-snippet":"max-snippet:-1","max-image-preview":"max-image-preview:large","max-video-preview":"max-video-preview:-1"},"canonical":"https:\/\/www.fiftyandmemagazine.be\/fr\/beaute\/face-yoga-quelques-minutes-par-jour-pour-prendre-soin-de-soi","og_locale":"fr_FR","og_type":"article","og_title":"Face yoga : Quelques minutes par jour pour prendre soin de soi - Fifty &amp; Me MAGAZINE","og_description":"Une routine facile \u00e0 int\u00e9grer dans votre journ\u00e9e pour entretenir la tonicit\u00e9 du visage et accompagner la peau au fil du temps. On s'y met ?","og_url":"https:\/\/www.fiftyandmemagazine.be\/fr\/beaute\/face-yoga-quelques-minutes-par-jour-pour-prendre-soin-de-soi","og_site_name":"Fifty &amp; Me MAGAZINE","article_published_time":"2026-09-04T11:09:48+00:00","og_image":[{"width":1536,"height":1024,"url":"https:\/\/www.fiftyandmemagazine.be\/fr\/wp-content\/uploads\/2026\/09\/chatgpt-image-4-sept-2026-13-08-55.jpg","type":"image\/jpeg"}],"author":"Magali Duqu\u00e9","twitter_card":"summary_large_image","twitter_misc":{"\u00c9crit par":"Magali Duqu\u00e9","Dur\u00e9e de lecture estim\u00e9e":"3 minutes"},"schema":{"@context":"https:\/\/schema.org","@graph":[{"@type":"WebPage","@id":"https:\/\/www.fiftyandmemagazine.be\/fr\/beaute\/face-yoga-quelques-minutes-par-jour-pour-prendre-soin-de-soi","url":"https:\/\/www.fiftyandmemagazine.be\/fr\/beaute\/face-yoga-quelques-minutes-par-jour-pour-prendre-soin-de-soi","name":"Face yoga : Quelques minutes par jour pour prendre soin de soi - Fifty &amp; Me MAGAZINE","isPartOf":{"@id":"https:\/\/www.fiftyandmemagazine.be\/fr\/#website"},"primaryImageOfPage":{"@id":"https:\/\/www.fiftyandmemagazine.be\/fr\/beaute\/face-yoga-quelques-minutes-par-jour-pour-prendre-soin-de-soi#primaryimage"},"image":{"@id":"https:\/\/www.fiftyandmemagazine.be\/fr\/beaute\/face-yoga-quelques-minutes-par-jour-pour-prendre-soin-de-soi#primaryimage"},"thumbnailUrl":"https:\/\/www.fiftyandmemagazine.be\/fr\/wp-content\/uploads\/2026\/09\/chatgpt-image-4-sept-2026-13-08-55.jpg","datePublished":"2026-09-04T11:09:48+00:00","author":{"@id":"https:\/\/www.fiftyandmemagazine.be\/fr\/#\/schema\/person\/2e5af1642eba6ca5bc1a3b57188ddb21"},"description":"Une routine facile \u00e0 int\u00e9grer dans votre journ\u00e9e pour entretenir la tonicit\u00e9 du visage et accompagner la peau au fil du temps. On s'y met ?","breadcrumb":{"@id":"https:\/\/www.fiftyandmemagazine.be\/fr\/beaute\/face-yoga-quelques-minutes-par-jour-pour-prendre-soin-de-soi#breadcrumb"},"inLanguage":"fr-FR","potentialAction":[{"@type":"ReadAction","target":["https:\/\/www.fiftyandmemagazine.be\/fr\/beaute\/face-yoga-quelques-minutes-par-jour-pour-prendre-soin-de-soi"]}]},{"@type":"ImageObject","inLanguage":"fr-FR","@id":"https:\/\/www.fiftyandmemagazine.be\/fr\/beaute\/face-yoga-quelques-minutes-par-jour-pour-prendre-soin-de-soi#primaryimage","url":"https:\/\/www.fiftyandmemagazine.be\/fr\/wp-content\/uploads\/2026\/09\/chatgpt-image-4-sept-2026-13-08-55.jpg","contentUrl":"https:\/\/www.fiftyandmemagazine.be\/fr\/wp-content\/uploads\/2026\/09\/chatgpt-image-4-sept-2026-13-08-55.jpg","width":1536,"height":1024},{"@type":"BreadcrumbList","@id":"https:\/\/www.fiftyandmemagazine.be\/fr\/beaute\/face-yoga-quelques-minutes-par-jour-pour-prendre-soin-de-soi#breadcrumb","itemListElement":[{"@type":"ListItem","position":1,"name":"Beaut\u00e9","item":"https:\/\/www.fiftyandmemagazine.be\/fr\/beaute"},{"@type":"ListItem","position":2,"name":"Face yoga : Quelques minutes par jour pour prendre soin de soi"}]},{"@type":"WebSite","@id":"https:\/\/www.fiftyandmemagazine.be\/fr\/#website","url":"https:\/\/www.fiftyandmemagazine.be\/fr\/","name":"Fifty &amp; Me MAGAZINE","description":"Et si la vie commen\u00e7ait \u00e0 50 ans ?","potentialAction":[{"@type":"SearchAction","target":{"@type":"EntryPoint","urlTemplate":"https:\/\/www.fiftyandmemagazine.be\/fr\/?s={search_term_string}"},"query-input":{"@type":"PropertyValueSpecification","valueRequired":true,"valueName":"search_term_string"}}],"inLanguage":"fr-FR"},{"@type":"Person","@id":"https:\/\/www.fiftyandmemagazine.be\/fr\/#\/schema\/person\/2e5af1642eba6ca5bc1a3b57188ddb21","name":"Magali Duqu\u00e9","url":"https:\/\/www.fiftyandmemagazine.be\/fr\/author\/mdueditionventures-be"}]}},"modified_by":"Magali Duqu\u00e9","_links":{"self":[{"href":"https:\/\/www.fiftyandmemagazine.be\/fr\/wp-json\/wp\/v2\/posts\/65416","targetHints":{"allow":["GET"]}}],"collection":[{"href":"https:\/\/www.fiftyandmemagazine.be\/fr\/wp-json\/wp\/v2\/posts"}],"about":[{"href":"https:\/\/www.fiftyandmemagazine.be\/fr\/wp-json\/wp\/v2\/types\/post"}],"author":[{"embeddable":true,"href":"https:\/\/www.fiftyandmemagazine.be\/fr\/wp-json\/wp\/v2\/users\/24"}],"replies":[{"embeddable":true,"href":"https:\/\/www.fiftyandmemagazine.be\/fr\/wp-json\/wp\/v2\/comments?post=65416"}],"version-history":[{"count":1,"href":"https:\/\/www.fiftyandmemagazine.be\/fr\/wp-json\/wp\/v2\/posts\/65416\/revisions"}],"predecessor-version":[{"id":65417,"href":"https:\/\/www.fiftyandmemagazine.be\/fr\/wp-json\/wp\/v2\/posts\/65416\/revisions\/65417"}],"wp:featuredmedia":[{"embeddable":true,"href":"https:\/\/www.fiftyandmemagazine.be\/fr\/wp-json\/wp\/v2\/media\/65418"}],"wp:attachment":[{"href":"https:\/\/www.fiftyandmemagazine.be\/fr\/wp-json\/wp\/v2\/media?parent=65416"}],"wp:term":[{"taxonomy":"category","embeddable":true,"href":"https:\/\/www.fiftyandmemagazine.be\/fr\/wp-json\/wp\/v2\/categories?post=65416"},{"taxonomy":"post_tag","embeddable":true,"href":"https:\/\/www.fiftyandmemagazine.be\/fr\/wp-json\/wp\/v2\/tags?post=65416"}],"curies":[{"name":"wp","href":"https:\/\/api.w.org\/{rel}","templated":true}]}}