{"id":7738,"date":"2016-03-04T18:00:24","date_gmt":"2016-03-04T17:00:24","guid":{"rendered":"http:\/\/www.life-magazine.be\/fr\/?p=7738"},"modified":"2016-03-04T14:43:13","modified_gmt":"2016-03-04T13:43:13","slug":"acquisition-dune-maison-secondaire-a-letranger-noubliez-pas-sa-fiscalite","status":"publish","type":"post","link":"https:\/\/www.fiftyandmemagazine.be\/fr\/droit-et-argent\/acquisition-dune-maison-secondaire-a-letranger-noubliez-pas-sa-fiscalite","title":{"rendered":"Acquisition d\u2019une maison secondaire \u00e0 l\u2019\u00e9tranger : n\u2019oubliez pas sa fiscalit\u00e9 !"},"content":{"rendered":"<span class=\"span-reading-time rt-reading-time\" style=\"display: block;\"><span class=\"rt-label rt-prefix\">Reading Time: <\/span> <span class=\"rt-time\"> 3<\/span> <span class=\"rt-label rt-postfix\">minutes<\/span><\/span><p style=\"text-align: justify;\"><strong><span style=\"color: #ff6600;\">V<\/span>ous avez jet\u00e9 votre d\u00e9volu sur un lieu de vacances idyllique tel qu&rsquo;un mas en Provence, un appartement en Espagne ou un chalet en Suisse&#8230; Prix en baisse, taux de financement bas, climat avantageux sont autant de raisons pouvant vous inciter \u00e0 vous tourner vers l\u2019acquisition d\u2019une r\u00e9sidence secondaire \u00e0 l\u2019\u00e9tranger. Il vous faudra n\u00e9anmoins tenir compte des aspects fiscaux, parfois n\u00e9glig\u00e9s, qui en d\u00e9coulent.<\/strong><\/p>\n<p style=\"text-align: right;\"><em>Par Val\u00e9rie-Anne de Brauwere<\/em><\/p>\n<p style=\"text-align: justify;\">L\u2019acquisition de votre r\u00e9sidence secondaire sera soumise aux droits d\u2019enregistrement (\u00e9galement appel\u00e9s droits de mutation \u00e0 titre on\u00e9reux) dont les taux peuvent fortement varier selon les pays, mais \u00e9galement parfois selon les r\u00e9gions, telles que les Cantons (en Suisse) ou les Provinces (en Espagne). Mais peu de pays sont aussi chers que la Belgique en droits d\u2019enregistrement. Ainsi, la France est aux alentours de 5,09 % (\u00e0 la place des 10\u00a0% en Flandre et 12,5\u00a0% \u00e0 Bruxelles et en Wallonie). Ce taux est de 10\u00a0% en Italie et varie de 6 \u00e0 10 % en Espagne.<\/p>\n<p style=\"text-align: justify;\"><img loading=\"lazy\" decoding=\"async\" class=\"  wp-image-7739 aligncenter\" src=\"http:\/\/www.life-magazine.be\/fr\/wp-content\/uploads\/2015\/10\/life-magazine5.jpg\" alt=\"life-magazine\" width=\"387\" height=\"258\" srcset=\"https:\/\/www.fiftyandmemagazine.be\/fr\/wp-content\/uploads\/2015\/10\/life-magazine5.jpg 600w, https:\/\/www.fiftyandmemagazine.be\/fr\/wp-content\/uploads\/2015\/10\/life-magazine5-315x210.jpg 315w, https:\/\/www.fiftyandmemagazine.be\/fr\/wp-content\/uploads\/2015\/10\/life-magazine5-450x300.jpg 450w\" sizes=\"auto, (max-width: 387px) 100vw, 387px\" \/><\/p>\n<p style=\"text-align: justify;\">S\u2019il s\u2019agit d\u2019une nouvelle construction, l\u2019acquisition de votre r\u00e9sidence secondaire sera soumise \u00e0 la TVA.\u00a0Dans ces pays, les honoraires notariaux et frais et taxes divers peuvent par contre s\u2019av\u00e9rer plus \u00e9lev\u00e9s qu\u2019en Belgique.<\/p>\n<h1 style=\"text-align: justify;\"><span style=\"color: #ff6600;\">En vitesse de croisi\u00e8re<\/span><\/h1>\n<p style=\"text-align: justify;\">Renseignez-vous sur les taxes \u00e0 payer localement pour votre seconde r\u00e9sidence\u00a0: taxe fonci\u00e8re, taxe d\u2019habitation, taxe sur les secondes r\u00e9sidences, taxe sur les ordures, etc. Les \u00c9tats sont souvent imaginatifs pour taxer les secondes r\u00e9sidences. Vous devrez en tenir compte dans votre budget annuel.Par ailleurs, ne croyez pas que le paiement de taxes dans le pays o\u00f9 se situe votre seconde r\u00e9sidence implique que vous n\u2019ayez aucune obligation d\u00e9clarative en Belgique.<\/p>\n<p style=\"text-align: justify;\">Vous devez mentionner dans votre d\u00e9claration fiscale annuelle les loyers que vous percevez. M\u00eame si vous ne louez pas votre seconde r\u00e9sidence, vous devez mentionner sa \u00ab\u00a0valeur locative\u00a0\u00bb, qui correspond aux loyers que vous pourriez en obtenir si vous la mettiez en location. L\u2019administration admet g\u00e9n\u00e9ralement qu\u2019on prenne comme base la valeur locative en France \u00e0 diminuer de la taxe d\u2019habitation et de la taxe fonci\u00e8re.<\/p>\n<p style=\"text-align: justify;\"><img loading=\"lazy\" decoding=\"async\" class=\"  wp-image-7740 aligncenter\" src=\"http:\/\/www.life-magazine.be\/fr\/wp-content\/uploads\/2015\/10\/life-magazine11.jpg\" alt=\"life-magazine1\" width=\"368\" height=\"253\" srcset=\"https:\/\/www.fiftyandmemagazine.be\/fr\/wp-content\/uploads\/2015\/10\/life-magazine11.jpg 1000w, https:\/\/www.fiftyandmemagazine.be\/fr\/wp-content\/uploads\/2015\/10\/life-magazine11-768x528.jpg 768w, https:\/\/www.fiftyandmemagazine.be\/fr\/wp-content\/uploads\/2015\/10\/life-magazine11-315x216.jpg 315w\" sizes=\"auto, (max-width: 368px) 100vw, 368px\" \/><\/p>\n<p style=\"text-align: justify;\">Ces loyers ou cette valeur locative ne sont pas imposables en Belgique, mais interviennent dans le \u00ab\u00a0calcul de progressivit\u00e9\u00a0\u00bb de votre imp\u00f4t. Il s\u2019ensuit que vos revenus du travail ou votre pension seront tax\u00e9s \u00e0 un taux moyen plus \u00e9lev\u00e9.<\/p>\n<p style=\"text-align: justify;\">La Cour de Justice europ\u00e9enne vient cependant de condamner le r\u00e9gime d\u2019imposition belge des revenus immobiliers \u00e9trangers. En mati\u00e8re d&rsquo;immeubles non lou\u00e9s, le droit belge pr\u00e9voit une r\u00e8gle diff\u00e9rente de d\u00e9termination du revenu imposable selon que l&rsquo;immeuble est situ\u00e9 en Belgique ou \u00e0 l&rsquo;\u00e9tranger : dans le premier cas, le revenu est d\u00e9termin\u00e9 sur base du revenu cadastral, tandis que dans le second cas, il est \u00e9gal \u00e0 la \u00ab\u00a0valeur locative\u00a0\u00bb du bien, qui est g\u00e9n\u00e9ralement sup\u00e9rieure au revenu cadastral. Ces r\u00e8gles aboutissent g\u00e9n\u00e9ralement \u00e0 ce qu&rsquo;un r\u00e9sident belge voit ses biens immobiliers \u00e9trangers, qui ne sont pas donn\u00e9s en location, tax\u00e9s sur une base sup\u00e9rieure aux m\u00eames biens situ\u00e9s en Belgique.\u00a0La Belgique devra d\u00e8s lors adapter sa l\u00e9gislation sur ce point.<\/p>\n<h1 style=\"text-align: justify;\"><span style=\"color: #ff6600;\">Vendre un jour, peut-\u00eatre\u00a0?<img loading=\"lazy\" decoding=\"async\" class=\"  wp-image-7742 aligncenter\" src=\"http:\/\/www.life-magazine.be\/fr\/wp-content\/uploads\/2015\/10\/shutterstock_274836641.jpg\" alt=\"life-magazine\" width=\"374\" height=\"249\" srcset=\"https:\/\/www.fiftyandmemagazine.be\/fr\/wp-content\/uploads\/2015\/10\/shutterstock_274836641.jpg 1000w, https:\/\/www.fiftyandmemagazine.be\/fr\/wp-content\/uploads\/2015\/10\/shutterstock_274836641-768x512.jpg 768w, https:\/\/www.fiftyandmemagazine.be\/fr\/wp-content\/uploads\/2015\/10\/shutterstock_274836641-315x210.jpg 315w, https:\/\/www.fiftyandmemagazine.be\/fr\/wp-content\/uploads\/2015\/10\/shutterstock_274836641-450x300.jpg 450w\" sizes=\"auto, (max-width: 374px) 100vw, 374px\" \/><\/span><\/h1>\n<p style=\"text-align: justify;\">Voussouhaitez certainement, aujourd\u2019hui, conserver cette seconde r\u00e9sidence sur du long terme. Mais peut-\u00eatre un jour changerez-vous d\u2019avis, parce que vous voudrez acqu\u00e9rir une autre seconde r\u00e9sidence, ailleurs, moins loin, plus au soleil\u2026<\/p>\n<p style=\"text-align: justify;\">En Belgique, les plus-values immobili\u00e8res ne sont, en r\u00e8gle, pas imposables. Mais la plupart des pays pr\u00e9voient une imposition des plus-values immobili\u00e8res. Ainsi, la France impose au taux de 19\u00a0% les plus-values immobili\u00e8res, avec un \u00ab\u00a0amortissement\u00a0\u00bb sur 30\u00a0ans. Ce n\u2019est ainsi qu\u2019apr\u00e8s 30 ans de d\u00e9tention que vous ne paierez plus d\u2019imp\u00f4t sur votre plus-value. En Italie, les plus-values sur immeubles sont imposables, si l&rsquo;immeuble est revendu dans les cinq ans de son acquisition. La plus-value est alors impos\u00e9e au titre de revenu divers. En Espagne, la plus-value est en r\u00e8gle impos\u00e9e au taux de 21 %.<\/p>\n<p style=\"text-align: justify;\">Dans certains cas, vous pouvez d\u00e9duire du montant de la plus-value les travaux effectu\u00e9s. Donc n\u2019oubliez pas de conserver vos factures.<\/p>\n<p style=\"text-align: justify;\">En conclusion, n\u2019h\u00e9sitez pas \u00e0 fondre sur votre coup de c\u0153ur de l\u2019\u00e9t\u00e9, \u00e0 profiter du soleil m\u00e9ridional, \u00e0 esp\u00e9rer une plus-value en cas de revente de votre seconde r\u00e9sidence\u2026 mais faites-le en toute intelligence, en connaissant au pr\u00e9alable les r\u00e8gles fiscales du jeu.<\/p>\n<hr \/>\n<p style=\"text-align: justify;\">\n","protected":false},"excerpt":{"rendered":"<p><span class=\"span-reading-time rt-reading-time\" style=\"display: block;\"><span class=\"rt-label rt-prefix\">Reading Time: <\/span> <span class=\"rt-time\"> 3<\/span> <span class=\"rt-label rt-postfix\">minutes<\/span><\/span>Vous avez jet\u00e9 votre d\u00e9volu sur un lieu de vacances idyllique tel qu&rsquo;un mas en Provence, un appartement en Espagne ou un chalet en Suisse&#8230; Prix en baisse, taux de financement bas, climat avantageux sont autant de raisons pouvant vous inciter \u00e0 vous tourner vers l\u2019acquisition d\u2019une r\u00e9sidence secondaire \u00e0 l\u2019\u00e9tranger. Il vous faudra n\u00e9anmoins tenir compte des aspects fiscaux, parfois n\u00e9glig\u00e9s, qui en d\u00e9coulent.<\/p>\n","protected":false},"author":2,"featured_media":7741,"comment_status":"open","ping_status":"closed","sticky":false,"template":"","format":"standard","meta":{"_lmt_disableupdate":"","_lmt_disable":"","footnotes":""},"categories":[4],"tags":[762],"class_list":["post-7738","post","type-post","status-publish","format-standard","has-post-thumbnail","hentry","category-droit-et-argent","tag-patrimoine"],"yoast_head":"<!-- This site is optimized with the Yoast SEO plugin v26.3 - https:\/\/yoast.com\/wordpress\/plugins\/seo\/ -->\n<title>Acquisition d\u2019une maison secondaire \u00e0 l\u2019\u00e9tranger : n\u2019oubliez pas sa fiscalit\u00e9 ! - Fifty &amp; Me MAGAZINE<\/title>\n<meta name=\"robots\" content=\"index, follow, max-snippet:-1, max-image-preview:large, max-video-preview:-1\" \/>\n<link rel=\"canonical\" href=\"https:\/\/www.fiftyandmemagazine.be\/fr\/droit-et-argent\/acquisition-dune-maison-secondaire-a-letranger-noubliez-pas-sa-fiscalite\" \/>\n<meta property=\"og:locale\" content=\"fr_FR\" \/>\n<meta property=\"og:type\" content=\"article\" \/>\n<meta property=\"og:title\" content=\"Acquisition d\u2019une maison secondaire \u00e0 l\u2019\u00e9tranger : n\u2019oubliez pas sa fiscalit\u00e9 ! - Fifty &amp; Me MAGAZINE\" \/>\n<meta property=\"og:description\" content=\"Reading Time:  3 minutesVous avez jet\u00e9 votre d\u00e9volu sur un lieu de vacances idyllique tel qu&#039;un mas en Provence, un appartement en Espagne ou un chalet en Suisse... Prix en baisse, taux de financement bas, climat avantageux sont autant de raisons pouvant vous inciter \u00e0 vous tourner vers l\u2019acquisition d\u2019une r\u00e9sidence secondaire \u00e0 l\u2019\u00e9tranger. Il vous faudra n\u00e9anmoins tenir compte des aspects fiscaux, parfois n\u00e9glig\u00e9s, qui en d\u00e9coulent.\" \/>\n<meta property=\"og:url\" content=\"https:\/\/www.fiftyandmemagazine.be\/fr\/droit-et-argent\/acquisition-dune-maison-secondaire-a-letranger-noubliez-pas-sa-fiscalite\" \/>\n<meta property=\"og:site_name\" content=\"Fifty &amp; Me MAGAZINE\" \/>\n<meta property=\"article:published_time\" content=\"2016-03-04T17:00:24+00:00\" \/>\n<meta property=\"og:image\" content=\"https:\/\/www.fiftyandmemagazine.be\/fr\/wp-content\/uploads\/2015\/10\/UNE-life-magazine20.jpg\" \/>\n\t<meta property=\"og:image:width\" content=\"600\" \/>\n\t<meta property=\"og:image:height\" content=\"520\" \/>\n\t<meta property=\"og:image:type\" content=\"image\/jpeg\" \/>\n<meta name=\"author\" content=\"Ga\u00eblle Mauroit\" \/>\n<meta name=\"twitter:card\" content=\"summary_large_image\" \/>\n<meta name=\"twitter:label1\" content=\"\u00c9crit par\" \/>\n\t<meta name=\"twitter:data1\" content=\"Ga\u00eblle Mauroit\" \/>\n\t<meta name=\"twitter:label2\" content=\"Dur\u00e9e de lecture estim\u00e9e\" \/>\n\t<meta name=\"twitter:data2\" content=\"4 minutes\" \/>\n<script type=\"application\/ld+json\" class=\"yoast-schema-graph\">{\"@context\":\"https:\/\/schema.org\",\"@graph\":[{\"@type\":\"WebPage\",\"@id\":\"https:\/\/www.fiftyandmemagazine.be\/fr\/droit-et-argent\/acquisition-dune-maison-secondaire-a-letranger-noubliez-pas-sa-fiscalite\",\"url\":\"https:\/\/www.fiftyandmemagazine.be\/fr\/droit-et-argent\/acquisition-dune-maison-secondaire-a-letranger-noubliez-pas-sa-fiscalite\",\"name\":\"Acquisition d\u2019une maison secondaire \u00e0 l\u2019\u00e9tranger : n\u2019oubliez pas sa fiscalit\u00e9 ! - Fifty &amp; Me MAGAZINE\",\"isPartOf\":{\"@id\":\"https:\/\/www.fiftyandmemagazine.be\/fr\/#website\"},\"primaryImageOfPage\":{\"@id\":\"https:\/\/www.fiftyandmemagazine.be\/fr\/droit-et-argent\/acquisition-dune-maison-secondaire-a-letranger-noubliez-pas-sa-fiscalite#primaryimage\"},\"image\":{\"@id\":\"https:\/\/www.fiftyandmemagazine.be\/fr\/droit-et-argent\/acquisition-dune-maison-secondaire-a-letranger-noubliez-pas-sa-fiscalite#primaryimage\"},\"thumbnailUrl\":\"https:\/\/www.fiftyandmemagazine.be\/fr\/wp-content\/uploads\/2015\/10\/UNE-life-magazine20.jpg\",\"datePublished\":\"2016-03-04T17:00:24+00:00\",\"author\":{\"@id\":\"https:\/\/www.fiftyandmemagazine.be\/fr\/#\/schema\/person\/d73538edb012161ebf7d953b667bb15b\"},\"breadcrumb\":{\"@id\":\"https:\/\/www.fiftyandmemagazine.be\/fr\/droit-et-argent\/acquisition-dune-maison-secondaire-a-letranger-noubliez-pas-sa-fiscalite#breadcrumb\"},\"inLanguage\":\"fr-FR\",\"potentialAction\":[{\"@type\":\"ReadAction\",\"target\":[\"https:\/\/www.fiftyandmemagazine.be\/fr\/droit-et-argent\/acquisition-dune-maison-secondaire-a-letranger-noubliez-pas-sa-fiscalite\"]}]},{\"@type\":\"ImageObject\",\"inLanguage\":\"fr-FR\",\"@id\":\"https:\/\/www.fiftyandmemagazine.be\/fr\/droit-et-argent\/acquisition-dune-maison-secondaire-a-letranger-noubliez-pas-sa-fiscalite#primaryimage\",\"url\":\"https:\/\/www.fiftyandmemagazine.be\/fr\/wp-content\/uploads\/2015\/10\/UNE-life-magazine20.jpg\",\"contentUrl\":\"https:\/\/www.fiftyandmemagazine.be\/fr\/wp-content\/uploads\/2015\/10\/UNE-life-magazine20.jpg\",\"width\":600,\"height\":520},{\"@type\":\"BreadcrumbList\",\"@id\":\"https:\/\/www.fiftyandmemagazine.be\/fr\/droit-et-argent\/acquisition-dune-maison-secondaire-a-letranger-noubliez-pas-sa-fiscalite#breadcrumb\",\"itemListElement\":[{\"@type\":\"ListItem\",\"position\":1,\"name\":\"Droit et Argent\",\"item\":\"https:\/\/www.fiftyandmemagazine.be\/fr\/droit-et-argent\"},{\"@type\":\"ListItem\",\"position\":2,\"name\":\"Acquisition d\u2019une maison secondaire \u00e0 l\u2019\u00e9tranger : n\u2019oubliez pas sa fiscalit\u00e9 !\"}]},{\"@type\":\"WebSite\",\"@id\":\"https:\/\/www.fiftyandmemagazine.be\/fr\/#website\",\"url\":\"https:\/\/www.fiftyandmemagazine.be\/fr\/\",\"name\":\"Fifty &amp; Me MAGAZINE\",\"description\":\"Et si la vie commen\u00e7ait \u00e0 50 ans ?\",\"potentialAction\":[{\"@type\":\"SearchAction\",\"target\":{\"@type\":\"EntryPoint\",\"urlTemplate\":\"https:\/\/www.fiftyandmemagazine.be\/fr\/?s={search_term_string}\"},\"query-input\":{\"@type\":\"PropertyValueSpecification\",\"valueRequired\":true,\"valueName\":\"search_term_string\"}}],\"inLanguage\":\"fr-FR\"},{\"@type\":\"Person\",\"@id\":\"https:\/\/www.fiftyandmemagazine.be\/fr\/#\/schema\/person\/d73538edb012161ebf7d953b667bb15b\",\"name\":\"Ga\u00eblle Mauroit\",\"url\":\"https:\/\/www.fiftyandmemagazine.be\/fr\/author\/gaelle\"}]}<\/script>\n<!-- \/ Yoast SEO plugin. -->","yoast_head_json":{"title":"Acquisition d\u2019une maison secondaire \u00e0 l\u2019\u00e9tranger : n\u2019oubliez pas sa fiscalit\u00e9 ! - Fifty &amp; Me MAGAZINE","robots":{"index":"index","follow":"follow","max-snippet":"max-snippet:-1","max-image-preview":"max-image-preview:large","max-video-preview":"max-video-preview:-1"},"canonical":"https:\/\/www.fiftyandmemagazine.be\/fr\/droit-et-argent\/acquisition-dune-maison-secondaire-a-letranger-noubliez-pas-sa-fiscalite","og_locale":"fr_FR","og_type":"article","og_title":"Acquisition d\u2019une maison secondaire \u00e0 l\u2019\u00e9tranger : n\u2019oubliez pas sa fiscalit\u00e9 ! - Fifty &amp; Me MAGAZINE","og_description":"Reading Time:  3 minutesVous avez jet\u00e9 votre d\u00e9volu sur un lieu de vacances idyllique tel qu'un mas en Provence, un appartement en Espagne ou un chalet en Suisse... Prix en baisse, taux de financement bas, climat avantageux sont autant de raisons pouvant vous inciter \u00e0 vous tourner vers l\u2019acquisition d\u2019une r\u00e9sidence secondaire \u00e0 l\u2019\u00e9tranger. Il vous faudra n\u00e9anmoins tenir compte des aspects fiscaux, parfois n\u00e9glig\u00e9s, qui en d\u00e9coulent.","og_url":"https:\/\/www.fiftyandmemagazine.be\/fr\/droit-et-argent\/acquisition-dune-maison-secondaire-a-letranger-noubliez-pas-sa-fiscalite","og_site_name":"Fifty &amp; Me MAGAZINE","article_published_time":"2016-03-04T17:00:24+00:00","og_image":[{"width":600,"height":520,"url":"https:\/\/www.fiftyandmemagazine.be\/fr\/wp-content\/uploads\/2015\/10\/UNE-life-magazine20.jpg","type":"image\/jpeg"}],"author":"Ga\u00eblle Mauroit","twitter_card":"summary_large_image","twitter_misc":{"\u00c9crit par":"Ga\u00eblle Mauroit","Dur\u00e9e de lecture estim\u00e9e":"4 minutes"},"schema":{"@context":"https:\/\/schema.org","@graph":[{"@type":"WebPage","@id":"https:\/\/www.fiftyandmemagazine.be\/fr\/droit-et-argent\/acquisition-dune-maison-secondaire-a-letranger-noubliez-pas-sa-fiscalite","url":"https:\/\/www.fiftyandmemagazine.be\/fr\/droit-et-argent\/acquisition-dune-maison-secondaire-a-letranger-noubliez-pas-sa-fiscalite","name":"Acquisition d\u2019une maison secondaire \u00e0 l\u2019\u00e9tranger : n\u2019oubliez pas sa fiscalit\u00e9 ! - Fifty &amp; Me MAGAZINE","isPartOf":{"@id":"https:\/\/www.fiftyandmemagazine.be\/fr\/#website"},"primaryImageOfPage":{"@id":"https:\/\/www.fiftyandmemagazine.be\/fr\/droit-et-argent\/acquisition-dune-maison-secondaire-a-letranger-noubliez-pas-sa-fiscalite#primaryimage"},"image":{"@id":"https:\/\/www.fiftyandmemagazine.be\/fr\/droit-et-argent\/acquisition-dune-maison-secondaire-a-letranger-noubliez-pas-sa-fiscalite#primaryimage"},"thumbnailUrl":"https:\/\/www.fiftyandmemagazine.be\/fr\/wp-content\/uploads\/2015\/10\/UNE-life-magazine20.jpg","datePublished":"2016-03-04T17:00:24+00:00","author":{"@id":"https:\/\/www.fiftyandmemagazine.be\/fr\/#\/schema\/person\/d73538edb012161ebf7d953b667bb15b"},"breadcrumb":{"@id":"https:\/\/www.fiftyandmemagazine.be\/fr\/droit-et-argent\/acquisition-dune-maison-secondaire-a-letranger-noubliez-pas-sa-fiscalite#breadcrumb"},"inLanguage":"fr-FR","potentialAction":[{"@type":"ReadAction","target":["https:\/\/www.fiftyandmemagazine.be\/fr\/droit-et-argent\/acquisition-dune-maison-secondaire-a-letranger-noubliez-pas-sa-fiscalite"]}]},{"@type":"ImageObject","inLanguage":"fr-FR","@id":"https:\/\/www.fiftyandmemagazine.be\/fr\/droit-et-argent\/acquisition-dune-maison-secondaire-a-letranger-noubliez-pas-sa-fiscalite#primaryimage","url":"https:\/\/www.fiftyandmemagazine.be\/fr\/wp-content\/uploads\/2015\/10\/UNE-life-magazine20.jpg","contentUrl":"https:\/\/www.fiftyandmemagazine.be\/fr\/wp-content\/uploads\/2015\/10\/UNE-life-magazine20.jpg","width":600,"height":520},{"@type":"BreadcrumbList","@id":"https:\/\/www.fiftyandmemagazine.be\/fr\/droit-et-argent\/acquisition-dune-maison-secondaire-a-letranger-noubliez-pas-sa-fiscalite#breadcrumb","itemListElement":[{"@type":"ListItem","position":1,"name":"Droit et Argent","item":"https:\/\/www.fiftyandmemagazine.be\/fr\/droit-et-argent"},{"@type":"ListItem","position":2,"name":"Acquisition d\u2019une maison secondaire \u00e0 l\u2019\u00e9tranger : n\u2019oubliez pas sa fiscalit\u00e9 !"}]},{"@type":"WebSite","@id":"https:\/\/www.fiftyandmemagazine.be\/fr\/#website","url":"https:\/\/www.fiftyandmemagazine.be\/fr\/","name":"Fifty &amp; Me MAGAZINE","description":"Et si la vie commen\u00e7ait \u00e0 50 ans ?","potentialAction":[{"@type":"SearchAction","target":{"@type":"EntryPoint","urlTemplate":"https:\/\/www.fiftyandmemagazine.be\/fr\/?s={search_term_string}"},"query-input":{"@type":"PropertyValueSpecification","valueRequired":true,"valueName":"search_term_string"}}],"inLanguage":"fr-FR"},{"@type":"Person","@id":"https:\/\/www.fiftyandmemagazine.be\/fr\/#\/schema\/person\/d73538edb012161ebf7d953b667bb15b","name":"Ga\u00eblle Mauroit","url":"https:\/\/www.fiftyandmemagazine.be\/fr\/author\/gaelle"}]}},"modified_by":"Magali Duqu\u00e9","_links":{"self":[{"href":"https:\/\/www.fiftyandmemagazine.be\/fr\/wp-json\/wp\/v2\/posts\/7738","targetHints":{"allow":["GET"]}}],"collection":[{"href":"https:\/\/www.fiftyandmemagazine.be\/fr\/wp-json\/wp\/v2\/posts"}],"about":[{"href":"https:\/\/www.fiftyandmemagazine.be\/fr\/wp-json\/wp\/v2\/types\/post"}],"author":[{"embeddable":true,"href":"https:\/\/www.fiftyandmemagazine.be\/fr\/wp-json\/wp\/v2\/users\/2"}],"replies":[{"embeddable":true,"href":"https:\/\/www.fiftyandmemagazine.be\/fr\/wp-json\/wp\/v2\/comments?post=7738"}],"version-history":[{"count":0,"href":"https:\/\/www.fiftyandmemagazine.be\/fr\/wp-json\/wp\/v2\/posts\/7738\/revisions"}],"wp:featuredmedia":[{"embeddable":true,"href":"https:\/\/www.fiftyandmemagazine.be\/fr\/wp-json\/wp\/v2\/media\/7741"}],"wp:attachment":[{"href":"https:\/\/www.fiftyandmemagazine.be\/fr\/wp-json\/wp\/v2\/media?parent=7738"}],"wp:term":[{"taxonomy":"category","embeddable":true,"href":"https:\/\/www.fiftyandmemagazine.be\/fr\/wp-json\/wp\/v2\/categories?post=7738"},{"taxonomy":"post_tag","embeddable":true,"href":"https:\/\/www.fiftyandmemagazine.be\/fr\/wp-json\/wp\/v2\/tags?post=7738"}],"curies":[{"name":"wp","href":"https:\/\/api.w.org\/{rel}","templated":true}]}}